{"id":15242,"date":"2022-03-09T00:55:04","date_gmt":"2022-03-09T03:55:04","guid":{"rendered":"https:\/\/revistaepocadigital.com.ar\/?p=15242"},"modified":"2022-03-09T00:55:04","modified_gmt":"2022-03-09T03:55:04","slug":"nuevo-mamografo-en-el-hospital-de-capilla","status":"publish","type":"post","link":"https:\/\/revistaepocadigital.com.ar\/?p=15242","title":{"rendered":"NUEVO MAM\u00d3GRAFO EN EL HOSPITAL DE CAPILLA"},"content":{"rendered":"<div class=\"kvgmc6g5 cxmmr5t8 oygrvhab hcukyx3x c1et5uql ii04i59q\">\n<div dir=\"auto\"><strong>TUVO LUGAR EL ACTO DE PRESENTACI\u00d3N DEL NUEVO EQUIPAMIENTO.<\/strong><\/div>\n<\/div>\n<p><!--more--><\/p>\n<div dir=\"auto\"><\/div>\n<div dir=\"auto\">En el D\u00eda de la Mujer Trabajadora, un evento de significaci\u00f3n tuvo lugar en el Hospital Municipal San Jos\u00e9 de Capilla del Se\u00f1or. Qued\u00f3 inaugurado para su funcionamiento, un nuevo y avanzado mam\u00f3grafo. El equipo de gran importancia y suma utilidad, vale destacar, fue donado por Patricio Calvo, del Parque Industrial Los Cardales.<\/div>\n<div dir=\"auto\"><\/div>\n<div class=\"cxmmr5t8 oygrvhab hcukyx3x c1et5uql o9v6fnle ii04i59q\">\n<div dir=\"auto\">La nueva herramienta t\u00e9cnica para el cuidado de la salud, es de \u00faltima tecnolog\u00eda; y su costo es elevado, 160 mil d\u00f3lares. Resulta fundamental para el diagn\u00f3stico temprano del c\u00e1ncer de mamas, dado que detecta lesiones m\u00e1s peque\u00f1as que no son palpables.<\/div>\n<div dir=\"auto\"><\/div>\n<\/div>\n<div dir=\"auto\"><a href=\"https:\/\/revistaepocadigital.com.ar\/wp-content\/uploads\/2022\/03\/mamoig.bmp\"><img loading=\"lazy\" decoding=\"async\" class=\"aligncenter size-full wp-image-15244\" src=\"https:\/\/revistaepocadigital.com.ar\/wp-content\/uploads\/2022\/03\/mamoig.bmp\" alt=\"\" width=\"565\" height=\"366\" \/><\/a><\/div>\n<div class=\"cxmmr5t8 oygrvhab hcukyx3x c1et5uql o9v6fnle ii04i59q\">\n<div dir=\"auto\"><\/div>\n<\/div>\n<div class=\"cxmmr5t8 oygrvhab hcukyx3x c1et5uql o9v6fnle ii04i59q\">\n<div dir=\"auto\">Del acto participaron autoridades municipales encabezadas por el intendente Diego Nanni, funcionarios y personal del \u00e1rea de salud, del hospital, adem\u00e1s de representantes del Rotary Club\u00a0 Capilla y de los Bomberos Voluntarios de Capilla del Se\u00f1or.<\/div>\n<\/div>\n<div class=\"cxmmr5t8 oygrvhab hcukyx3x c1et5uql o9v6fnle ii04i59q\">\n<div dir=\"auto\"><\/div>\n<div dir=\"auto\">En las pr\u00f3ximas dos semanas, m\u00e9dicas trabajadoras del Hospital estar\u00e1n capacitadas para utilizar esta herramienta al servicio de los vecinos.<\/div>\n<\/div>\n","protected":false},"excerpt":{"rendered":"<p>TUVO LUGAR EL ACTO DE PRESENTACI\u00d3N DEL NUEVO EQUIPAMIENTO.<\/p>\n","protected":false},"author":3,"featured_media":15243,"comment_status":"open","ping_status":"open","sticky":false,"template":"","format":"standard","meta":{"footnotes":"","jetpack_publicize_message":"","jetpack_publicize_feature_enabled":true,"jetpack_social_post_already_shared":false,"jetpack_social_options":{"image_generator_settings":{"template":"highway","default_image_id":0,"font":"","enabled":false},"version":2}},"categories":[17],"tags":[133,1793],"class_list":["post-15242","post","type-post","status-publish","format-standard","has-post-thumbnail","hentry","category-politica","tag-hospital","tag-nuevo-mamografo"],"jetpack_publicize_connections":[],"jetpack_featured_media_url":"https:\/\/revistaepocadigital.com.ar\/wp-content\/uploads\/2022\/03\/mamo.bmp","jetpack_likes_enabled":true,"_links":{"self":[{"href":"https:\/\/revistaepocadigital.com.ar\/index.php?rest_route=\/wp\/v2\/posts\/15242","targetHints":{"allow":["GET"]}}],"collection":[{"href":"https:\/\/revistaepocadigital.com.ar\/index.php?rest_route=\/wp\/v2\/posts"}],"about":[{"href":"https:\/\/revistaepocadigital.com.ar\/index.php?rest_route=\/wp\/v2\/types\/post"}],"author":[{"embeddable":true,"href":"https:\/\/revistaepocadigital.com.ar\/index.php?rest_route=\/wp\/v2\/users\/3"}],"replies":[{"embeddable":true,"href":"https:\/\/revistaepocadigital.com.ar\/index.php?rest_route=%2Fwp%2Fv2%2Fcomments&post=15242"}],"version-history":[{"count":0,"href":"https:\/\/revistaepocadigital.com.ar\/index.php?rest_route=\/wp\/v2\/posts\/15242\/revisions"}],"wp:featuredmedia":[{"embeddable":true,"href":"https:\/\/revistaepocadigital.com.ar\/index.php?rest_route=\/wp\/v2\/media\/15243"}],"wp:attachment":[{"href":"https:\/\/revistaepocadigital.com.ar\/index.php?rest_route=%2Fwp%2Fv2%2Fmedia&parent=15242"}],"wp:term":[{"taxonomy":"category","embeddable":true,"href":"https:\/\/revistaepocadigital.com.ar\/index.php?rest_route=%2Fwp%2Fv2%2Fcategories&post=15242"},{"taxonomy":"post_tag","embeddable":true,"href":"https:\/\/revistaepocadigital.com.ar\/index.php?rest_route=%2Fwp%2Fv2%2Ftags&post=15242"}],"curies":[{"name":"wp","href":"https:\/\/api.w.org\/{rel}","templated":true}]}}