{"id":15337,"date":"2022-03-16T08:50:30","date_gmt":"2022-03-16T11:50:30","guid":{"rendered":"https:\/\/revistaepocadigital.com.ar\/?p=15337"},"modified":"2022-03-16T08:50:30","modified_gmt":"2022-03-16T11:50:30","slug":"en-las-moras-se-viene-un-torneo-de-futbol","status":"publish","type":"post","link":"https:\/\/revistaepocadigital.com.ar\/?p=15337","title":{"rendered":"EN LAS MORAS SE VIENE UN TORNEO DE F\u00daTBOL"},"content":{"rendered":"<p><strong>LA INSCRIPCI\u00d3N EST\u00c1 ABIERTA. COMIENZA EL 9 DE ABRIL EN EL COMPLEJO GASTRON\u00d3MICO-DEPORTIVO LAS MORAS SOBRE LA RUTA 9.<\/strong><!--more--><\/p>\n<p><img loading=\"lazy\" decoding=\"async\" class=\"alignright size-full wp-image-15339\" src=\"https:\/\/revistaepocadigital.com.ar\/wp-content\/uploads\/2022\/03\/IMG_1568.png\" alt=\"\" width=\"443\" height=\"557\" srcset=\"https:\/\/revistaepocadigital.com.ar\/wp-content\/uploads\/2022\/03\/IMG_1568.png 443w, https:\/\/revistaepocadigital.com.ar\/wp-content\/uploads\/2022\/03\/IMG_1568-239x300.png 239w, https:\/\/revistaepocadigital.com.ar\/wp-content\/uploads\/2022\/03\/IMG_1568-334x420.png 334w\" sizes=\"auto, (max-width: 443px) 100vw, 443px\" \/><\/p>\n","protected":false},"excerpt":{"rendered":"<p>LA INSCRIPCI\u00d3N EST\u00c1 ABIERTA. COMIENZA EL 9 DE ABRIL EN EL COMPLEJO GASTRON\u00d3MICO-DEPORTIVO LAS MORAS SOBRE LA RUTA 9.<\/p>\n","protected":false},"author":3,"featured_media":15339,"comment_status":"open","ping_status":"open","sticky":false,"template":"","format":"standard","meta":{"footnotes":"","jetpack_publicize_message":"","jetpack_publicize_feature_enabled":true,"jetpack_social_post_already_shared":false,"jetpack_social_options":{"image_generator_settings":{"template":"highway","default_image_id":0,"font":"","enabled":false},"version":2}},"categories":[9],"tags":[1470,1802],"class_list":["post-15337","post","type-post","status-publish","format-standard","has-post-thumbnail","hentry","category-deportes","tag-las-moras","tag-torneo-futbol"],"jetpack_publicize_connections":[],"jetpack_featured_media_url":"https:\/\/revistaepocadigital.com.ar\/wp-content\/uploads\/2022\/03\/IMG_1568.png","jetpack_likes_enabled":true,"_links":{"self":[{"href":"https:\/\/revistaepocadigital.com.ar\/index.php?rest_route=\/wp\/v2\/posts\/15337","targetHints":{"allow":["GET"]}}],"collection":[{"href":"https:\/\/revistaepocadigital.com.ar\/index.php?rest_route=\/wp\/v2\/posts"}],"about":[{"href":"https:\/\/revistaepocadigital.com.ar\/index.php?rest_route=\/wp\/v2\/types\/post"}],"author":[{"embeddable":true,"href":"https:\/\/revistaepocadigital.com.ar\/index.php?rest_route=\/wp\/v2\/users\/3"}],"replies":[{"embeddable":true,"href":"https:\/\/revistaepocadigital.com.ar\/index.php?rest_route=%2Fwp%2Fv2%2Fcomments&post=15337"}],"version-history":[{"count":0,"href":"https:\/\/revistaepocadigital.com.ar\/index.php?rest_route=\/wp\/v2\/posts\/15337\/revisions"}],"wp:featuredmedia":[{"embeddable":true,"href":"https:\/\/revistaepocadigital.com.ar\/index.php?rest_route=\/wp\/v2\/media\/15339"}],"wp:attachment":[{"href":"https:\/\/revistaepocadigital.com.ar\/index.php?rest_route=%2Fwp%2Fv2%2Fmedia&parent=15337"}],"wp:term":[{"taxonomy":"category","embeddable":true,"href":"https:\/\/revistaepocadigital.com.ar\/index.php?rest_route=%2Fwp%2Fv2%2Fcategories&post=15337"},{"taxonomy":"post_tag","embeddable":true,"href":"https:\/\/revistaepocadigital.com.ar\/index.php?rest_route=%2Fwp%2Fv2%2Ftags&post=15337"}],"curies":[{"name":"wp","href":"https:\/\/api.w.org\/{rel}","templated":true}]}}