{"id":15349,"date":"2022-03-17T02:04:03","date_gmt":"2022-03-17T05:04:03","guid":{"rendered":"https:\/\/revistaepocadigital.com.ar\/?p=15349"},"modified":"2022-03-21T02:12:23","modified_gmt":"2022-03-21T05:12:23","slug":"no-tengo-mala-relacion-con-ninguna-agrupacion-y-en-mi-rol-como-intendente-tampoco-me-caso-con-ninguna","status":"publish","type":"post","link":"https:\/\/revistaepocadigital.com.ar\/?p=15349","title":{"rendered":"El intendente Nanni y la candidatura 2023. &#8220;Si los vecinos y vecinas, me acompa\u00f1an, seguramente insistir\u00e9&#8221;"},"content":{"rendered":"<p><strong>DIEGO NANNI. ENTREVISTA.<\/strong><!--more--><\/p>\n<p>Habl\u00f3 a solas con EPOCA. Deja entrever que ser\u00e1 nuevamente candidato a intendente en 2023; dice que no tiene mala relaci\u00f3n con agrupaciones como La C\u00e1mpora y que no se &#8220;casa&#8221; con ninguna agrupaci\u00f3n y niega enf\u00e1ticamente que el oficialismo haya tenido que ver con decisi\u00f3n de la concejal Ver\u00f3nica Dreier en su decisi\u00f3n de oponerse a la designaci\u00f3n de Ra\u00fal Sancho como presidente del Concejo Deliberante.<\/p>\n<p>&nbsp;<\/p>\n<p><strong>-Mantiene la idea de no ir por su reelecci\u00f3n como intendente en 2023?<\/strong><br \/>\n&#8211;<em>Creo que<strong> pude apresurarme, o mejor dicho mal expresarme en su momento.<\/strong> Yo no quiero dejar la impresi\u00f3n de que <strong>especulo con la perpetuidad en un cargo, y menos a\u00fan con un pueblo como el de Exaltaci\u00f3n de la Cruz, que espera respuestas hoy<\/strong>.<\/em><\/p>\n<p><em>Mi idea es trabajar siempre, en el presente y en la post pandemia durante el lapso de tiempo que me aguarda como intendente, con todas las ganas y energ\u00edas. Desde ya, con el objetivo de alcanzar concreciones, y definir lo que viene siendo esta din\u00e1mica de la gesti\u00f3n; <strong>seguramente m\u00e1s adelante llegar\u00e1 el momento de decidir.<\/strong><\/em><\/p>\n<p><em>Personalmente estoy convencido de lo que venimos proponiendo, y si<strong> los vecinos y vecinas, me acompa\u00f1an, seguramente insistir\u00e9<\/strong> y disfrutar\u00e9 de trabajar en un escenario menos hostil como el que ha sido el de la pandemia. La propuesta es clara,<strong> y el proyecto va a ameritar m\u00e1s tiempo para culminar lo empezado.<\/strong><\/em><\/p>\n<p>&#8211;<strong>Se presume, se percibe incluso, el avance pol\u00edtico de La C\u00e1mpora tambi\u00e9n en Exaltaci\u00f3n de la Cruz. \u00bfQue consideraciones puede hacer?, \u00bfc\u00f3mo es su relaci\u00f3n con La C\u00e1mpora del distrio?, \u00bfpuede que exijan mas lugares en las listas para las elecciones del a\u00f1o pr\u00f3ximo, y m\u00e1s preponderancia en el manejo municipal?<\/strong><\/p>\n<p>&#8211;<em>Yo entiendo al Frente de Todos como una alianza, en la cual todos los espacios de expresi\u00f3n que lo conforman tienen aspiraciones. Sin embargo, <strong>no veo que haya un espacio dominante<\/strong> en Exaltaci\u00f3n de la Cruz.\u00a0 <\/em><em>Prevalece siempre la gesti\u00f3n, lo institucional, la diaria que es lo que la realidad plantea. Y si hay cuestiones que se dirimen en estamentos de la Naci\u00f3n y Provincia, en el territorio todo es presencia del Estado, y la pol\u00edtica de Estado es la que habla m\u00e1s all\u00e1 de las banderas de las distintas agrupaciones.<\/em><\/p>\n<p><em>A nivel local, al margen del armado planteado desde m\u00e1s arriba, donde si se establecen lugares de poder tanto en el gobierno como en las listas de funcionarios y legisladores, el vecino siempre termina de definir y apoyar, a aquellos referentes que tienen mayor compromiso, sensibilidad y condiciones para representar en una banca o en una gesti\u00f3n, lo que en la calle se expresa.<\/em><\/p>\n<p><em>Haciendo honor a mi rol como intendente, para el cual fu\u00ed leg\u00edtimamente electo por el pueblo, siempre estar\u00e9 luchando para dar respuestas a lo que mi Patria Chica demanda. Y me pondr\u00e9 al frente de los requerimientos que los vecinos y vecinas necesiten en nuestro distrito para dignificar sus vidas, para que vivan como se merecen. Y<strong> NO encuentro ninguna bandera de ninguna agrupaci\u00f3n que tenga la verdad absoluta<\/strong>, mientras que se da<strong> una comuni\u00f3n de todo un pueblo que cuenta con un \u00fanico intendente<\/strong>, y es quien debe dar respuestas al 100% de los habitantes de nuestra comunidad. Y en cuanto a las agrupaciones pol\u00edticas, <strong>no tengo mala relaci\u00f3n con ninguna agrupaci\u00f3n, y en mi rol como intendente de Exaltaci\u00f3n de la Cruz, tampoco me &#8220;caso&#8221; con ninguna<\/strong>.<\/em><\/p>\n<p>&nbsp;<\/p>\n<p style=\"text-align: center;\"><a href=\"https:\/\/revistaepocadigital.com.ar\/wp-content\/uploads\/2022\/03\/NHL-1.bmp\"><img loading=\"lazy\" decoding=\"async\" class=\"aligncenter size-full wp-image-15367\" src=\"https:\/\/revistaepocadigital.com.ar\/wp-content\/uploads\/2022\/03\/NHL-1.bmp\" alt=\"\" width=\"363\" height=\"270\" \/>Nanni, habl\u00f3 con EPOCA.<\/a><\/p>\n<p><strong>-No se ha conocido su parecer sobre el tan sonado caso de la concejal por Juntos, Ver\u00f3nica Dreier, que tanto revuelo ha causado as\u00ed como las furiosas cr\u00edticas recibidas por la concejal, de las que no ha estado exento el oficialismo. Dreier, \u00bfdefraud\u00f3 o traicion\u00f3 a sus votantes?<\/strong><\/p>\n<p>&#8211;<em>Creo que las explicaciones del caso, las tienen que dar Ra\u00fal Sancho como referente del espacio Juntos; Dreier como referente y militante radical, y NO\u00a0 (enfatiza) sacar conclusiones apresuradas sin escuchar todas las campanas. <strong>Lo \u00fanico que puedo asegurar, es que NADA tiene que ver el oficialismo con el desentendimiento entre las partes,<\/strong> y en c\u00f3mo se da en la actualidad la convivencia en el HCD.<\/em><\/p>\n<p><em>Desde ya, me refiero a que siempre exista el respeto a la diversidad de ideolog\u00edas y jam\u00e1s aceptando agravios entre las partes. El oficialismo enfoca en la gesti\u00f3n todo el trabajo, y siempre invita a acompa\u00f1ar para aportar a la construcci\u00f3n lo mejor posible. <strong>Hay quien lo entiende de esa manera, y hay quien hace del recinto del HCD un b\u00fanker de campa\u00f1a permanente, y busca en las redes sociales una caja de resonancia para instalar temas en la sociedad que NO son comunicados con responsabilidad\u2026<\/strong> Cada cual debe hacerse cargo de c\u00f3mo se toma la responsabilidad delegada por la gente que los elige.\u00a0As\u00ed debe ser.<\/em><\/p>\n<p>&nbsp;<\/p>\n","protected":false},"excerpt":{"rendered":"<p>DIEGO NANNI. ENTREVISTA.<\/p>\n","protected":false},"author":4,"featured_media":15423,"comment_status":"open","ping_status":"open","sticky":false,"template":"","format":"standard","meta":{"footnotes":"","jetpack_publicize_message":"","jetpack_publicize_feature_enabled":true,"jetpack_social_post_already_shared":false,"jetpack_social_options":{"image_generator_settings":{"template":"highway","default_image_id":0,"font":"","enabled":false},"version":2}},"categories":[17],"tags":[1694,66,1804],"class_list":["post-15349","post","type-post","status-publish","format-standard","has-post-thumbnail","hentry","category-politica","tag-dreier","tag-nanni","tag-reeleccion"],"jetpack_publicize_connections":[],"jetpack_featured_media_url":"https:\/\/revistaepocadigital.com.ar\/wp-content\/uploads\/2022\/03\/NANNI-2022..bmp","jetpack_likes_enabled":true,"_links":{"self":[{"href":"https:\/\/revistaepocadigital.com.ar\/index.php?rest_route=\/wp\/v2\/posts\/15349","targetHints":{"allow":["GET"]}}],"collection":[{"href":"https:\/\/revistaepocadigital.com.ar\/index.php?rest_route=\/wp\/v2\/posts"}],"about":[{"href":"https:\/\/revistaepocadigital.com.ar\/index.php?rest_route=\/wp\/v2\/types\/post"}],"author":[{"embeddable":true,"href":"https:\/\/revistaepocadigital.com.ar\/index.php?rest_route=\/wp\/v2\/users\/4"}],"replies":[{"embeddable":true,"href":"https:\/\/revistaepocadigital.com.ar\/index.php?rest_route=%2Fwp%2Fv2%2Fcomments&post=15349"}],"version-history":[{"count":0,"href":"https:\/\/revistaepocadigital.com.ar\/index.php?rest_route=\/wp\/v2\/posts\/15349\/revisions"}],"wp:featuredmedia":[{"embeddable":true,"href":"https:\/\/revistaepocadigital.com.ar\/index.php?rest_route=\/wp\/v2\/media\/15423"}],"wp:attachment":[{"href":"https:\/\/revistaepocadigital.com.ar\/index.php?rest_route=%2Fwp%2Fv2%2Fmedia&parent=15349"}],"wp:term":[{"taxonomy":"category","embeddable":true,"href":"https:\/\/revistaepocadigital.com.ar\/index.php?rest_route=%2Fwp%2Fv2%2Fcategories&post=15349"},{"taxonomy":"post_tag","embeddable":true,"href":"https:\/\/revistaepocadigital.com.ar\/index.php?rest_route=%2Fwp%2Fv2%2Ftags&post=15349"}],"curies":[{"name":"wp","href":"https:\/\/api.w.org\/{rel}","templated":true}]}}