{"id":15380,"date":"2022-03-17T02:48:58","date_gmt":"2022-03-17T05:48:58","guid":{"rendered":"https:\/\/revistaepocadigital.com.ar\/?p=15380"},"modified":"2022-03-21T02:00:53","modified_gmt":"2022-03-21T05:00:53","slug":"coco-mirandeborde-y-batata-davio-tienen-sus-tribunas-vale","status":"publish","type":"post","link":"https:\/\/revistaepocadigital.com.ar\/?p=15380","title":{"rendered":"&#8220;Coco&#8221; Mirandeborde y &#8220;Batata&#8221; Davio tienen sus tribunas. Vale"},"content":{"rendered":"<p>UN MUY JUSTO RECONOCIMIENTO.<\/p>\n<p>Dos de las tribunas del Campo de Deportes Municipal, han sido bautizadas con los nombres de Alfredo Coco Mirandeborde y Domingo Batata Davio, dos de los mejores futbolistas de la historia del f\u00fatbol de Exaltaci\u00f3n de la Cruz, adem\u00e1s ligados al f\u00fatbol desde toda la vida. Mirandeborde impulsor, entre otros logros, de la Escuela de F\u00fatbol infantil Pelota de Trapo, t\u00e9cnico, consejero, y Davio tambi\u00e9n supo ser adem\u00e1s entrenador y ocup\u00f3 la Direcci\u00f3n de Deportes del municipio.<\/p>\n<p>Enhorabuena!<\/p>\n<p><a href=\"https:\/\/revistaepocadigital.com.ar\/wp-content\/uploads\/2022\/03\/MIRA.bmp\"><img loading=\"lazy\" decoding=\"async\" class=\"aligncenter size-full wp-image-15381\" src=\"https:\/\/revistaepocadigital.com.ar\/wp-content\/uploads\/2022\/03\/MIRA.bmp\" alt=\"\" width=\"800\" height=\"800\" \/><\/a><\/p>\n","protected":false},"excerpt":{"rendered":"<p>UN MUY JUSTO RECONOCIMIENTO. Dos de las tribunas del Campo de Deportes Municipal, han sido bautizadas con los nombres de Alfredo Coco Mirandeborde y Domingo Batata Davio, dos de los mejores futbolistas de la historia del f\u00fatbol de Exaltaci\u00f3n de la Cruz, adem\u00e1s ligados al f\u00fatbol desde toda la vida. Mirandeborde impulsor, entre otros logros, [&hellip;]<\/p>\n","protected":false},"author":4,"featured_media":15420,"comment_status":"open","ping_status":"open","sticky":false,"template":"","format":"standard","meta":{"footnotes":"","jetpack_publicize_message":"","jetpack_publicize_feature_enabled":true,"jetpack_social_post_already_shared":false,"jetpack_social_options":{"image_generator_settings":{"template":"highway","default_image_id":0,"font":"","enabled":false},"version":2}},"categories":[14],"tags":[143,1808,1807],"class_list":["post-15380","post","type-post","status-publish","format-standard","has-post-thumbnail","hentry","category-la-gente","tag-davio","tag-mrandeborde","tag-tribunas"],"jetpack_publicize_connections":[],"jetpack_featured_media_url":"https:\/\/revistaepocadigital.com.ar\/wp-content\/uploads\/2022\/03\/davio-mirande.bmp","jetpack_likes_enabled":true,"_links":{"self":[{"href":"https:\/\/revistaepocadigital.com.ar\/index.php?rest_route=\/wp\/v2\/posts\/15380","targetHints":{"allow":["GET"]}}],"collection":[{"href":"https:\/\/revistaepocadigital.com.ar\/index.php?rest_route=\/wp\/v2\/posts"}],"about":[{"href":"https:\/\/revistaepocadigital.com.ar\/index.php?rest_route=\/wp\/v2\/types\/post"}],"author":[{"embeddable":true,"href":"https:\/\/revistaepocadigital.com.ar\/index.php?rest_route=\/wp\/v2\/users\/4"}],"replies":[{"embeddable":true,"href":"https:\/\/revistaepocadigital.com.ar\/index.php?rest_route=%2Fwp%2Fv2%2Fcomments&post=15380"}],"version-history":[{"count":0,"href":"https:\/\/revistaepocadigital.com.ar\/index.php?rest_route=\/wp\/v2\/posts\/15380\/revisions"}],"wp:featuredmedia":[{"embeddable":true,"href":"https:\/\/revistaepocadigital.com.ar\/index.php?rest_route=\/wp\/v2\/media\/15420"}],"wp:attachment":[{"href":"https:\/\/revistaepocadigital.com.ar\/index.php?rest_route=%2Fwp%2Fv2%2Fmedia&parent=15380"}],"wp:term":[{"taxonomy":"category","embeddable":true,"href":"https:\/\/revistaepocadigital.com.ar\/index.php?rest_route=%2Fwp%2Fv2%2Fcategories&post=15380"},{"taxonomy":"post_tag","embeddable":true,"href":"https:\/\/revistaepocadigital.com.ar\/index.php?rest_route=%2Fwp%2Fv2%2Ftags&post=15380"}],"curies":[{"name":"wp","href":"https:\/\/api.w.org\/{rel}","templated":true}]}}