{"id":15387,"date":"2022-03-17T08:51:28","date_gmt":"2022-03-17T11:51:28","guid":{"rendered":"https:\/\/revistaepocadigital.com.ar\/?p=15387"},"modified":"2022-03-17T09:06:48","modified_gmt":"2022-03-17T12:06:48","slug":"con-la-pasion-de-siempre-pocho-cuidet-se-alista-para-el-tc-regional-2022","status":"publish","type":"post","link":"https:\/\/revistaepocadigital.com.ar\/?p=15387","title":{"rendered":"Con la pasi\u00f3n de siempre, Pocho Cuidet se alista para el TC Regional 2022"},"content":{"rendered":"<div data-iskeynav=\"true\">\n<div>\n<header class=\"r_BN D_F W_6D6F p_R P_Zjgzuf ir_0\" aria-label=\"Mensaje\">\n<div class=\"D_F ab_CI Y_68F4 en_0 cdPFi_ZpQYvz H_6MGW W_6MGW lv_1IWXzk h_Z13pql2 h4_2d9T5e\"><strong>EMPIEZA EL CAMPEONATO 2022 DE TC REGIONAL.<!--more--><\/strong><\/div>\n<\/header>\n<\/div>\n<div><\/div>\n<div data-test-id=\"message-body-container\">\n<div class=\"I_52qC D_FY W_6D6F\" data-test-id=\"message-view-body\">\n<div class=\"X_6MGW\">En el Aut\u00f3dromo Roberto Mouras de La Plata, entre el 26 y 27 de este mes. Y entre los pilotos de Exaltaci\u00f3n de la Cruz,<strong> Pocho Cuidet<\/strong> un hombre reconocido y de gran trayectoria en la categor\u00eda, vuelve a poner primera.<\/div>\n<\/div>\n<\/div>\n<\/div>\n<p>&nbsp;<\/p>\n<p>Aguerrido, incansable, Pocho trabaja a destajo y contrareloj, para finalizar los importantes cambios hechos en su auto,<em> &#8220;para tener una herramienta bien competitiva y a la altura de los avances de la categor\u00eda&#8221;,<\/em> le ha dicho a EPOCA.<\/p>\n<p>&nbsp;<\/p>\n<figure id=\"attachment_15391\" aria-describedby=\"caption-attachment-15391\" style=\"width: 520px\" class=\"wp-caption aligncenter\"><a href=\"https:\/\/revistaepocadigital.com.ar\/wp-content\/uploads\/2022\/03\/cuide-tcr.bmp\"><img loading=\"lazy\" decoding=\"async\" class=\"size-full wp-image-15391\" src=\"https:\/\/revistaepocadigital.com.ar\/wp-content\/uploads\/2022\/03\/cuide-tcr.bmp\" alt=\"\" width=\"520\" height=\"312\" \/><\/a><figcaption id=\"caption-attachment-15391\" class=\"wp-caption-text\">En pleno armado, el auto de Cuidet va con importantes mejoras.<\/figcaption><\/figure>\n<p>En su taller en <strong>Capilla del Se\u00f1or,<\/strong> el auto se encuentra en pleno armado luego de las reformas estructurales que le hizo Pierce, un especialista en chasis de la categor\u00eda,<em> &#8220;desde el torpedo para adelante, se cort\u00f3 todo y se hizo nuevo, las parrillas de suspensi\u00f3n nuevas, se corri\u00f3 el motor para adelante 20cm, modificaron tambi\u00e9n la distancia entre ejes porque el auto era muy corto. Estoy a la espera que me entreguen el motor para comenzar con la parte final del armado&#8221;,<\/em> coment\u00f3 el piloto capillense.<\/p>\n<p>Cuidet cuenta con dos motores propios, que los prepara desde este a\u00f1o Jorge Casa\u00f1as de General Rodr\u00edguez, <em>&#8220;los motores de Casa\u00f1as tambi\u00e9n los utilizan en la categor\u00eda Fernando Romero y Rodrigo Escudero. En definitiva, estamos a full con el trabajo en el auto para terminarlo y correr en La Plata. Estoy muy motivado para este a\u00f1o&#8221;<\/em>, apunt\u00f3 Cuidet quien contar\u00e1 con el patrocinio de Nico Chehin Seguros, Pinturer\u00eda Arco Iris, Sindicato-Peaje Larena, J.L Remolques y Casa De Feo.<\/p>\n<p><strong>Pocho Cuidet<\/strong>, s\u00edntesis de la pasi\u00f3n por el automovilismo.<\/p>\n<div dir=\"ltr\"><\/div>\n","protected":false},"excerpt":{"rendered":"<p>EMPIEZA EL CAMPEONATO 2022 DE TC REGIONAL.<\/p>\n","protected":false},"author":4,"featured_media":15390,"comment_status":"open","ping_status":"open","sticky":false,"template":"","format":"standard","meta":{"footnotes":"","jetpack_publicize_message":"","jetpack_publicize_feature_enabled":true,"jetpack_social_post_already_shared":false,"jetpack_social_options":{"image_generator_settings":{"template":"highway","default_image_id":0,"font":"","enabled":false},"version":2}},"categories":[9],"tags":[],"class_list":["post-15387","post","type-post","status-publish","format-standard","has-post-thumbnail","hentry","category-deportes"],"jetpack_publicize_connections":[],"jetpack_featured_media_url":"https:\/\/revistaepocadigital.com.ar\/wp-content\/uploads\/2022\/03\/cuidt-tcr.bmp","jetpack_likes_enabled":true,"_links":{"self":[{"href":"https:\/\/revistaepocadigital.com.ar\/index.php?rest_route=\/wp\/v2\/posts\/15387","targetHints":{"allow":["GET"]}}],"collection":[{"href":"https:\/\/revistaepocadigital.com.ar\/index.php?rest_route=\/wp\/v2\/posts"}],"about":[{"href":"https:\/\/revistaepocadigital.com.ar\/index.php?rest_route=\/wp\/v2\/types\/post"}],"author":[{"embeddable":true,"href":"https:\/\/revistaepocadigital.com.ar\/index.php?rest_route=\/wp\/v2\/users\/4"}],"replies":[{"embeddable":true,"href":"https:\/\/revistaepocadigital.com.ar\/index.php?rest_route=%2Fwp%2Fv2%2Fcomments&post=15387"}],"version-history":[{"count":0,"href":"https:\/\/revistaepocadigital.com.ar\/index.php?rest_route=\/wp\/v2\/posts\/15387\/revisions"}],"wp:featuredmedia":[{"embeddable":true,"href":"https:\/\/revistaepocadigital.com.ar\/index.php?rest_route=\/wp\/v2\/media\/15390"}],"wp:attachment":[{"href":"https:\/\/revistaepocadigital.com.ar\/index.php?rest_route=%2Fwp%2Fv2%2Fmedia&parent=15387"}],"wp:term":[{"taxonomy":"category","embeddable":true,"href":"https:\/\/revistaepocadigital.com.ar\/index.php?rest_route=%2Fwp%2Fv2%2Fcategories&post=15387"},{"taxonomy":"post_tag","embeddable":true,"href":"https:\/\/revistaepocadigital.com.ar\/index.php?rest_route=%2Fwp%2Fv2%2Ftags&post=15387"}],"curies":[{"name":"wp","href":"https:\/\/api.w.org\/{rel}","templated":true}]}}