{"id":15398,"date":"2022-03-19T02:25:05","date_gmt":"2022-03-19T05:25:05","guid":{"rendered":"https:\/\/revistaepocadigital.com.ar\/?p=15398"},"modified":"2022-03-19T02:25:32","modified_gmt":"2022-03-19T05:25:32","slug":"sebastian-gaspe-ponerme-la-camiseta-de-mi-pais-es-una-sensacion-muy-fuerte-dificil-de-describir-un-momento-de-felicidad","status":"publish","type":"post","link":"https:\/\/revistaepocadigital.com.ar\/?p=15398","title":{"rendered":"Sebasti\u00e1n Gasp\u00e9. &#8220;Ponerme la camiseta de mi pa\u00eds es una sensaci\u00f3n muy fuerte, dif\u00edcil de describir, un momento de felicidad&#8221;"},"content":{"rendered":"<p><strong>EL BASQUET Y LA VIDA.<\/strong><!--more--><\/p>\n<p>&nbsp;<\/p>\n<p><strong>Sebasti\u00e1n Gasp\u00e9<\/strong> es entrenador de b\u00e1squet desde hace 19 a\u00f1os en forma ininterrumpida. Desde su Coronel Su\u00e1rez natal, supo recorrer distintos del pa\u00eds despe\u00f1\u00e1ndose y compartiendo su gran pasi\u00f3n, el b\u00e1squet, hasta que recal\u00f3 y se afinc\u00f3 en Capilla del Se\u00f1or, casado con la psic\u00f3loga Paloma Saavedra \u00a0form\u00f3\u00a0 una familia y tienen tres hijos, M\u00e1xima, Victoria y Lazaro. Con ellos tambi\u00e9n comparte su pasi\u00f3n por el b\u00e1squet.<\/p>\n<p>Gasp\u00e9 ha dirigido en los clubes Quilmes de Tres Arroyos, Independiente de Z\u00e1rate, nuestro Honor y Patria de Capilla del Se\u00f1or, y actualmente ha comenzado su temporada n\u00famero 10 como entrenador del Club N\u00e1utico de Z\u00e1rate, una de las entidades deportivas y sociales m\u00e1s importantes de la regi\u00f3n<\/p>\n<p>Se form\u00f3 y estudi\u00f3 Educaci\u00f3n F\u00edsica en Olavarria, luego el curso de t\u00e9cnico de b\u00e1squet lo llev\u00f3 a cabo en Mar del Plata. <em>\u201cM\u00e1s adelante<\/em> \u2013cuenta Gasp\u00e9- <em>particip\u00e9 durante 5 a\u00f1os como staff en el nivel 3 de la ENEBA (Escuela Nacional de Entrenadores de B\u00e1squet), hasta que surgi\u00f3 la pandemia. En el presente \u00a0soy tutor de los niveles 1 y 2, que se dan de manera presencial para Z\u00e1rate y la regi\u00f3n, soy un agradecido, nunca me falt\u00f3 trabajo y siempre tuve la posibilidad de elegir\u201d.<\/em><\/p>\n<figure id=\"attachment_15401\" aria-describedby=\"caption-attachment-15401\" style=\"width: 414px\" class=\"wp-caption aligncenter\"><a href=\"https:\/\/revistaepocadigital.com.ar\/wp-content\/uploads\/2022\/03\/gas-bocc.bmp\"><img loading=\"lazy\" decoding=\"async\" class=\"size-full wp-image-15401\" src=\"https:\/\/revistaepocadigital.com.ar\/wp-content\/uploads\/2022\/03\/gas-bocc.bmp\" alt=\"\" width=\"414\" height=\"691\" \/><\/a><figcaption id=\"caption-attachment-15401\" class=\"wp-caption-text\">Gaspe y la gran promesa, el chico Bocca. Ambos en La Rioja.<\/figcaption><\/figure>\n<p><strong>-En que consisti\u00f3 la etapa de preparaci\u00f3n en La Rioja del plantel\u00a0 de la preselecci\u00f3n dub 18 de b\u00e1squet, \u00bfcuales fueron los objetivos?<\/strong><\/p>\n<p><em>-La prioridad de la concentraci\u00f3n fue el trabajo individual con los jugadores;, no estuvo enfocado a la preparaci\u00f3n del equipo en s\u00ed mismo. Se le dio mucha relevancia al entrenamiento invisible, a la generaci\u00f3n y aprendizaje de h\u00e1bitos de alto rendimiento, como por ejemplo la alimentaci\u00f3n, el descanso y la lectura para abordar de manera integral la formaci\u00f3n del jugador. Adem\u00e1s sirvi\u00f3 para complementar la concentraci\u00f3n que se realiz\u00f3 previamente en la ciudad de Saladas, Corrientes, donde se observaron a 25 jugadores. Esos sumados a los32 que estuvieron presentes en La Rioja, entre los que estuvo Bocca, el pibe de Capilla quien ahora est\u00e1 jugando en Espa\u00f1a, otorgaron un amplio margen para armar la preselecci\u00f3n de 18, de los cuales<\/em> <em>quedar\u00e1n 12 jugadores para afrontar el pr\u00f3ximo Sudamericano en Caracas, Venezuela.<\/em><\/p>\n<p><strong>-\u00bfC\u00f3mo se dio su designaci\u00f3n para\u00a0 formar parte del equipo t\u00e9cnico que lider\u00f3 la preparaci\u00f3n en La Rioja?<\/strong><\/p>\n<p>&#8211;<em>La verdad en cierta forma, fue una sorpresa y todo se dio muy r\u00e1pido. Hern\u00e1n Mandole me convoc\u00f3 en diciembre del a\u00f1o pasado, para realizar el rastrillaje, como se denomina al trabajo, en la provincia de Buenos Aires, en b\u00fasqueda de nuevos talentos. Ell objetivo es armar campamentos como el de La Rioja. Los primeros d\u00edas de febrero, me consult\u00f3 si pod\u00eda estar en La aRioja. Ahora bien, si debo responder sobre mi convocatoria, considerando la cantidad de entrenadores que trabajamos en la provincia de Buenos Aires y el pa\u00eds, no podr\u00eda precisar. Desde ya, me sent\u00ed honrado por ser tenido en cuenta en el marco de la pasi\u00f3n que nos envuelve a todos y que es el b\u00e1squet<\/em>.<\/p>\n<figure id=\"attachment_15402\" aria-describedby=\"caption-attachment-15402\" style=\"width: 523px\" class=\"wp-caption aligncenter\"><a href=\"https:\/\/revistaepocadigital.com.ar\/wp-content\/uploads\/2022\/03\/gaspe-nautioc.bmp\"><img loading=\"lazy\" decoding=\"async\" class=\"size-full wp-image-15402\" src=\"https:\/\/revistaepocadigital.com.ar\/wp-content\/uploads\/2022\/03\/gaspe-nautioc.bmp\" alt=\"\" width=\"523\" height=\"511\" \/><\/a><figcaption id=\"caption-attachment-15402\" class=\"wp-caption-text\">Gasp\u00e9 y el equipo t\u00e9cnico del N\u00e1utico de Z\u00e1rate.<\/figcaption><\/figure>\n<p><strong>-\u00bfQui\u00e9nes integraron el equipo de entrenadores en La Rioja?<\/strong><\/p>\n<p>&#8211;<em>Herman Mandole, el entrenador principal, Federico Renzetti su asistente, Jonathan Riguero y Mariano S\u00e1nchez se desempe\u00f1aron en el \u00e1rea de desarrollo de jugadores; Pablo Gabriele, Alejandro Faisal y Mariano Piaggi los preparadores f\u00edsicos y Juan Caro, \u00a0Mat\u00edas Balzaretti, ambos de C\u00f3rdoba, Gustavo Sapochnick (Trelew) , Andr\u00e9s Piccoli (Rosario), Mart\u00edn de Zan (Tucuman) y yo\u00a0 nos desempe\u00f1amos con entrenadores invitados y ejercimos como asistentes en el campamento.<\/em><\/p>\n<p><strong>-Acerca de la experiencia vivida por su parte, \u00bfQu\u00e9 aspectos pudo resaltar?<\/strong><\/p>\n<p>&#8211;<em>En lo personal fue una experiencia, enriquecedora, tremenda desde todo punto de vista. La realidad es que ponerme la camiseta de mi pa\u00eds es una sensaci\u00f3n muy fuerte, muy dif\u00edcil de describir, es un momento de felicidad. Y a la vez de reflexi\u00f3n sobre el camino recorrido en el mundo del b\u00e1squet. Siento que estuve aprendiendo desde el primer al \u00faltimo d\u00eda.<\/em><\/p>\n","protected":false},"excerpt":{"rendered":"<p>EL BASQUET Y LA VIDA.<\/p>\n","protected":false},"author":3,"featured_media":15400,"comment_status":"open","ping_status":"open","sticky":false,"template":"","format":"standard","meta":{"footnotes":"","jetpack_publicize_message":"","jetpack_publicize_feature_enabled":true,"jetpack_social_post_already_shared":false,"jetpack_social_options":{"image_generator_settings":{"template":"highway","default_image_id":0,"font":"","enabled":false},"version":2}},"categories":[13],"tags":[1732,102,522,1752],"class_list":["post-15398","post","type-post","status-publish","format-standard","has-post-thumbnail","hentry","category-interes-general","tag-1732","tag-basquet","tag-gaspe","tag-la-rioja"],"jetpack_publicize_connections":[],"jetpack_featured_media_url":"https:\/\/revistaepocadigital.com.ar\/wp-content\/uploads\/2022\/03\/gaspe22.bmp","jetpack_likes_enabled":true,"_links":{"self":[{"href":"https:\/\/revistaepocadigital.com.ar\/index.php?rest_route=\/wp\/v2\/posts\/15398","targetHints":{"allow":["GET"]}}],"collection":[{"href":"https:\/\/revistaepocadigital.com.ar\/index.php?rest_route=\/wp\/v2\/posts"}],"about":[{"href":"https:\/\/revistaepocadigital.com.ar\/index.php?rest_route=\/wp\/v2\/types\/post"}],"author":[{"embeddable":true,"href":"https:\/\/revistaepocadigital.com.ar\/index.php?rest_route=\/wp\/v2\/users\/3"}],"replies":[{"embeddable":true,"href":"https:\/\/revistaepocadigital.com.ar\/index.php?rest_route=%2Fwp%2Fv2%2Fcomments&post=15398"}],"version-history":[{"count":0,"href":"https:\/\/revistaepocadigital.com.ar\/index.php?rest_route=\/wp\/v2\/posts\/15398\/revisions"}],"wp:featuredmedia":[{"embeddable":true,"href":"https:\/\/revistaepocadigital.com.ar\/index.php?rest_route=\/wp\/v2\/media\/15400"}],"wp:attachment":[{"href":"https:\/\/revistaepocadigital.com.ar\/index.php?rest_route=%2Fwp%2Fv2%2Fmedia&parent=15398"}],"wp:term":[{"taxonomy":"category","embeddable":true,"href":"https:\/\/revistaepocadigital.com.ar\/index.php?rest_route=%2Fwp%2Fv2%2Fcategories&post=15398"},{"taxonomy":"post_tag","embeddable":true,"href":"https:\/\/revistaepocadigital.com.ar\/index.php?rest_route=%2Fwp%2Fv2%2Ftags&post=15398"}],"curies":[{"name":"wp","href":"https:\/\/api.w.org\/{rel}","templated":true}]}}