{"id":15407,"date":"2022-03-21T01:49:49","date_gmt":"2022-03-21T04:49:49","guid":{"rendered":"https:\/\/revistaepocadigital.com.ar\/?p=15407"},"modified":"2022-03-25T00:20:53","modified_gmt":"2022-03-25T03:20:53","slug":"25-anos-del-estudio-contable-rodriguez","status":"publish","type":"post","link":"https:\/\/revistaepocadigital.com.ar\/?p=15407","title":{"rendered":"25 a\u00f1os de trayectoria del Estudio Contable R&#038;R"},"content":{"rendered":"<p><strong>EN LA CALLE ESPA\u00d1A AL 400 DE CAPILLA DEL SE\u00d1OR.<\/strong><!--more--><\/p>\n<p><em>&#8220;Gracias a todos nuestros clientes por acompa\u00f1arnos durante estos 25 a\u00f1os!&#8221;,<\/em> hicieron saber desde el Estudio Contable \u042fR, encabezado por las contadoras p\u00fablicas nacionales, <strong>Marisa y Ver\u00f3nica Rodr\u00edguez.<\/strong><\/p>\n<p>&nbsp;<\/p>\n<p><img loading=\"lazy\" decoding=\"async\" class=\"aligncenter size-full wp-image-15409\" src=\"https:\/\/revistaepocadigital.com.ar\/wp-content\/uploads\/2022\/03\/rodri-mari-1.jpg\" alt=\"\" width=\"633\" height=\"921\" srcset=\"https:\/\/revistaepocadigital.com.ar\/wp-content\/uploads\/2022\/03\/rodri-mari-1.jpg 633w, https:\/\/revistaepocadigital.com.ar\/wp-content\/uploads\/2022\/03\/rodri-mari-1-206x300.jpg 206w, https:\/\/revistaepocadigital.com.ar\/wp-content\/uploads\/2022\/03\/rodri-mari-1-289x420.jpg 289w, https:\/\/revistaepocadigital.com.ar\/wp-content\/uploads\/2022\/03\/rodri-mari-1-577x840.jpg 577w\" sizes=\"auto, (max-width: 633px) 100vw, 633px\" \/><\/p>\n<p><em>&#8220;Cumplimos 25 a\u00f1os de trayectoria!, durante este mes, celebramos nuestros 25 a\u00f1os en la profesi\u00f3n contable&#8221;,<\/em> enfatizan las hermanas, ambas contadoras p\u00fablicas, <strong>Marisa Laura y Ver\u00f3nica Anal\u00eda Rodr\u00edguez.<\/strong> El <strong>Estudio Contable R&amp;R<\/strong> fue creado el 17 de marzo sde 1997 en Capilla del Se\u00f1or por las hermanas Rodr\u00edguez, contadoras p\u00fablicas nacionales recibidas en la Universidad de El Salvador (USAL).<\/p>\n<p><em>&#8220;El objetivo fue desarrollar la profesi\u00f3n de manera independiente; nos lanzamos al principio con la experiencia adquirida con anterioridad en empresas privadas y entidades p\u00fablicas. A partir de esos momentos, d\u00eda a d\u00eda fu\u00edmos afianz\u00e1ndonos en una profesi\u00f3n tan exigente en esos tiempos, como siempre ha seguido siempre, asesorarando en materia impositiva-contable y laboral, destac\u00e1ndonos entre otros en rubros comerciales, industriales, servicios de salud, de educaci\u00f3n, agropecuarios, constituci\u00f3n de sociedades comerciales, etc<\/em>&#8220;, comenta Marisa.<\/p>\n<p>Y Ver\u00f3nica apunta, &#8220;<em>en general nos ocupamos de asesorar y acompa\u00f1ar a todos nuestros clientes activos y potenciales que nos consultan. Desde ya, a lo largo de estos 25 a\u00f1os como exigen la vida moderna, tuvimos que ir actualiz\u00e1ndonos y perfeccion\u00e1ndonos en todas las materias y frente a los cambios sucedidos vinculados a la profesi\u00f3n y a las normas vigentes para poder ejercerla y dar cumplimento a todo lo solicitado por el fisco y organismos gubernamentales de control&#8221;.<\/em><\/p>\n<p><em>&#8220;Desde ya,<\/em> -coincidieron ambas-<em> al celebrar los 25 a\u00f1os, queremos agradecer profundamente a todos nuestros clientes, quienes depositaron su confianza en el estudio R&amp;R, as\u00ed como a amigos y a nuestras familias que nos acompa\u00f1aron siempre, lo mismo a todo el personal del estudio que nos acompa\u00f1a d\u00eda a d\u00eda para poder cumplir nuestras metas; gracias infinitas a su vez, por todos los saludos recibidos&#8221;<\/em>.<\/p>\n","protected":false},"excerpt":{"rendered":"<p>EN LA CALLE ESPA\u00d1A AL 400 DE CAPILLA DEL SE\u00d1OR.<\/p>\n","protected":false},"author":3,"featured_media":15419,"comment_status":"open","ping_status":"open","sticky":false,"template":"","format":"standard","meta":{"footnotes":"","jetpack_publicize_message":"","jetpack_publicize_feature_enabled":true,"jetpack_social_post_already_shared":false,"jetpack_social_options":{"image_generator_settings":{"template":"highway","default_image_id":0,"font":"","enabled":false},"version":2}},"categories":[11],"tags":[1809],"class_list":["post-15407","post","type-post","status-publish","format-standard","has-post-thumbnail","hentry","category-entidades","tag-estudio-rodriguez"],"jetpack_publicize_connections":[],"jetpack_featured_media_url":"https:\/\/revistaepocadigital.com.ar\/wp-content\/uploads\/2022\/03\/rodri-mari.bmp","jetpack_likes_enabled":true,"_links":{"self":[{"href":"https:\/\/revistaepocadigital.com.ar\/index.php?rest_route=\/wp\/v2\/posts\/15407","targetHints":{"allow":["GET"]}}],"collection":[{"href":"https:\/\/revistaepocadigital.com.ar\/index.php?rest_route=\/wp\/v2\/posts"}],"about":[{"href":"https:\/\/revistaepocadigital.com.ar\/index.php?rest_route=\/wp\/v2\/types\/post"}],"author":[{"embeddable":true,"href":"https:\/\/revistaepocadigital.com.ar\/index.php?rest_route=\/wp\/v2\/users\/3"}],"replies":[{"embeddable":true,"href":"https:\/\/revistaepocadigital.com.ar\/index.php?rest_route=%2Fwp%2Fv2%2Fcomments&post=15407"}],"version-history":[{"count":0,"href":"https:\/\/revistaepocadigital.com.ar\/index.php?rest_route=\/wp\/v2\/posts\/15407\/revisions"}],"wp:featuredmedia":[{"embeddable":true,"href":"https:\/\/revistaepocadigital.com.ar\/index.php?rest_route=\/wp\/v2\/media\/15419"}],"wp:attachment":[{"href":"https:\/\/revistaepocadigital.com.ar\/index.php?rest_route=%2Fwp%2Fv2%2Fmedia&parent=15407"}],"wp:term":[{"taxonomy":"category","embeddable":true,"href":"https:\/\/revistaepocadigital.com.ar\/index.php?rest_route=%2Fwp%2Fv2%2Fcategories&post=15407"},{"taxonomy":"post_tag","embeddable":true,"href":"https:\/\/revistaepocadigital.com.ar\/index.php?rest_route=%2Fwp%2Fv2%2Ftags&post=15407"}],"curies":[{"name":"wp","href":"https:\/\/api.w.org\/{rel}","templated":true}]}}