{"id":15425,"date":"2022-03-21T02:42:25","date_gmt":"2022-03-21T05:42:25","guid":{"rendered":"https:\/\/revistaepocadigital.com.ar\/?p=15425"},"modified":"2022-03-21T02:42:25","modified_gmt":"2022-03-21T05:42:25","slug":"las-condiciones-de-putin-para-el-alto-el-fuego-en-ucrania","status":"publish","type":"post","link":"https:\/\/revistaepocadigital.com.ar\/?p=15425","title":{"rendered":"LAS CONDICIONES DE PUTIN PARA EL ALTO EL FUEGO EN UCRANIA"},"content":{"rendered":"<p><strong>\u00bfAS\u00cd SE LLEGA A LA PAZ ENTRE RUSIA Y UCRANIA?<\/strong><!--more--><\/p>\n<p><strong>Vladimir Putin <\/strong>eligi\u00f3 a \u00faltima hora de la tarde (20\/3) al presidente turco, <strong>Tayip Erdogan,<\/strong> como interlocutor para comunicar a Occidente las condiciones que en estos momentos exige para aceptar un alto el fuego en Ucrania y negociar la paz. Seg\u00fan las revelaciones a la BBC de un asesor de Erdogan, presente en la conversaci\u00f3n telef\u00f3nica, algunas de esas condiciones ser\u00edan aceptables por el presidente ucraniano,<strong> Zelenski<\/strong> -porque as\u00ed lo ha dado a entender el l\u00edder de la resistencia- y otras no lo son en absoluto.<\/p>\n<p><strong>Ibrahim Kalim<\/strong>, asesor y portavoz de Erdogan, indic\u00f3 a la cadena brit\u00e1nica que Putin exige un compromiso formal de que Ucrania no formar\u00e1 parte de la OTAN, una condici\u00f3n que el propio Zelenski parece haberse resignado a aceptar, seg\u00fan se desprende de algunas de sus \u00faltimas declaraciones.<\/p>\n<aside class=\"roba-intercalado sin-fondo layer_inpage\">\n<div id=\"google_ads_iframe_\/4900\/vocento.abc\/internacional_1__container__\">La segunda condici\u00f3n del l\u00edder ruso es m\u00e1s vaga, y parece m\u00e1s bien destinada a la propaganda para salvar la cara del Kremlin. Putin pide pasos concretos para la \u00abdesnazificaci\u00f3n\u00bb de Ucrania, un concepto que esgrime con frecuencia en sus intervenciones ante el pueblo ruso para denunciar el trato que recibe la minor\u00eda de origen ruso en el pa\u00eds hoy invadido. Aunque para Zelenski, de ra\u00edces jud\u00edas, la acusaci\u00f3n de &#8216;nazi&#8217; es muy injuriante, los analistas occidentales creen que no ser\u00eda dif\u00edcil establecer alg\u00fan tipo de cl\u00e1usula ret\u00f3rica en los acuerdos de paz satisfactoria para Putin.<\/div>\n<div><\/div>\n<\/aside>\n<p>La segunda categor\u00eda de condiciones puestas por el l\u00edder ruso entran, hoy por hoy, en la esfera de lo inaceptable. Mosc\u00fa pide a Kiev que reconozca la soberan\u00eda rusa sobre la <strong>pen\u00ednsula de Crimea,<\/strong> invadida y anexionada por la Federaci\u00f3n en 2014, un &#8216;hecho consumado&#8217; que no tiene ning\u00fan fundamento de derecho en los acuerdos firmados tambi\u00e9n por Rusia tras la independencia de Ucrania. M\u00e1s vaga es la reclamaci\u00f3n de Putin de que Kiev acepte &#8216;plenamente&#8217; la independencia del <strong>Donbass<\/strong>, donde la mayor\u00eda prorrusa ha establecido dos rep\u00fablicas independientes que en breve pedir\u00e1n su incorporaci\u00f3n a Rusia. El presidente ruso exige, adem\u00e1s, una &#8216;cesi\u00f3n adicional&#8217; de territorio ucraniano, que no especifica, pero que apunta a la creaci\u00f3n de un corredor o espacio de continuidad territorial entre el Donbass, en el este, y Crimea, en el sur.<\/p>\n<aside class=\"modulo temas\">\n<h4 class=\"titulo\">Fuente: ABC.es<\/h4>\n<\/aside>\n","protected":false},"excerpt":{"rendered":"<p>\u00bfAS\u00cd SE LLEGA A LA PAZ ENTRE RUSIA Y UCRANIA?<\/p>\n","protected":false},"author":4,"featured_media":15426,"comment_status":"open","ping_status":"open","sticky":false,"template":"","format":"standard","meta":{"footnotes":"","jetpack_publicize_message":"","jetpack_publicize_feature_enabled":true,"jetpack_social_post_already_shared":false,"jetpack_social_options":{"image_generator_settings":{"template":"highway","default_image_id":0,"font":"","enabled":false},"version":2}},"categories":[13],"tags":[1811,1810,1784],"class_list":["post-15425","post","type-post","status-publish","format-standard","has-post-thumbnail","hentry","category-interes-general","tag-putin","tag-rusia","tag-ucrania"],"jetpack_publicize_connections":[],"jetpack_featured_media_url":"https:\/\/revistaepocadigital.com.ar\/wp-content\/uploads\/2022\/03\/Clipboard-kNoC-620x349@abc.jpg","jetpack_likes_enabled":true,"_links":{"self":[{"href":"https:\/\/revistaepocadigital.com.ar\/index.php?rest_route=\/wp\/v2\/posts\/15425","targetHints":{"allow":["GET"]}}],"collection":[{"href":"https:\/\/revistaepocadigital.com.ar\/index.php?rest_route=\/wp\/v2\/posts"}],"about":[{"href":"https:\/\/revistaepocadigital.com.ar\/index.php?rest_route=\/wp\/v2\/types\/post"}],"author":[{"embeddable":true,"href":"https:\/\/revistaepocadigital.com.ar\/index.php?rest_route=\/wp\/v2\/users\/4"}],"replies":[{"embeddable":true,"href":"https:\/\/revistaepocadigital.com.ar\/index.php?rest_route=%2Fwp%2Fv2%2Fcomments&post=15425"}],"version-history":[{"count":0,"href":"https:\/\/revistaepocadigital.com.ar\/index.php?rest_route=\/wp\/v2\/posts\/15425\/revisions"}],"wp:featuredmedia":[{"embeddable":true,"href":"https:\/\/revistaepocadigital.com.ar\/index.php?rest_route=\/wp\/v2\/media\/15426"}],"wp:attachment":[{"href":"https:\/\/revistaepocadigital.com.ar\/index.php?rest_route=%2Fwp%2Fv2%2Fmedia&parent=15425"}],"wp:term":[{"taxonomy":"category","embeddable":true,"href":"https:\/\/revistaepocadigital.com.ar\/index.php?rest_route=%2Fwp%2Fv2%2Fcategories&post=15425"},{"taxonomy":"post_tag","embeddable":true,"href":"https:\/\/revistaepocadigital.com.ar\/index.php?rest_route=%2Fwp%2Fv2%2Ftags&post=15425"}],"curies":[{"name":"wp","href":"https:\/\/api.w.org\/{rel}","templated":true}]}}