{"id":15432,"date":"2022-03-21T18:55:03","date_gmt":"2022-03-21T21:55:03","guid":{"rendered":"https:\/\/revistaepocadigital.com.ar\/?p=15432"},"modified":"2022-03-22T00:53:53","modified_gmt":"2022-03-22T03:53:53","slug":"el-dia-de-las-personas-con-sindrome-de-down-a-estar-todos-incluidos","status":"publish","type":"post","link":"https:\/\/revistaepocadigital.com.ar\/?p=15432","title":{"rendered":"EL D\u00cdA DE LAS PERSONAS CON  SINDROME  DE DOWN, \u00a1A ESTAR TODOS INCLU\u00cdDOS!"},"content":{"rendered":"<header class=\"article-header-wrapper\">\n<div class=\"article-header\">\n<h3 class=\"article-headline\"><strong>Las palabras como camino a la inclusi\u00f3n. El Censo Nacional 2022 soslaya tan importante aspecto m\u00e1s a\u00fan en la vida moderna. \u00bfPor qu\u00e9?<!--more--><\/strong><\/h3>\n<h5 class=\"article-subheadline\">La nota de Mar\u00eda In\u00e9s del \u00c1rbol (\u00ba) en Infobae<\/h5>\n<p><img loading=\"lazy\" decoding=\"async\" class=\"size-full wp-image-15434 alignleft\" src=\"https:\/\/revistaepocadigital.com.ar\/wp-content\/uploads\/2022\/03\/42daff58-0432-44b1-90f7-1d71d8b86b34.jpg\" alt=\"\" width=\"80\" height=\"80\" \/><\/p>\n<div class=\"byline-description\"><\/div>\n<h5 class=\"article-subheadline\">Lo que no se dice no es y lo que no se conoce no se tiene en cuenta. Al hablar de discapacidad no podemos seguir pensando en \u201ccapacidades diferentes\u201d o en \u201cproblemas\u201d: para incluir, tenemos que utilizar las palabras exactas. Hoy (21\/3), en el D\u00eda de las Personas con S\u00edndrome de Down, un recordatorio de por qu\u00e9 es importante ver y nombrar para luego cambiar<\/h5>\n<div class=\"byline\">\n<div class=\"author-image\"><\/div>\n<\/div>\n<\/div>\n<\/header>\n<p><img loading=\"lazy\" decoding=\"async\" src=\"https:\/\/www.infobae.com\/new-resizer\/zPnF6ge4P4f0wdT8Np6aSjzEsT4=\/420x280\/filters:format(webp):quality(85)\/cloudfront-us-east-1.images.arcpublishing.com\/infobae\/LRLCQKQUB5HZJKLK5GOV7VC4JQ.jpg%20420w\" sizes=\"auto, (min-width: 800px) 50vw, 90vw\" srcset=\"https:\/\/www.infobae.com\/new-resizer\/zPnF6ge4P4f0wdT8Np6aSjzEsT4=\/420x280\/filters:format(webp):quality(85)\/cloudfront-us-east-1.images.arcpublishing.com\/infobae\/LRLCQKQUB5HZJKLK5GOV7VC4JQ.jpg 420w,https:\/\/www.infobae.com\/new-resizer\/OTmDC-j4fYvhGJFQGkHBG-eZN5A=\/768x512\/filters:format(webp):quality(85)\/cloudfront-us-east-1.images.arcpublishing.com\/infobae\/LRLCQKQUB5HZJKLK5GOV7VC4JQ.jpg 768w,https:\/\/www.infobae.com\/new-resizer\/RDqv2bNnURR-A2W24yZo3lkuc0w=\/992x661\/filters:format(webp):quality(85)\/cloudfront-us-east-1.images.arcpublishing.com\/infobae\/LRLCQKQUB5HZJKLK5GOV7VC4JQ.jpg 992w,https:\/\/www.infobae.com\/new-resizer\/mUzzn6rrsdFmwHGpswb70CisIbY=\/1200x800\/filters:format(webp):quality(85)\/cloudfront-us-east-1.images.arcpublishing.com\/infobae\/LRLCQKQUB5HZJKLK5GOV7VC4JQ.jpg 1200w,https:\/\/www.infobae.com\/new-resizer\/gSQxUFbV--dwD3d2bDDLOFpHkr0=\/1440x960\/filters:format(webp):quality(85)\/cloudfront-us-east-1.images.arcpublishing.com\/infobae\/LRLCQKQUB5HZJKLK5GOV7VC4JQ.jpg 1440w\" alt=\"En Am\u00e9rica Latina, solo 1 de cada 4 personas con discapacidad tienen trabajo (EFE\/Archivo) \" width=\"5000\" height=\"3368\" \/><\/p>\n<article class=\"article\">\n<div class=\"nd-body-article\">\n<div class=\"visual__image \">En Am\u00e9rica Latina, s\u00f3lo uno de cada cuatro personas con discapacidad tienen trabajo (EFE\/Archivo)<\/div>\n<div><\/div>\n<p class=\"paragraph\">Nuestras palabras crean realidad, influyen en la forma de ver el mundo y en c\u00f3mo reaccionamos ante \u00e9l. En el\u00a0<b>Censo Nacional 2022<\/b>, hay una parte de la realidad que pareciera que se perder\u00e1.\u00a0<b>No est\u00e1 previsto preguntar sobre personas con discapacidad<\/b>. S\u00ed se hablar\u00e1 de \u201cdificultades\u201d o de \u201climitaciones\u201d, pero \u00bfqui\u00e9n no tiene un \u201cproblema\u201d? Capacidades diferentes, dificultades, limitaciones describen a toda la gente. Discapacidad es otra cosa; la ONU utiliza esta definici\u00f3n:\u00a0<mark class=\"hl_yellow\">\u201cLas personas con discapacidad incluyen a aquellas que tengan deficiencias f\u00edsicas, mentales, intelectuales o sensoriales a largo plazo que, al interactuar con diversas barreras, puedan impedir su participaci\u00f3n plena y efectiva en la sociedad en igualdad de condiciones con las dem\u00e1s\u201d<\/mark>.<\/p>\n<p class=\"paragraph\">Como sociedad, tenemos la obligaci\u00f3n de trabajar para que esas barreras se conviertan en puentes, para que todas las personas tengamos igualdad de oportunidades.\u00a0<b>Pero si no vemos, si no hay palabras, si no sabemos que existen personas con discapacidad, cu\u00e1ntas son, ni d\u00f3nde est\u00e1n, \u00bfc\u00f3mo podremos cambiar?<\/b>\u00a0\u00bfPara qu\u00e9 hablar hoy del D\u00eda de las Personas con S\u00edndrome de Down si no sabemos cu\u00e1ntas hay ni c\u00f3mo viven?<\/p>\n<div class=\"inline ad-wrapper\">\n<div class=\"dfpAd display_inline_block ad_margin_wrapper\">\n<div id=\"infobae\/opinion\/nota\/inline\" class=\"infobae\/opinion\/nota\/inline arcad\" data-google-query-id=\"CJ_r76CT2PYCFWkzuQYdf84EKw\">\n<div id=\"google_ads_iframe_\/1058609\/infobae\/opinion\/nota\/inline_0__container__\"><b>Visibilizar<\/b><\/div>\n<\/div>\n<\/div>\n<\/div>\n<p class=\"paragraph\">Desde siempre, las palabras dieron forma a la realidad y permitieron tomar decisiones. \u00bfEs entonces discriminaci\u00f3n que una encuesta pregunte por \u201cdiscapacidades\u201d? No lo es, si el objetivo es se\u00f1alar para conocer y asegurar que caigan cada vez m\u00e1s barreras. Por ejemplo, las barreras laborales:\u00a0<mark class=\"hl_yellow\">seg\u00fan la ONG Incl\u00fayeme, en Am\u00e9rica Latina, 3 de cada 4 personas con discapacidad est\u00e1n desempleadas<\/mark>. Se necesitan datos -por eso el enorme valor de un censo- para realizar acciones concretas.<\/p>\n<p class=\"paragraph\">Y las acciones se deciden desde las palabras. Por eso, cada vez m\u00e1s empresas est\u00e1n abordando el tema de la diversidad y la inclusi\u00f3n desde el lenguaje. Hasta hace unos a\u00f1os, la condena social hubiera sido leve si una organizaci\u00f3n usaba el t\u00e9rmino \u201cmog\u00f3lico\u201d para referirse a una persona con s\u00edndrome de Down; no estaba mal visto decir \u201cminusv\u00e1lido\u201d.\u00a0<b>Hoy el mundo corporativo -y la sociedad en general- va comprendiendo que las palabras acercan o alejan y que un \u201cminusv\u00e1lido\u201d es alguien que no tiene valor<\/b>. \u00bfY existe acaso?<\/p>\n<p class=\"paragraph\">Por todo esto, es necesario incorporar a las personas con discapacidad tambi\u00e9n desde las palabras, pero desde las palabras correctas. Jam\u00e1s hablaremos de que alguien \u201csufre\u201d de s\u00edndrome de Down ni que \u201cpadece\u201d de dislexia: deberemos evitar nuestras cargas valorativas. Tampoco son \u201cangelitos\u201d: son tan seres humanos como el resto y capaces de maldad. Quienes viven con personas con discapacidad tampoco son \u201ch\u00e9roes\u201d o \u201chero\u00ednas\u201d, son simplemente personas con sus circunstancias.<\/p>\n<p class=\"paragraph\">Entonces,<b>\u00a0tambi\u00e9n a la hora de contar cu\u00e1nta gente vive en la Argentina y c\u00f3mo lo hace, demos visibilidad total a las personas con discapacidad<\/b>. Nombr\u00e1ndolas, escuch\u00e1ndolas, conociendo c\u00f3mo y d\u00f3nde viven vamos a poder trabajar en serio para su inclusi\u00f3n plena en la sociedad.<\/p>\n<p class=\"paragraph\">Nuestras palabras crean realidad&#8230; <strong>Y tenemos la enorme responsabilidad de que contribuyan a crear una sociedad m\u00e1s inclusiva.<\/strong><\/p>\n<p>&nbsp;<\/p>\n<div class=\"text-element\">(\u00ba) Especialista en contenidos para empresas. Directora de Letras del \u00c1rbol<\/div>\n<\/div>\n<\/article>\n","protected":false},"excerpt":{"rendered":"<p>Las palabras como camino a la inclusi\u00f3n. El Censo Nacional 2022 soslaya tan importante aspecto m\u00e1s a\u00fan en la vida moderna. \u00bfPor qu\u00e9?<\/p>\n","protected":false},"author":3,"featured_media":15435,"comment_status":"open","ping_status":"open","sticky":false,"template":"","format":"standard","meta":{"footnotes":"","jetpack_publicize_message":"","jetpack_publicize_feature_enabled":true,"jetpack_social_post_already_shared":false,"jetpack_social_options":{"image_generator_settings":{"template":"highway","default_image_id":0,"font":"","enabled":false},"version":2}},"categories":[13],"tags":[1813,1812],"class_list":["post-15432","post","type-post","status-publish","format-standard","has-post-thumbnail","hentry","category-interes-general","tag-censo-2022","tag-sindrome-de-down"],"jetpack_publicize_connections":[],"jetpack_featured_media_url":"https:\/\/revistaepocadigital.com.ar\/wp-content\/uploads\/2022\/03\/indice-1.jpg","jetpack_likes_enabled":true,"_links":{"self":[{"href":"https:\/\/revistaepocadigital.com.ar\/index.php?rest_route=\/wp\/v2\/posts\/15432","targetHints":{"allow":["GET"]}}],"collection":[{"href":"https:\/\/revistaepocadigital.com.ar\/index.php?rest_route=\/wp\/v2\/posts"}],"about":[{"href":"https:\/\/revistaepocadigital.com.ar\/index.php?rest_route=\/wp\/v2\/types\/post"}],"author":[{"embeddable":true,"href":"https:\/\/revistaepocadigital.com.ar\/index.php?rest_route=\/wp\/v2\/users\/3"}],"replies":[{"embeddable":true,"href":"https:\/\/revistaepocadigital.com.ar\/index.php?rest_route=%2Fwp%2Fv2%2Fcomments&post=15432"}],"version-history":[{"count":0,"href":"https:\/\/revistaepocadigital.com.ar\/index.php?rest_route=\/wp\/v2\/posts\/15432\/revisions"}],"wp:featuredmedia":[{"embeddable":true,"href":"https:\/\/revistaepocadigital.com.ar\/index.php?rest_route=\/wp\/v2\/media\/15435"}],"wp:attachment":[{"href":"https:\/\/revistaepocadigital.com.ar\/index.php?rest_route=%2Fwp%2Fv2%2Fmedia&parent=15432"}],"wp:term":[{"taxonomy":"category","embeddable":true,"href":"https:\/\/revistaepocadigital.com.ar\/index.php?rest_route=%2Fwp%2Fv2%2Fcategories&post=15432"},{"taxonomy":"post_tag","embeddable":true,"href":"https:\/\/revistaepocadigital.com.ar\/index.php?rest_route=%2Fwp%2Fv2%2Ftags&post=15432"}],"curies":[{"name":"wp","href":"https:\/\/api.w.org\/{rel}","templated":true}]}}