{"id":15453,"date":"2022-03-24T02:27:19","date_gmt":"2022-03-24T05:27:19","guid":{"rendered":"https:\/\/revistaepocadigital.com.ar\/?p=15453"},"modified":"2022-03-24T02:27:19","modified_gmt":"2022-03-24T05:27:19","slug":"ley-de-zona-fria-para-que-los-vecinos-accedan-a-tarifas-mas-bajas-de-gas","status":"publish","type":"post","link":"https:\/\/revistaepocadigital.com.ar\/?p=15453","title":{"rendered":"LEY DE ZONA FR\u00cdA PARA QUE LOS VECINOS ACCEDAN  A TARIFAS M\u00c1S BAJAS DE GAS"},"content":{"rendered":"<div class=\"kvgmc6g5 cxmmr5t8 oygrvhab hcukyx3x c1et5uql ii04i59q\">\n<div dir=\"auto\">E<strong>N EXALTACION DE LA CRUZ.<\/strong><\/div>\n<\/div>\n<p><!--more--><\/p>\n<div class=\"cxmmr5t8 oygrvhab hcukyx3x c1et5uql o9v6fnle ii04i59q\">\n<div dir=\"auto\">La Ley 27.637 modific\u00f3 la llamada Ley de Zona Fr\u00eda, y sum\u00f3 como beneficiarios a los habitantes de casi la totalidad de la provincia de Buenos Aires. El proyecto fue presentado desde el Frente de Todos.<\/div>\n<div dir=\"auto\"><\/div>\n<\/div>\n<div class=\"cxmmr5t8 oygrvhab hcukyx3x c1et5uql o9v6fnle ii04i59q\">\n<div dir=\"auto\"><em>&#8220;La Ley establece descuentos de hasta un 50% en la tarifa de gas, que sin dudas va a tener un impacto fuerte en el bolsillo. Pero<\/em><em> dentro de los muy pocos distritos excluidos de ese beneficio est\u00e1 Exaltaci\u00f3n de la Cruz, algo que nos parece sumamente injusto en tanto muchos municipios, m\u00e1s al norte est\u00e1n comprendidos en la norma<\/em> (como se ve en el mapa), ha sostenido el concejal Ra\u00fal Sancho (Juntos).<\/div>\n<div dir=\"auto\"><\/div>\n<\/div>\n<div class=\"cxmmr5t8 oygrvhab hcukyx3x c1et5uql o9v6fnle ii04i59q\">\n<div dir=\"auto\">Y agreg\u00f3, &#8220;me reun\u00ed con el diputado provincial Mat\u00edas Ranzini (2\u00aa secci\u00f3n), y el diputado nacional Cristian Ritodo (Presidente del Bloque PRO), quien nos brind\u00f3 su acompa\u00f1amiento en este tema. Pr\u00f3ximamente vamos a presentar ante el Congreso de la Naci\u00f3n el proyecto de reforma a la Ley, en defensa de todos los vecinos de Exaltaci\u00f3n de la Cruz.<\/div>\n<\/div>\n<div dir=\"auto\"><\/div>\n<div dir=\"auto\"><\/div>\n<div dir=\"auto\">Fotos:<img loading=\"lazy\" decoding=\"async\" class=\"aligncenter size-full wp-image-15455\" src=\"https:\/\/revistaepocadigital.com.ar\/wp-content\/uploads\/2022\/03\/fris.jpg\" alt=\"\" width=\"925\" height=\"969\" srcset=\"https:\/\/revistaepocadigital.com.ar\/wp-content\/uploads\/2022\/03\/fris.jpg 925w, https:\/\/revistaepocadigital.com.ar\/wp-content\/uploads\/2022\/03\/fris-286x300.jpg 286w, https:\/\/revistaepocadigital.com.ar\/wp-content\/uploads\/2022\/03\/fris-768x805.jpg 768w, https:\/\/revistaepocadigital.com.ar\/wp-content\/uploads\/2022\/03\/fris-696x729.jpg 696w, https:\/\/revistaepocadigital.com.ar\/wp-content\/uploads\/2022\/03\/fris-401x420.jpg 401w, https:\/\/revistaepocadigital.com.ar\/wp-content\/uploads\/2022\/03\/fris-802x840.jpg 802w\" sizes=\"auto, (max-width: 925px) 100vw, 925px\" \/><\/div>\n<div class=\"cxmmr5t8 oygrvhab hcukyx3x c1et5uql o9v6fnle ii04i59q\">\n<div dir=\"auto\"><\/div>\n<\/div>\n","protected":false},"excerpt":{"rendered":"<p>EN EXALTACION DE LA CRUZ.<\/p>\n","protected":false},"author":4,"featured_media":15458,"comment_status":"open","ping_status":"open","sticky":false,"template":"","format":"standard","meta":{"footnotes":"","jetpack_publicize_message":"","jetpack_publicize_feature_enabled":true,"jetpack_social_post_already_shared":false,"jetpack_social_options":{"image_generator_settings":{"template":"highway","default_image_id":0,"font":"","enabled":false},"version":2}},"categories":[13],"tags":[],"class_list":["post-15453","post","type-post","status-publish","format-standard","has-post-thumbnail","hentry","category-interes-general"],"jetpack_publicize_connections":[],"jetpack_featured_media_url":"https:\/\/revistaepocadigital.com.ar\/wp-content\/uploads\/2022\/03\/fris-1.jpg","jetpack_likes_enabled":true,"_links":{"self":[{"href":"https:\/\/revistaepocadigital.com.ar\/index.php?rest_route=\/wp\/v2\/posts\/15453","targetHints":{"allow":["GET"]}}],"collection":[{"href":"https:\/\/revistaepocadigital.com.ar\/index.php?rest_route=\/wp\/v2\/posts"}],"about":[{"href":"https:\/\/revistaepocadigital.com.ar\/index.php?rest_route=\/wp\/v2\/types\/post"}],"author":[{"embeddable":true,"href":"https:\/\/revistaepocadigital.com.ar\/index.php?rest_route=\/wp\/v2\/users\/4"}],"replies":[{"embeddable":true,"href":"https:\/\/revistaepocadigital.com.ar\/index.php?rest_route=%2Fwp%2Fv2%2Fcomments&post=15453"}],"version-history":[{"count":0,"href":"https:\/\/revistaepocadigital.com.ar\/index.php?rest_route=\/wp\/v2\/posts\/15453\/revisions"}],"wp:featuredmedia":[{"embeddable":true,"href":"https:\/\/revistaepocadigital.com.ar\/index.php?rest_route=\/wp\/v2\/media\/15458"}],"wp:attachment":[{"href":"https:\/\/revistaepocadigital.com.ar\/index.php?rest_route=%2Fwp%2Fv2%2Fmedia&parent=15453"}],"wp:term":[{"taxonomy":"category","embeddable":true,"href":"https:\/\/revistaepocadigital.com.ar\/index.php?rest_route=%2Fwp%2Fv2%2Fcategories&post=15453"},{"taxonomy":"post_tag","embeddable":true,"href":"https:\/\/revistaepocadigital.com.ar\/index.php?rest_route=%2Fwp%2Fv2%2Ftags&post=15453"}],"curies":[{"name":"wp","href":"https:\/\/api.w.org\/{rel}","templated":true}]}}