{"id":15460,"date":"2022-03-24T02:51:46","date_gmt":"2022-03-24T05:51:46","guid":{"rendered":"https:\/\/revistaepocadigital.com.ar\/?p=15460"},"modified":"2022-03-24T02:51:46","modified_gmt":"2022-03-24T05:51:46","slug":"que-siga-el-show-vol-2-la-musica-en-escena-este-sabado","status":"publish","type":"post","link":"https:\/\/revistaepocadigital.com.ar\/?p=15460","title":{"rendered":"QUE SIGA EL SHOW VOL.2   La m\u00fasica en escena este s\u00e1bado"},"content":{"rendered":"<p><strong>ES EL SEGUNDO SHOW MUSICAL DE FS PRODUCCIONES QUE CELEBRA SUS 15 A\u00d1OS.<\/strong><!--more--><\/p>\n<p>La productora de contenidos art\u00edsticos de Fabi\u00e1n Scovenna, pone en escena el espect\u00e1culo &#8220;Que siga el Show vol.1&#8221;. Se trata del segundo espect\u00e1culo musical que recorre canciones de todos los tiempos, recordando pel\u00edculas, musicales y grandes cantantes populares. Es un espect\u00e1culo apto para todo p\u00fablico.<\/p>\n<figure id=\"attachment_15463\" aria-describedby=\"caption-attachment-15463\" style=\"width: 960px\" class=\"wp-caption aligncenter\"><img loading=\"lazy\" decoding=\"async\" class=\"size-full wp-image-15463\" src=\"https:\/\/revistaepocadigital.com.ar\/wp-content\/uploads\/2022\/03\/SOVVV.jpg\" alt=\"\" width=\"960\" height=\"640\" srcset=\"https:\/\/revistaepocadigital.com.ar\/wp-content\/uploads\/2022\/03\/SOVVV.jpg 960w, https:\/\/revistaepocadigital.com.ar\/wp-content\/uploads\/2022\/03\/SOVVV-300x200.jpg 300w, https:\/\/revistaepocadigital.com.ar\/wp-content\/uploads\/2022\/03\/SOVVV-768x512.jpg 768w, https:\/\/revistaepocadigital.com.ar\/wp-content\/uploads\/2022\/03\/SOVVV-696x464.jpg 696w, https:\/\/revistaepocadigital.com.ar\/wp-content\/uploads\/2022\/03\/SOVVV-630x420.jpg 630w\" sizes=\"auto, (max-width: 960px) 100vw, 960px\" \/><figcaption id=\"caption-attachment-15463\" class=\"wp-caption-text\">Los \u00faltimos ensayos.<\/figcaption><\/figure>\n<p>Con 20 artistas en escena, es presentado el espect\u00e1culo, en una \u00fanica funci\u00f3n el s\u00e1bado 26 de este mes a las 21, en Sal\u00f3n Roma de Se\u00f1or, provincia de Buenos Aires. Las entradas se pueden adquire virtualmente desde el siguiente n\u00famero \ud83c\udfab\ud83d\udcf12323368432 (FS)<\/p>\n","protected":false},"excerpt":{"rendered":"<p>ES EL SEGUNDO SHOW MUSICAL DE FS PRODUCCIONES QUE CELEBRA SUS 15 A\u00d1OS.<\/p>\n","protected":false},"author":4,"featured_media":15462,"comment_status":"open","ping_status":"open","sticky":false,"template":"","format":"standard","meta":{"footnotes":"","jetpack_publicize_message":"","jetpack_publicize_feature_enabled":true,"jetpack_social_post_already_shared":false,"jetpack_social_options":{"image_generator_settings":{"template":"highway","default_image_id":0,"font":"","enabled":false},"version":2}},"categories":[12],"tags":[1816,83],"class_list":["post-15460","post","type-post","status-publish","format-standard","has-post-thumbnail","hentry","category-espectaculos","tag-eaatro-2022","tag-scovenna"],"jetpack_publicize_connections":[],"jetpack_featured_media_url":"https:\/\/revistaepocadigital.com.ar\/wp-content\/uploads\/2022\/03\/SCOVV.jpg","jetpack_likes_enabled":true,"_links":{"self":[{"href":"https:\/\/revistaepocadigital.com.ar\/index.php?rest_route=\/wp\/v2\/posts\/15460","targetHints":{"allow":["GET"]}}],"collection":[{"href":"https:\/\/revistaepocadigital.com.ar\/index.php?rest_route=\/wp\/v2\/posts"}],"about":[{"href":"https:\/\/revistaepocadigital.com.ar\/index.php?rest_route=\/wp\/v2\/types\/post"}],"author":[{"embeddable":true,"href":"https:\/\/revistaepocadigital.com.ar\/index.php?rest_route=\/wp\/v2\/users\/4"}],"replies":[{"embeddable":true,"href":"https:\/\/revistaepocadigital.com.ar\/index.php?rest_route=%2Fwp%2Fv2%2Fcomments&post=15460"}],"version-history":[{"count":0,"href":"https:\/\/revistaepocadigital.com.ar\/index.php?rest_route=\/wp\/v2\/posts\/15460\/revisions"}],"wp:featuredmedia":[{"embeddable":true,"href":"https:\/\/revistaepocadigital.com.ar\/index.php?rest_route=\/wp\/v2\/media\/15462"}],"wp:attachment":[{"href":"https:\/\/revistaepocadigital.com.ar\/index.php?rest_route=%2Fwp%2Fv2%2Fmedia&parent=15460"}],"wp:term":[{"taxonomy":"category","embeddable":true,"href":"https:\/\/revistaepocadigital.com.ar\/index.php?rest_route=%2Fwp%2Fv2%2Fcategories&post=15460"},{"taxonomy":"post_tag","embeddable":true,"href":"https:\/\/revistaepocadigital.com.ar\/index.php?rest_route=%2Fwp%2Fv2%2Ftags&post=15460"}],"curies":[{"name":"wp","href":"https:\/\/api.w.org\/{rel}","templated":true}]}}