{"id":15469,"date":"2022-03-24T17:29:01","date_gmt":"2022-03-24T20:29:01","guid":{"rendered":"https:\/\/revistaepocadigital.com.ar\/?p=15469"},"modified":"2022-03-24T17:29:21","modified_gmt":"2022-03-24T20:29:21","slug":"censo-2022-puntos-digitales","status":"publish","type":"post","link":"https:\/\/revistaepocadigital.com.ar\/?p=15469","title":{"rendered":"CENSO 2022: PUNTOS DIGITALES EN EL DISTRITO"},"content":{"rendered":"<p><strong>YA FUNCIONAN EN EXALTACI\u00d3N DE LA CRUZ.<\/strong><!--more--><\/p>\n<p>Son los Puntos Digitales para la la realizaci\u00f3n del censo digital.<\/p>\n<p>Si necesitas ayuda para realizarlo pod\u00e9s acercarte, de 8 a 14 horas a estos puntos:<\/p>\n<p><strong>\u2705 Centro Cultural Los Cardales<\/strong><br \/>\n<strong>\u2705 Club Progresista, Los Cardales<\/strong><br \/>\n<strong>\u2705 Delegaci\u00f3n de Parada Robles<\/strong><br \/>\n<strong>\u2705 Casa de la Cultura en Capilla del Se\u00f1or<\/strong><br \/>\n<strong>\u2705 CAV<\/strong><br \/>\n<strong>\u2705 Municipalidad<\/strong><\/p>\n<p>Si no quer\u00e9s realizarlo virtualmente, deb\u00e9s hacerlo de manera presencial el 18 de mayo en tu domicilio con las personas censistas, que visitar\u00e1n todas las viviendas del pa\u00eds.<\/p>\n<p>Quienes habitan el territorio nacional est\u00e1n obligados a responder las preguntas incluidas en el cuestionario censal. Gracias al Censo se podr\u00e1 saber cu\u00e1ntos somos, d\u00f3nde estamos y c\u00f3mo vivimos. M\u00e1s info en http:\/\/www.censo.gob.ar<\/p>\n<p>&nbsp;<\/p>\n<p>Foto: gentileza La Naci\u00f3n.<\/p>\n","protected":false},"excerpt":{"rendered":"<p>YA FUNCIONAN EN EXALTACI\u00d3N DE LA CRUZ.<\/p>\n","protected":false},"author":3,"featured_media":15473,"comment_status":"open","ping_status":"open","sticky":false,"template":"","format":"standard","meta":{"footnotes":"","jetpack_publicize_message":"","jetpack_publicize_feature_enabled":true,"jetpack_social_post_already_shared":false,"jetpack_social_options":{"image_generator_settings":{"template":"highway","default_image_id":0,"font":"","enabled":false},"version":2}},"categories":[4,5],"tags":[1813],"class_list":["post-15469","post","type-post","status-publish","format-standard","has-post-thumbnail","hentry","category-aqui-los-cardales","category-aqui-parada-robles","tag-censo-2022"],"jetpack_publicize_connections":[],"jetpack_featured_media_url":"https:\/\/revistaepocadigital.com.ar\/wp-content\/uploads\/2022\/03\/censista22-1.webp","jetpack_likes_enabled":true,"_links":{"self":[{"href":"https:\/\/revistaepocadigital.com.ar\/index.php?rest_route=\/wp\/v2\/posts\/15469","targetHints":{"allow":["GET"]}}],"collection":[{"href":"https:\/\/revistaepocadigital.com.ar\/index.php?rest_route=\/wp\/v2\/posts"}],"about":[{"href":"https:\/\/revistaepocadigital.com.ar\/index.php?rest_route=\/wp\/v2\/types\/post"}],"author":[{"embeddable":true,"href":"https:\/\/revistaepocadigital.com.ar\/index.php?rest_route=\/wp\/v2\/users\/3"}],"replies":[{"embeddable":true,"href":"https:\/\/revistaepocadigital.com.ar\/index.php?rest_route=%2Fwp%2Fv2%2Fcomments&post=15469"}],"version-history":[{"count":0,"href":"https:\/\/revistaepocadigital.com.ar\/index.php?rest_route=\/wp\/v2\/posts\/15469\/revisions"}],"wp:featuredmedia":[{"embeddable":true,"href":"https:\/\/revistaepocadigital.com.ar\/index.php?rest_route=\/wp\/v2\/media\/15473"}],"wp:attachment":[{"href":"https:\/\/revistaepocadigital.com.ar\/index.php?rest_route=%2Fwp%2Fv2%2Fmedia&parent=15469"}],"wp:term":[{"taxonomy":"category","embeddable":true,"href":"https:\/\/revistaepocadigital.com.ar\/index.php?rest_route=%2Fwp%2Fv2%2Fcategories&post=15469"},{"taxonomy":"post_tag","embeddable":true,"href":"https:\/\/revistaepocadigital.com.ar\/index.php?rest_route=%2Fwp%2Fv2%2Ftags&post=15469"}],"curies":[{"name":"wp","href":"https:\/\/api.w.org\/{rel}","templated":true}]}}