{"id":15476,"date":"2022-03-24T23:52:07","date_gmt":"2022-03-25T02:52:07","guid":{"rendered":"https:\/\/revistaepocadigital.com.ar\/?p=15476"},"modified":"2022-03-24T23:52:07","modified_gmt":"2022-03-25T02:52:07","slug":"la-conmemoracion-del-24-de-marzo-en-exaltacion-de-la-cruz","status":"publish","type":"post","link":"https:\/\/revistaepocadigital.com.ar\/?p=15476","title":{"rendered":"La conmemoraci\u00f3n del 24 de Marzo en Exaltaci\u00f3n de la Cruz"},"content":{"rendered":"<div class=\"\" dir=\"auto\">\n<div class=\"\" dir=\"auto\">\n<div class=\"ecm0bbzt hv4rvrfc ihqw7lf3 dati1w0a\" data-ad-comet-preview=\"message\" data-ad-preview=\"message\">\n<div class=\"j83agx80 cbu4d94t ew0dbk1b irj2b8pg\">\n<div class=\"qzhwtbm6 knvmm38d\">\n<div class=\"cxmmr5t8 oygrvhab hcukyx3x c1et5uql o9v6fnle ii04i59q\">\n<div dir=\"auto\">\n<p><strong><strong>FUE EN LOS CARDALES.<\/strong><\/strong><\/p>\n<div class=\"\" dir=\"auto\">\n<div class=\"\" dir=\"auto\">\n<div class=\"ecm0bbzt hv4rvrfc ihqw7lf3 dati1w0a\" data-ad-comet-preview=\"message\" data-ad-preview=\"message\">\n<div class=\"j83agx80 cbu4d94t ew0dbk1b irj2b8pg\">\n<div dir=\"auto\"><\/div>\n<\/div>\n<\/div>\n<\/div>\n<\/div>\n<p><!--more--><\/p>\n<\/div>\n<div dir=\"auto\"><\/div>\n<div dir=\"auto\">Autoridades municipales, educativas, culturales, docentes, estudiantes, vecinos, representantes de organizaciones sociales, gremiales, pol\u00edticas; familiares y amigos de Norberto Torres, el joven desaparecido en agosto de 1976 en Los Cardales. Todos convocados para la conmemoraci\u00f3n.<\/div>\n<div dir=\"auto\"><\/div>\n<div dir=\"auto\">M\u00e1s all\u00e1 del corte de electricidad general debido a la fuerte tormenta de la noche anterior (23\/3), se pudieron compartir las diversas actividades propuestas desde el \u00e1rea de Derechos Humanos del municipio. Uno de los momentos mas sentidos, se vivi\u00f3 cuando con su espl\u00e9ndida voz, Amadeo Tucci interpret\u00f3 el Himno Nacional Argentino.<\/div>\n<div dir=\"auto\"><\/div>\n<div dir=\"auto\">Se inform\u00f3 desde la comuna que, con unas breves palabras la responsable del \u00e1rea Sandra Conte, enfatiz\u00f3 &#8220;la relevancia de trabajar desde las pedagog\u00edas de la memoria para que los j\u00f3venes de la comunidad del distrito, construyan valores democr\u00e1ticos que garanticen un futuro en el que, efectivamente \u201cNunca M\u00e1s\u201d sea posible el terrorismo de Estado&#8221;.<\/div>\n<div dir=\"auto\"><\/div>\n<div dir=\"auto\">A continuaci\u00f3n, se entregaron Infograf\u00edas sobre Norberto Torres a las diversas instituciones educativas del distrito, que asumieron el compromiso de exhibirlas para que se conozca la historia, &#8220;porque nadie puede amar lo que no conoce&#8221;.<\/div>\n<\/div>\n<\/div>\n<div dir=\"auto\"><\/div>\n<div class=\"qzhwtbm6 knvmm38d\">\n<div class=\"cxmmr5t8 oygrvhab hcukyx3x c1et5uql o9v6fnle ii04i59q\">\n<div dir=\"auto\"><a href=\"https:\/\/revistaepocadigital.com.ar\/wp-content\/uploads\/2022\/03\/laza-24-3.bmpii_.bmp\"><img loading=\"lazy\" decoding=\"async\" class=\"aligncenter size-full wp-image-15480\" src=\"https:\/\/revistaepocadigital.com.ar\/wp-content\/uploads\/2022\/03\/laza-24-3.bmpii_.bmp\" alt=\"\" width=\"540\" height=\"720\" \/><\/a><\/div>\n<div dir=\"auto\">Seguidamente, la secretaria de Coordinaci\u00f3n General y Control de Gesti\u00f3n, Mar\u00eda Luz Bozzani expres\u00f3 en su discurso una s\u00edntesis de las principales referencias que enmarcaron a la conmemoraci\u00f3n, destacando la decisi\u00f3n pol\u00edtica del intendente Diego Nanni de &#8220;crear un \u00e1rea que se ocupe de la tem\u00e1tica de los derechos humanos en la gesti\u00f3n local&#8221;.<\/div>\n<div dir=\"auto\"><\/div>\n<\/div>\n<div class=\"cxmmr5t8 oygrvhab hcukyx3x c1et5uql o9v6fnle ii04i59q\">\n<div dir=\"auto\">En tanto, el profesor Mauro Tessuri, interpret\u00f3 su bell\u00edsima \u201cCanci\u00f3n de reafirmaci\u00f3n\u201d y se comparti\u00f3 la presentaci\u00f3n de la digitalizaci\u00f3n de la muestra \u201cMemorias y archivos locales: Vidas espiadas en Exaltaci\u00f3n de la Cruz\u201d. Micrositio web en la p\u00e1gina de la Comisi\u00f3n Provincial por la Memoria, accesible para toda la comunidad. La muestra abarca una selecci\u00f3n de documentaci\u00f3n del fondo DIPPBA, que permite poner en di\u00e1logo los documentos de la CPM, con las fuentes relevadas por los equipos escolares de investigaci\u00f3n en el marco del Programa J\u00f3venes y Memoria. Pueden visitarla en este enlace <a class=\"oajrlxb2 g5ia77u1 qu0x051f esr5mh6w e9989ue4 r7d6kgcz rq0escxv nhd2j8a9 nc684nl6 p7hjln8o kvgmc6g5 cxmmr5t8 oygrvhab hcukyx3x jb3vyjys rz4wbd8a qt6c0cv9 a8nywdso i1ao9s8h esuyzwwr f1sip0of lzcic4wl gpro0wi8 py34i1dx\" tabindex=\"0\" role=\"link\" href=\"https:\/\/l.facebook.com\/l.php?u=https%3A%2F%2Fwww.comisionporlamemoria.org%2Farchivo%2Fproject%2Fmemorias-y-archivos-locales-exaltacion-de-la-cruz%2F%3Ffbclid%3DIwAR2ffwMQK1RXDnuvN3bfmYdkG_0FLycMViLo_ZCA9mFYm1Bm9fNnpe4wxm0&amp;h=AT3IQyDQqoXllLG9j1ZRFWUodLVG1GIBlAYHpIEnfu-pwuC6WLvITxdz-T8d8qVGJnesZ4GideXLLEXNj36j9qllK1OfProikA7N-0KlutTKwNAwmMhPJWuOoXV8zVp5&amp;__tn__=-UK-y-R&amp;c[0]=AT245F7TRbuJsFFTWJBhRQdJnJ26w1ccSYL2cvhhLCepZnrgxqV2uuzAWF1DYI7sgneBKI0ADaqRZ2nyqL9-KD2vZtQkeXorFhLVi3gIpTzBbOLOVZrYTSV1_TkjZFgXbwAGvvv-wLTbP5hlQ7XQ7xDSlCH0WvECkwGwrbwoRXHW6KMkMlGKa9LdFkXfSUJ776I24Q\" target=\"_blank\" rel=\"nofollow noopener\">https:\/\/www.comisionporlamemoria.org\/&#8230;\/memorias-y&#8230;\/<\/a><\/div>\n<\/div>\n<div class=\"cxmmr5t8 oygrvhab hcukyx3x c1et5uql o9v6fnle ii04i59q\">\n<div dir=\"auto\"><\/div>\n<div dir=\"auto\">En el cierre del encuentro, se difunci\u00f3 el mensaje enviado por el popular cantante Le\u00f3n Gieco. Justamente Le\u00f3n, recibi\u00f3 de la Municipalidad de Exaltaci\u00f3n de la Cruz, la primera \u201cDistinci\u00f3n Norberto Torres al compromiso \u00e9tico con la Memoria, la Verdad y la Justicia, en la lucha por los Derechos Humanos\u201d. Se trata de un grabado creado por la artista pl\u00e1stica local Milu C\u00e1mera, a quien el cantante agradeci\u00f3 especialmente.<\/div>\n<div dir=\"auto\"><\/div>\n<div dir=\"auto\">El \u00e1rea de Derechos Humanos -difundieron desde la comuna- agradeci\u00f3 en especial a la Delegaci\u00f3n Cultural de Los Cardales, Sergio Iglesias y el equipo (Amadeo, Ceci, Alexis, Le\u00f3n y cada persona que colabor\u00f3), quienes trabajaron tanto para que el sentido acto, un momento de encuentro y reflexi\u00f3n para los vecinos de Exaltaci\u00f3n de la Cruz.<\/div>\n<\/div>\n<\/div>\n<div dir=\"auto\"><\/div>\n<div dir=\"auto\"><\/div>\n<div dir=\"auto\">Fotos: prensa municipalidad.<\/div>\n<\/div>\n<\/div>\n<\/div>\n<\/div>\n<p>&nbsp;<\/p>\n","protected":false},"excerpt":{"rendered":"<p>FUE EN LOS CARDALES.<\/p>\n","protected":false},"author":3,"featured_media":15478,"comment_status":"open","ping_status":"open","sticky":false,"template":"","format":"standard","meta":{"footnotes":"","jetpack_publicize_message":"","jetpack_publicize_feature_enabled":true,"jetpack_social_post_already_shared":false,"jetpack_social_options":{"image_generator_settings":{"template":"highway","default_image_id":0,"font":"","enabled":false},"version":2}},"categories":[17],"tags":[1817],"class_list":["post-15476","post","type-post","status-publish","format-standard","has-post-thumbnail","hentry","category-politica","tag-acto-24-de-marzo"],"jetpack_publicize_connections":[],"jetpack_featured_media_url":"https:\/\/revistaepocadigital.com.ar\/wp-content\/uploads\/2022\/03\/bozz-lu-nani.jpg","jetpack_likes_enabled":true,"_links":{"self":[{"href":"https:\/\/revistaepocadigital.com.ar\/index.php?rest_route=\/wp\/v2\/posts\/15476","targetHints":{"allow":["GET"]}}],"collection":[{"href":"https:\/\/revistaepocadigital.com.ar\/index.php?rest_route=\/wp\/v2\/posts"}],"about":[{"href":"https:\/\/revistaepocadigital.com.ar\/index.php?rest_route=\/wp\/v2\/types\/post"}],"author":[{"embeddable":true,"href":"https:\/\/revistaepocadigital.com.ar\/index.php?rest_route=\/wp\/v2\/users\/3"}],"replies":[{"embeddable":true,"href":"https:\/\/revistaepocadigital.com.ar\/index.php?rest_route=%2Fwp%2Fv2%2Fcomments&post=15476"}],"version-history":[{"count":0,"href":"https:\/\/revistaepocadigital.com.ar\/index.php?rest_route=\/wp\/v2\/posts\/15476\/revisions"}],"wp:featuredmedia":[{"embeddable":true,"href":"https:\/\/revistaepocadigital.com.ar\/index.php?rest_route=\/wp\/v2\/media\/15478"}],"wp:attachment":[{"href":"https:\/\/revistaepocadigital.com.ar\/index.php?rest_route=%2Fwp%2Fv2%2Fmedia&parent=15476"}],"wp:term":[{"taxonomy":"category","embeddable":true,"href":"https:\/\/revistaepocadigital.com.ar\/index.php?rest_route=%2Fwp%2Fv2%2Fcategories&post=15476"},{"taxonomy":"post_tag","embeddable":true,"href":"https:\/\/revistaepocadigital.com.ar\/index.php?rest_route=%2Fwp%2Fv2%2Ftags&post=15476"}],"curies":[{"name":"wp","href":"https:\/\/api.w.org\/{rel}","templated":true}]}}