{"id":1551,"date":"2019-02-05T01:51:47","date_gmt":"2019-02-05T04:51:47","guid":{"rendered":"https:\/\/revistaepocadigital.com.ar\/?p=1551"},"modified":"2019-02-06T14:42:07","modified_gmt":"2019-02-06T17:42:07","slug":"los-carnavales-le-ponen-el-pecho-al-momento","status":"publish","type":"post","link":"https:\/\/revistaepocadigital.com.ar\/?p=1551","title":{"rendered":"LOS CARNAVALES LE PONEN EL PECHO AL MOMENTO"},"content":{"rendered":"<p><strong>AUNQUE LOS TIEMPOS NO SON FACILES.<\/strong><!--more--><\/p>\n<p>Los <strong>Carnavales en Exaltaci\u00f3n de la Cruz<\/strong> le ponen el pecho a las circunstancias actuales, y ofrecen un buen espect\u00e1culo para vecinos y visitantes que en la noche inicial se acercaron en aceptable cantidad.<\/p>\n<p>Se ha hablado que presenciaron la primera noche de corsos en <strong>Capilla del Se\u00f1or<\/strong>, unas 3850 personas, y en concepto de recaudaci\u00f3n por venta de entradas (menores de 12 a\u00f1os, gratis), habr\u00eda ascendido a los 195.000 pesos, asi como durante la noche inaugural en concepto de ventas de las populares &#8220;espumas&#8221;, se habr\u00eda totalizado una venta que rond\u00f3 los 240.000 pesos. En el cobro de entradas colaboran en los Carnavales el <strong>Club de Leones de Capilla y el Rotary Club Capila<\/strong>, y tambi\u00e9n entidades como<strong> Capilla Racing Club y\u00a0 los Bomberos Voluntarios de Capilla del Se\u00f1or.<\/strong><\/p>\n<p><img loading=\"lazy\" decoding=\"async\" class=\"alignnone size-full wp-image-1554\" src=\"https:\/\/revistaepocadigital.com.ar\/wp-content\/uploads\/2019\/02\/CARNA-19-2.jpg\" alt=\"\" width=\"960\" height=\"540\" srcset=\"https:\/\/revistaepocadigital.com.ar\/wp-content\/uploads\/2019\/02\/CARNA-19-2.jpg 960w, https:\/\/revistaepocadigital.com.ar\/wp-content\/uploads\/2019\/02\/CARNA-19-2-300x169.jpg 300w, https:\/\/revistaepocadigital.com.ar\/wp-content\/uploads\/2019\/02\/CARNA-19-2-768x432.jpg 768w, https:\/\/revistaepocadigital.com.ar\/wp-content\/uploads\/2019\/02\/CARNA-19-2-696x392.jpg 696w, https:\/\/revistaepocadigital.com.ar\/wp-content\/uploads\/2019\/02\/CARNA-19-2-747x420.jpg 747w\" sizes=\"auto, (max-width: 960px) 100vw, 960px\" \/><\/p>\n<p><img loading=\"lazy\" decoding=\"async\" class=\"alignnone size-full wp-image-1555\" src=\"https:\/\/revistaepocadigital.com.ar\/wp-content\/uploads\/2019\/02\/CARNA-19-4.jpg\" alt=\"\" width=\"960\" height=\"540\" srcset=\"https:\/\/revistaepocadigital.com.ar\/wp-content\/uploads\/2019\/02\/CARNA-19-4.jpg 960w, https:\/\/revistaepocadigital.com.ar\/wp-content\/uploads\/2019\/02\/CARNA-19-4-300x169.jpg 300w, https:\/\/revistaepocadigital.com.ar\/wp-content\/uploads\/2019\/02\/CARNA-19-4-768x432.jpg 768w, https:\/\/revistaepocadigital.com.ar\/wp-content\/uploads\/2019\/02\/CARNA-19-4-696x392.jpg 696w, https:\/\/revistaepocadigital.com.ar\/wp-content\/uploads\/2019\/02\/CARNA-19-4-747x420.jpg 747w\" sizes=\"auto, (max-width: 960px) 100vw, 960px\" \/><br \/>\n<img loading=\"lazy\" decoding=\"async\" class=\"alignnone size-full wp-image-1556\" src=\"https:\/\/revistaepocadigital.com.ar\/wp-content\/uploads\/2019\/02\/CARNA-19-5.jpg\" alt=\"\" width=\"960\" height=\"540\" srcset=\"https:\/\/revistaepocadigital.com.ar\/wp-content\/uploads\/2019\/02\/CARNA-19-5.jpg 960w, https:\/\/revistaepocadigital.com.ar\/wp-content\/uploads\/2019\/02\/CARNA-19-5-300x169.jpg 300w, https:\/\/revistaepocadigital.com.ar\/wp-content\/uploads\/2019\/02\/CARNA-19-5-768x432.jpg 768w, https:\/\/revistaepocadigital.com.ar\/wp-content\/uploads\/2019\/02\/CARNA-19-5-696x392.jpg 696w, https:\/\/revistaepocadigital.com.ar\/wp-content\/uploads\/2019\/02\/CARNA-19-5-747x420.jpg 747w\" sizes=\"auto, (max-width: 960px) 100vw, 960px\" \/><br \/>\n<img loading=\"lazy\" decoding=\"async\" class=\"alignnone size-full wp-image-1557\" src=\"https:\/\/revistaepocadigital.com.ar\/wp-content\/uploads\/2019\/02\/CARNA-19-6.jpg\" alt=\"\" width=\"960\" height=\"540\" srcset=\"https:\/\/revistaepocadigital.com.ar\/wp-content\/uploads\/2019\/02\/CARNA-19-6.jpg 960w, https:\/\/revistaepocadigital.com.ar\/wp-content\/uploads\/2019\/02\/CARNA-19-6-300x169.jpg 300w, https:\/\/revistaepocadigital.com.ar\/wp-content\/uploads\/2019\/02\/CARNA-19-6-768x432.jpg 768w, https:\/\/revistaepocadigital.com.ar\/wp-content\/uploads\/2019\/02\/CARNA-19-6-696x392.jpg 696w, https:\/\/revistaepocadigital.com.ar\/wp-content\/uploads\/2019\/02\/CARNA-19-6-747x420.jpg 747w\" sizes=\"auto, (max-width: 960px) 100vw, 960px\" \/><br \/>\n<img loading=\"lazy\" decoding=\"async\" class=\"alignnone size-full wp-image-1558\" src=\"https:\/\/revistaepocadigital.com.ar\/wp-content\/uploads\/2019\/02\/CARNA-19-7.jpg\" alt=\"\" width=\"960\" height=\"540\" srcset=\"https:\/\/revistaepocadigital.com.ar\/wp-content\/uploads\/2019\/02\/CARNA-19-7.jpg 960w, https:\/\/revistaepocadigital.com.ar\/wp-content\/uploads\/2019\/02\/CARNA-19-7-300x169.jpg 300w, https:\/\/revistaepocadigital.com.ar\/wp-content\/uploads\/2019\/02\/CARNA-19-7-768x432.jpg 768w, https:\/\/revistaepocadigital.com.ar\/wp-content\/uploads\/2019\/02\/CARNA-19-7-696x392.jpg 696w, https:\/\/revistaepocadigital.com.ar\/wp-content\/uploads\/2019\/02\/CARNA-19-7-747x420.jpg 747w\" sizes=\"auto, (max-width: 960px) 100vw, 960px\" \/><\/p>\n<p>Para las noches de corsos se hab\u00eda dispuesto un servicio de <strong>coletivos Ruta Bus a Los Cardales y Parada Robles<\/strong> desde Capilla del Se\u00f1or a las 0 horas y 1 de la madrugada de cada domingo.<\/p>\n<p>Fotos: prensa municipalidad.<\/p>\n","protected":false},"excerpt":{"rendered":"<p>AUNQUE LOS TIEMPOS NO SON FACILES.<\/p>\n","protected":false},"author":4,"featured_media":1553,"comment_status":"open","ping_status":"open","sticky":false,"template":"","format":"standard","meta":{"footnotes":"","jetpack_publicize_message":"","jetpack_publicize_feature_enabled":true,"jetpack_social_post_already_shared":false,"jetpack_social_options":{"image_generator_settings":{"template":"highway","default_image_id":0,"font":"","enabled":false},"version":2}},"categories":[13],"tags":[196,37],"class_list":["post-1551","post","type-post","status-publish","format-standard","has-post-thumbnail","hentry","category-interes-general","tag-carnavales-capilla","tag-destacada"],"jetpack_publicize_connections":[],"jetpack_featured_media_url":"https:\/\/revistaepocadigital.com.ar\/wp-content\/uploads\/2019\/02\/CARNA-19-1.jpg","jetpack_likes_enabled":true,"_links":{"self":[{"href":"https:\/\/revistaepocadigital.com.ar\/index.php?rest_route=\/wp\/v2\/posts\/1551","targetHints":{"allow":["GET"]}}],"collection":[{"href":"https:\/\/revistaepocadigital.com.ar\/index.php?rest_route=\/wp\/v2\/posts"}],"about":[{"href":"https:\/\/revistaepocadigital.com.ar\/index.php?rest_route=\/wp\/v2\/types\/post"}],"author":[{"embeddable":true,"href":"https:\/\/revistaepocadigital.com.ar\/index.php?rest_route=\/wp\/v2\/users\/4"}],"replies":[{"embeddable":true,"href":"https:\/\/revistaepocadigital.com.ar\/index.php?rest_route=%2Fwp%2Fv2%2Fcomments&post=1551"}],"version-history":[{"count":0,"href":"https:\/\/revistaepocadigital.com.ar\/index.php?rest_route=\/wp\/v2\/posts\/1551\/revisions"}],"wp:featuredmedia":[{"embeddable":true,"href":"https:\/\/revistaepocadigital.com.ar\/index.php?rest_route=\/wp\/v2\/media\/1553"}],"wp:attachment":[{"href":"https:\/\/revistaepocadigital.com.ar\/index.php?rest_route=%2Fwp%2Fv2%2Fmedia&parent=1551"}],"wp:term":[{"taxonomy":"category","embeddable":true,"href":"https:\/\/revistaepocadigital.com.ar\/index.php?rest_route=%2Fwp%2Fv2%2Fcategories&post=1551"},{"taxonomy":"post_tag","embeddable":true,"href":"https:\/\/revistaepocadigital.com.ar\/index.php?rest_route=%2Fwp%2Fv2%2Ftags&post=1551"}],"curies":[{"name":"wp","href":"https:\/\/api.w.org\/{rel}","templated":true}]}}