{"id":15568,"date":"2022-04-03T16:57:47","date_gmt":"2022-04-03T19:57:47","guid":{"rendered":"https:\/\/revistaepocadigital.com.ar\/?p=15568"},"modified":"2022-04-04T01:18:09","modified_gmt":"2022-04-04T04:18:09","slug":"honor-y-patria-quiere-el-campeonato","status":"publish","type":"post","link":"https:\/\/revistaepocadigital.com.ar\/?p=15568","title":{"rendered":"HONOR Y PATRIA, QUIERE EL CAMPEONATO."},"content":{"rendered":"<div class=\"\" dir=\"auto\">\n<div id=\"jsc_c_9w\" class=\"ecm0bbzt hv4rvrfc ihqw7lf3 dati1w0a\" data-ad-comet-preview=\"message\" data-ad-preview=\"message\">\n<div class=\"j83agx80 cbu4d94t ew0dbk1b irj2b8pg\">\n<div class=\"qzhwtbm6 knvmm38d\">\n<div class=\"kvgmc6g5 cxmmr5t8 oygrvhab hcukyx3x c1et5uql ii04i59q\">\n<div dir=\"auto\"><strong>DE LA LIGA Z\u00c1RATE-CAMPANA DE BASQUET.<\/strong><\/div>\n<div dir=\"auto\"><\/div>\n<div dir=\"auto\">En el inicio del torneo de Primera divisi\u00f3n de la Asociaci\u00f3n de B\u00e1squet Z\u00e1rate-Campana, el club Honor y Patria de Capilla del Se\u00f1or, enfrentaba al club Ciudad de Campana en el inicio del sue\u00f1o que anhelan en la tradicional entidad capillense, el t\u00edtulo de campe\u00f3n.<\/div>\n<div dir=\"auto\"><\/div>\n<div dir=\"auto\">En pos de ess objetivo, la directiva de HyP,\u00a0 concret\u00f3 negociaciones para reforzar al plantel, refuerzos sumados a parte de los jugadores que continuareeon. Entre las incorporaciones, public\u00f3 el peri\u00f3dico La Semana Ya, estuvieron el base pilarense Thomas Lynn, el escolta Leandro Hasenauer de Derqui, el alero Juan Cruz Gallardo y el ala pivot Alejandro Yrigoyen. Los pivotes contin\u00faan siendo los destacados jugadores locales, Gabriel Cedro y Mauro Leichner.<\/div>\n<\/div>\n<\/div>\n<\/div>\n<\/div>\n<\/div>\n<div dir=\"auto\"><\/div>\n<div dir=\"auto\"><img decoding=\"async\" class=\"i09qtzwb n7fi1qx3 datstx6m pmk7jnqg j9ispegn kr520xx4 k4urcfbm\" src=\"https:\/\/scontent-eze1-1.xx.fbcdn.net\/v\/t39.30808-6\/277175995_488330776323009_3863449038051120762_n.jpg?stp=dst-jpg_s600x600&amp;_nc_cat=110&amp;ccb=1-5&amp;_nc_sid=730e14&amp;_nc_eui2=AeGIKpBWBzryirBu49iIB-AgKe5wKsicPbsp7nAqyJw9u1WDFF9v7K-eP36ZkVWQfbw&amp;_nc_ohc=pg-NW8-Ut24AX8o72Lt&amp;_nc_ht=scontent-eze1-1.xx&amp;oh=00_AT98-1qeoGajxGBXHGosEtxS1V24ZlAhCAZlnFpQpEJmTQ&amp;oe=624C755E\" alt=\"\" \/><\/div>\n<div dir=\"auto\"><\/div>\n<div dir=\"auto\">Completan el plantel: Juan Hourteillan, Rodrigo Rold\u00e1n (bases), Francisco Mart\u00ednez, Alejo y Bautista Tu\u00f1\u00f3n (escoltas), Juan Paredes, Pedro Galeano, Mat\u00edas Randazzo, Diego Rold\u00e1n (aleros), Emanuel Pastoriza y Juli\u00e1n Castro (ala pivotes). Marcelo Fern\u00e1ndez contin\u00faa como entrenador, Juan Pablo Fern\u00e1ndez es su asistente.<\/div>\n<p>&nbsp;<\/p>\n<p>Fotos: gentileza La Semana Ya.<\/p>\n","protected":false},"excerpt":{"rendered":"<p>DE LA LIGA Z\u00c1RATE-CAMPANA DE BASQUET. En el inicio del torneo de Primera divisi\u00f3n de la Asociaci\u00f3n de B\u00e1squet Z\u00e1rate-Campana, el club Honor y Patria de Capilla del Se\u00f1or, enfrentaba al club Ciudad de Campana en el inicio del sue\u00f1o que anhelan en la tradicional entidad capillense, el t\u00edtulo de campe\u00f3n. En pos de ess [&hellip;]<\/p>\n","protected":false},"author":3,"featured_media":15569,"comment_status":"open","ping_status":"open","sticky":false,"template":"","format":"standard","meta":{"footnotes":"","jetpack_publicize_message":"","jetpack_publicize_feature_enabled":true,"jetpack_social_post_already_shared":false,"jetpack_social_options":{"image_generator_settings":{"template":"highway","default_image_id":0,"font":"","enabled":false},"version":2}},"categories":[11],"tags":[102,55],"class_list":["post-15568","post","type-post","status-publish","format-standard","has-post-thumbnail","hentry","category-entidades","tag-basquet","tag-honor-y-patria"],"jetpack_publicize_connections":[],"jetpack_featured_media_url":"https:\/\/revistaepocadigital.com.ar\/wp-content\/uploads\/2022\/04\/hypp.jpg","jetpack_likes_enabled":true,"_links":{"self":[{"href":"https:\/\/revistaepocadigital.com.ar\/index.php?rest_route=\/wp\/v2\/posts\/15568","targetHints":{"allow":["GET"]}}],"collection":[{"href":"https:\/\/revistaepocadigital.com.ar\/index.php?rest_route=\/wp\/v2\/posts"}],"about":[{"href":"https:\/\/revistaepocadigital.com.ar\/index.php?rest_route=\/wp\/v2\/types\/post"}],"author":[{"embeddable":true,"href":"https:\/\/revistaepocadigital.com.ar\/index.php?rest_route=\/wp\/v2\/users\/3"}],"replies":[{"embeddable":true,"href":"https:\/\/revistaepocadigital.com.ar\/index.php?rest_route=%2Fwp%2Fv2%2Fcomments&post=15568"}],"version-history":[{"count":0,"href":"https:\/\/revistaepocadigital.com.ar\/index.php?rest_route=\/wp\/v2\/posts\/15568\/revisions"}],"wp:featuredmedia":[{"embeddable":true,"href":"https:\/\/revistaepocadigital.com.ar\/index.php?rest_route=\/wp\/v2\/media\/15569"}],"wp:attachment":[{"href":"https:\/\/revistaepocadigital.com.ar\/index.php?rest_route=%2Fwp%2Fv2%2Fmedia&parent=15568"}],"wp:term":[{"taxonomy":"category","embeddable":true,"href":"https:\/\/revistaepocadigital.com.ar\/index.php?rest_route=%2Fwp%2Fv2%2Fcategories&post=15568"},{"taxonomy":"post_tag","embeddable":true,"href":"https:\/\/revistaepocadigital.com.ar\/index.php?rest_route=%2Fwp%2Fv2%2Ftags&post=15568"}],"curies":[{"name":"wp","href":"https:\/\/api.w.org\/{rel}","templated":true}]}}