{"id":15580,"date":"2022-04-10T22:21:15","date_gmt":"2022-04-11T01:21:15","guid":{"rendered":"https:\/\/revistaepocadigital.com.ar\/?p=15580"},"modified":"2022-04-20T16:29:41","modified_gmt":"2022-04-20T19:29:41","slug":"adriana-cabrera-amor-por-las-letras","status":"publish","type":"post","link":"https:\/\/revistaepocadigital.com.ar\/?p=15580","title":{"rendered":"Adriana Cabrera, amor por las letras"},"content":{"rendered":"<p><strong>ESCRIBI\u00d3 LIBROS, ES PERIODISTA; TAMBI\u00c9N CORRECTORA, EDITORA Y FOCALIZADA EN TALLERES LITERARIOS.<\/strong><!--more--><\/p>\n<p>Es incomensurable el amor que siente por sus tres hijos claro, tambi\u00e9n <strong>Adriana Cabrera<\/strong> ama con intensidad a las letras, la literatura y el periodismo. Despliega su vida con pasi\u00f3n innata; periodista desde inicios de los \u00b490, se desempe\u00f1\u00f3 en importantes medios gr\u00e1ficos y radiales. <strong><em>&#8220;Escrib\u00ed para la m\u00edtica revista Pelo, tambi\u00e8n en Para Ti, Papparazzi, Generaci\u00f2n X y en suplementos de La Naci\u00f2n&#8221;,<\/em><\/strong> comienza dici\u00e9ndo a EPOCA mientras del otro lado del vidrio del caf\u00e9 en el centro porte\u00f1o, la vida diaria transcurre .<\/p>\n<p>A su labor period\u00edstica, comenz\u00f3 a acompa\u00f1arla una nueva pas\u00ed\u00f3n, <strong><em>&#8220;que descubr\u00ed en el a\u00f1o 2000, me atrap\u00f3 y me volqu\u00e9 a ser correctora y a la edici\u00f3n de libros; as\u00ed tras un breve paso por Distal Libros, comenc\u00e9 a elaborar mi propio propio proyecto editorial, convertido luego en un emprendimiento que este a\u00f1o 2022 cumple 15 a\u00f1os, hermoso!<\/em><\/strong>&#8220;, dice la mujer mientras se le ilumina la mirada.<\/p>\n<p>Adriana ha escrito m\u00e1s de 10 libros, algunos rubricados con su firma, en tanto otros bajo la modalidad de escritor fantasma. Con los amplios conocimientos incorporados y la experiencia acumulada como docente, cre\u00f3 como te contamos,<strong><em> &#8220;el taller de producci\u00f3n literaria que se adapta a los distintos niveles, desde principiantes a escritores noveles que est\u00e1n en v\u00edas de publicar&#8221;.<\/em><\/strong><\/p>\n<p><a href=\"https:\/\/revistaepocadigital.com.ar\/wp-content\/uploads\/2022\/04\/adr1.bmp\"><img loading=\"lazy\" decoding=\"async\" class=\"alignleft size-full wp-image-15584\" src=\"https:\/\/revistaepocadigital.com.ar\/wp-content\/uploads\/2022\/04\/adr1.bmp\" alt=\"\" width=\"540\" height=\"540\" \/><\/a><\/p>\n<p>A esa fecunda vida profesional, fue que le sum\u00f3 hace m\u00e1s de una d\u00e9cada, tal como te decimos, la realizaci\u00f3n de talleres literarios en distintos \u00e1mbitos. Y en ese marco deja la huella, el sentimiento profundo que le provocan las letras, <strong><em>&#8220;las amo en definitiva&#8221;<\/em><\/strong>, reconoce con orgullo y a la vez, placer.<\/p>\n<p>&nbsp;<\/p>\n<p><strong><em>&#8220;A los talleres literarios<\/em><\/strong> -detalla-<strong><em> los enfoco con muchas ganas, dedicaci\u00f3n y profesionalismo, y desde ya los disfruto con quienes asisten. La virtualidad como consecuencia de la pandemia, ha cambiado nuestras vidas; en este sentido he llevado a cabo pruebas piloto de los talleres literarios y los resultados fueron exitosas. El primer encuentro es gratuito, como una forma de conocernos y ver as\u00ed hacia donde dirigimos las actividades&#8221;.<\/em><\/strong><\/p>\n<p><a href=\"https:\/\/revistaepocadigital.com.ar\/wp-content\/uploads\/2022\/04\/thumbnail.bmp\"><img loading=\"lazy\" decoding=\"async\" class=\"alignleft size-full wp-image-15587\" src=\"https:\/\/revistaepocadigital.com.ar\/wp-content\/uploads\/2022\/04\/thumbnail.bmp\" alt=\"\" width=\"512\" height=\"1168\" \/><\/a><\/p>\n<p>&nbsp;<\/p>\n<p>&nbsp;<\/p>\n<p>&nbsp;<\/p>\n<p>&nbsp;<\/p>\n<p>&nbsp;<\/p>\n<p>&nbsp;<\/p>\n<p>&nbsp;<\/p>\n<p>&nbsp;<\/p>\n<p>&nbsp;<\/p>\n<p>&nbsp;<\/p>\n<p>&nbsp;<\/p>\n<p>&nbsp;<\/p>\n<p>&nbsp;<\/p>\n<p>&nbsp;<\/p>\n<p>&nbsp;<\/p>\n<p>&nbsp;<\/p>\n<p>&nbsp;<\/p>\n<p>&nbsp;<\/p>\n<p>&nbsp;<\/p>\n<p>&nbsp;<\/p>\n<p>&nbsp;<\/p>\n<p>&nbsp;<\/p>\n<p>&nbsp;<\/p>\n<p>\u00bfEn que consisten los talleres?, le pregunta EPOCA a Adriana, &#8220;<em><strong>son encuentros semanales de una hora de duraci\u00f3n aproximadamente. Se hace devoluci\u00f3n punto a punto de las tareas y a los participanantes, les env\u00edo material de apoyo y de lectura. La idea es que cada tallerista evolucione desde sus posibilidades&#8221;.<\/strong> <\/em>Las reuniones generadas por los talleres amplia, &#8220;<strong><em>son semanales y virtuales, v\u00eda Zoom o Meet, y duran poco m\u00e1s de una hora. En cada encuentro el tallerista recibe material de lectura y apoyo did\u00e1ctico, m\u00e1s las correcciones punto a punto de la actividad propuesta. A medida que se avanza, se aprende sobre g\u00e9neros literarios, ortograf\u00eda, signos de puntuaci\u00f3n, y las herramientas b\u00e1sicas para concebir un texto desde cero&#8221;.<\/em><\/strong><\/p>\n<p><a href=\"https:\/\/revistaepocadigital.com.ar\/wp-content\/uploads\/2022\/04\/adr2.bmp\"><img loading=\"lazy\" decoding=\"async\" class=\"alignleft size-full wp-image-15586\" src=\"https:\/\/revistaepocadigital.com.ar\/wp-content\/uploads\/2022\/04\/adr2.bmp\" alt=\"\" width=\"403\" height=\"400\" \/><\/a><\/p>\n<p>A modo de pormenorizar en m\u00e1s detalles sobre los talleres (su costo es de 4500 pesos mensuales),<strong> Cabrera<\/strong> sugiere &#8220;<strong><em>\u00a1hay que animarse a escribir!&#8221;<\/em><\/strong> y enseguida explica, <strong><em>\u00bfpara qu\u00e9 sirve un taller literario? Fundamentalmente para soltar al escritor que llevamos adentro, y explorar nuestra verdadera voz, nuestra verdadera letra. A su vez, el deseo de escribir y la imaginaci\u00f3n, deben acompa\u00f1arse de ciertas t\u00e9cnicas que se ir\u00e1n incorporando a lo largo del taller, a trav\u00e9s de ejercicios, lecturas y fundamentalmente produciendo y corrigiendo material propio&#8221;.<\/em><\/strong><\/p>\n<p>Los interesados, pueden escribir a: adrianapcabrera@gmail.com o comunicarse por whatsapp 11 2250 4318. El primer encuentro cumple con la funci\u00f3n de diagnosticar a qu\u00e9 apunta el tallerista es sin cargo, y no genera compromiso a continuar con los encuentros.<\/p>\n<p>.<\/p>\n<p>&nbsp;<\/p>\n","protected":false},"excerpt":{"rendered":"<p>ESCRIBI\u00d3 LIBROS, ES PERIODISTA; TAMBI\u00c9N CORRECTORA, EDITORA Y FOCALIZADA EN TALLERES LITERARIOS.<\/p>\n","protected":false},"author":4,"featured_media":15582,"comment_status":"open","ping_status":"open","sticky":false,"template":"","format":"standard","meta":{"footnotes":"","jetpack_publicize_message":"","jetpack_publicize_feature_enabled":true,"jetpack_social_post_already_shared":false,"jetpack_social_options":{"image_generator_settings":{"template":"highway","default_image_id":0,"font":"","enabled":false},"version":2}},"categories":[12],"tags":[1826,1827],"class_list":["post-15580","post","type-post","status-publish","format-standard","has-post-thumbnail","hentry","category-espectaculos","tag-adriana-cabrera","tag-talleres-literarios"],"jetpack_publicize_connections":[],"jetpack_featured_media_url":"https:\/\/revistaepocadigital.com.ar\/wp-content\/uploads\/2022\/04\/adr0.bmp","jetpack_likes_enabled":true,"_links":{"self":[{"href":"https:\/\/revistaepocadigital.com.ar\/index.php?rest_route=\/wp\/v2\/posts\/15580","targetHints":{"allow":["GET"]}}],"collection":[{"href":"https:\/\/revistaepocadigital.com.ar\/index.php?rest_route=\/wp\/v2\/posts"}],"about":[{"href":"https:\/\/revistaepocadigital.com.ar\/index.php?rest_route=\/wp\/v2\/types\/post"}],"author":[{"embeddable":true,"href":"https:\/\/revistaepocadigital.com.ar\/index.php?rest_route=\/wp\/v2\/users\/4"}],"replies":[{"embeddable":true,"href":"https:\/\/revistaepocadigital.com.ar\/index.php?rest_route=%2Fwp%2Fv2%2Fcomments&post=15580"}],"version-history":[{"count":0,"href":"https:\/\/revistaepocadigital.com.ar\/index.php?rest_route=\/wp\/v2\/posts\/15580\/revisions"}],"wp:featuredmedia":[{"embeddable":true,"href":"https:\/\/revistaepocadigital.com.ar\/index.php?rest_route=\/wp\/v2\/media\/15582"}],"wp:attachment":[{"href":"https:\/\/revistaepocadigital.com.ar\/index.php?rest_route=%2Fwp%2Fv2%2Fmedia&parent=15580"}],"wp:term":[{"taxonomy":"category","embeddable":true,"href":"https:\/\/revistaepocadigital.com.ar\/index.php?rest_route=%2Fwp%2Fv2%2Fcategories&post=15580"},{"taxonomy":"post_tag","embeddable":true,"href":"https:\/\/revistaepocadigital.com.ar\/index.php?rest_route=%2Fwp%2Fv2%2Ftags&post=15580"}],"curies":[{"name":"wp","href":"https:\/\/api.w.org\/{rel}","templated":true}]}}