{"id":15590,"date":"2022-04-02T09:01:23","date_gmt":"2022-04-02T12:01:23","guid":{"rendered":"https:\/\/revistaepocadigital.com.ar\/?p=15590"},"modified":"2022-04-02T09:02:33","modified_gmt":"2022-04-02T12:02:33","slug":"40-anos-volveria-a-jugarme-la-vida-por-la-patria-el-testimonio-de-un-comando-en-malvinas","status":"publish","type":"post","link":"https:\/\/revistaepocadigital.com.ar\/?p=15590","title":{"rendered":"40 A\u00d1OS. \u201cVolver\u00eda a jugarme la vida por la patria\u201d, el testimonio de un comando en Malvinas"},"content":{"rendered":"<h4 class=\"article-headline\"><strong>LOS COMBATES EN MALVINAS DEL 2 DE ABRIL DE 1982<\/strong>. Nota de Hugo Mart\u00edn publicada en Infobae.com<!--more--><\/h4>\n<h3 class=\"article-subheadline\">Horacio Nu\u00f1ez era Cabo 1\u00b0 de la Armada y fue uno de los 84 comandos anfibios de la infanter\u00eda de Marina que desembarcaron el 1 de abril por la noche y reconquistaron las islas la ma\u00f1ana siguiente. La llegada en los botes. El ataque al cuartel de los Royals Marines. La bandera en las islas. La lucha en la casa del gobernador y la muerte del Capit\u00e1n Giachino. Y la foto sonriendo despu\u00e9s de la tarea cumplida<\/h3>\n<div class=\"nd-buttons-container\"><\/div>\n<article class=\"article\">\n<div class=\"nd-body-article\">\n<div class=\"visual__image\"><img loading=\"lazy\" decoding=\"async\" class=\"\" src=\"https:\/\/cloudfront-us-east-1.images.arcpublishing.com\/infobae\/YSHFGROHSJHUFDCCA2JRXZMCAE.jpg\" sizes=\"auto, (min-width: 800px) 50vw, 90vw\" srcset=\"https:\/\/www.infobae.com\/new-resizer\/GW8nWTHZu0lb6KVGK7dzLnztft4=\/420x280\/filters:format(webp):quality(85)\/cloudfront-us-east-1.images.arcpublishing.com\/infobae\/YSHFGROHSJHUFDCCA2JRXZMCAE.jpg 420w,https:\/\/www.infobae.com\/new-resizer\/yCMX7FAMjQIz5btklfvAfoIQ0zE=\/768x512\/filters:format(webp):quality(85)\/cloudfront-us-east-1.images.arcpublishing.com\/infobae\/YSHFGROHSJHUFDCCA2JRXZMCAE.jpg 768w,https:\/\/www.infobae.com\/new-resizer\/KUsJ_TQu6AoB8s68hYDoCCllyqs=\/992x661\/filters:format(webp):quality(85)\/cloudfront-us-east-1.images.arcpublishing.com\/infobae\/YSHFGROHSJHUFDCCA2JRXZMCAE.jpg 992w,https:\/\/www.infobae.com\/new-resizer\/O6dQRh9EdAbp_dDnWVxI8TcE9s0=\/1200x800\/filters:format(webp):quality(85)\/cloudfront-us-east-1.images.arcpublishing.com\/infobae\/YSHFGROHSJHUFDCCA2JRXZMCAE.jpg 1200w,https:\/\/www.infobae.com\/new-resizer\/Uzjjn4bxK2i001phWH8dTdBP41w=\/1440x960\/filters:format(webp):quality(85)\/cloudfront-us-east-1.images.arcpublishing.com\/infobae\/YSHFGROHSJHUFDCCA2JRXZMCAE.jpg 1440w\" alt=\"Horacio Nu\u00f1ez en su casa natal de Ituzaing\u00f3, en Corrientes, con la foto que lo hizo conocido en 1982 despu\u00e9s de reconquistar las islas Malvinas Mat\u00edas Arbotto)\" width=\"1920\" height=\"1280\" \/>Horacio Nu\u00f1ez en su casa natal de Ituzaing\u00f3, en Corrientes, con la foto que lo hizo conocido en 1982 despu\u00e9s de reconquistar las islas Malvinas Mat\u00edas Arbotto)<\/div>\n<div><\/div>\n<p class=\"paragraph\">El 1 de abril de 1982, exactamente a las 21:18,\u00a0<b>84 comandos anfibios y buzos t\u00e1cticos<\/b>\u00a0de la Armada se zambulleron en dos kayaks y botes de goma desde el buque ARA Sant\u00edsima Trinidad, que hab\u00eda detenido sus motores, hacia la oscuridad de la bah\u00eda Enriqueta. Iban camuflados y bien pertrechados: cada uno llevaba las granadas que pod\u00eda acarrear y 1500 municiones para su fusil. Iban al mando del\u00a0<b>capit\u00e1n de corbeta Guillermo S\u00e1nchez Sabarots<\/b>\u00a0y su segundo, el\u00a0<b>capit\u00e1n de fragata Pedro Giachino<\/b>. Intentaron el desembarco en un peque\u00f1o arroyo llamado Mullet Creek, pero los cachiyuyos -una suerte de algas- se enredaban en los botes. Lo hicieron en la zona de Lake Point, a la que bautizaron \u201cPlaya Verde\u201d.\u00a0<b>El primero en pisar suelo malvinense fue el capit\u00e1n de fragata Carlos Cerqueira.\u00a0<\/b>Se asegur\u00f3 la zona y se coloc\u00f3 una se\u00f1al infrarroja. Entre el grupo que arrib\u00f3 en los 20 botes restantes se encontraba\u00a0<b>Horacio Nu\u00f1ez.\u00a0<\/b>Ten\u00eda 24 a\u00f1os, era Cabo 1\u00b0, llevaba seis dentro de la Armada y participaba del curso de comando anfibio cuando fue convocado, sin saberlo, a\u00a0<a href=\"https:\/\/www.infobae.com\/sociedad\/2022\/04\/01\/malvinas-dia-d-la-operacion-rosario-una-furiosa-tormenta-y-la-adrenalina-del-desembarco-del-2-de-abril-de-1982\/\" target=\"_blank\" rel=\"noopener\">la Operaci\u00f3n Virgen del Rosario<\/a>.<\/p>\n<p class=\"paragraph\">Cuarenta a\u00f1os despu\u00e9s,<b>\u00a0Nu\u00f1ez est\u00e1 en Ituzaing\u00f3, Corrientes, donde naci\u00f3.<\/b>\u00a0Tiene, en su brazo izquierdo, un enorme tatuaje: las islas pintadas de celeste y blanco y un ancla cruz\u00e1ndolas. Este verano pele\u00f3 otra guerra, esta vez contra el fuego. Pero su paso breve y decisivo por Malvinas ser\u00e1 eterno. La tensi\u00f3n, para \u00e9l, lleg\u00f3 desde el primer momento que baj\u00f3 del bote,<b>\u00a0munido de su FAL, con cuatro granadas de mano y dos antitanque en el arn\u00e9s y munici\u00f3n a granel en la mochila:<\/b>\u00a0\u201cHab\u00edamos atravesado una tormenta y yo me mareaba. Adem\u00e1s la turba es acolchada. As\u00ed que cuando baj\u00e9 a la isla era como que iba caminando en el aire, aunque la mochila era bastante pesada. \u00a1Pero no sab\u00eda si era la turba o si era yo!\u201d.<\/p>\n<div class=\"teads-adCall\"><\/div>\n<div class=\"visual__image\"><img loading=\"lazy\" decoding=\"async\" class=\"\" src=\"https:\/\/cloudfront-us-east-1.images.arcpublishing.com\/infobae\/ISAA35KQAVFNHDJTGVVIIPDI5A.jpg\" sizes=\"auto, (min-width: 800px) 50vw, 90vw\" srcset=\"https:\/\/www.infobae.com\/new-resizer\/KBK5Az6ZQbkCYGsPP0EIZkFsc8Y=\/420x236\/filters:format(webp):quality(85)\/cloudfront-us-east-1.images.arcpublishing.com\/infobae\/ISAA35KQAVFNHDJTGVVIIPDI5A.jpg 420w,https:\/\/www.infobae.com\/new-resizer\/2Y2PkW6X2jRGPTD7yXBh_nZ5yu8=\/768x432\/filters:format(webp):quality(85)\/cloudfront-us-east-1.images.arcpublishing.com\/infobae\/ISAA35KQAVFNHDJTGVVIIPDI5A.jpg 768w,https:\/\/www.infobae.com\/new-resizer\/MEFZA4N7MZ6n1-pSjoKEGboZUkY=\/992x558\/filters:format(webp):quality(85)\/cloudfront-us-east-1.images.arcpublishing.com\/infobae\/ISAA35KQAVFNHDJTGVVIIPDI5A.jpg 992w,https:\/\/www.infobae.com\/new-resizer\/Kixj-CvZEZ_jRHHAd1SFIVf-Z5Q=\/1200x675\/filters:format(webp):quality(85)\/cloudfront-us-east-1.images.arcpublishing.com\/infobae\/ISAA35KQAVFNHDJTGVVIIPDI5A.jpg 1200w,https:\/\/www.infobae.com\/new-resizer\/KTyoWrwvtHWrrOFIe04qiieMyOE=\/1440x810\/filters:format(webp):quality(85)\/cloudfront-us-east-1.images.arcpublishing.com\/infobae\/ISAA35KQAVFNHDJTGVVIIPDI5A.jpg 1440w\" alt=\"Veh\u00edculos anfibios en Puerto Argentino tras el desembarco del 2 de abril de 1982\" width=\"1920\" height=\"1080\" \/>Veh\u00edculos anfibios en Puerto Argentino tras el desembarco del 2 de abril de 1982<\/div>\n<p class=\"paragraph\">Nu\u00f1ez habla bajo, es sincero hasta para admitir sus propias debilidades, no hay estridencias en \u00e9l. Ni tiene falsa modestia ni vende un Rambo. A veces tensa los m\u00fasculos cuando un recuerdo fuerte lo atraviesa. Tiene los mismos ojos achinados que en la famosa fotograf\u00eda que ilustr\u00f3 la recuperaci\u00f3n de las islas. S\u00f3lo una barba candado y el pelo raleado delatan que ya son cuatro las d\u00e9cadas que transcurrieron. Y su propia historia:\u00a0<b>est\u00e1 casado con Ana Mar\u00eda. tiene un hijo, Nahuel Horacio y cinco nietos: Mayte, Ian, Nahomi, M\u00e1ximo y Lucille.\u00a0<\/b>Se retir\u00f3 de la Infanter\u00eda de Marina hace 11 a\u00f1os y vive en Bah\u00eda Blanca.<\/p>\n<p class=\"paragraph\">El 28 de marzo embarc\u00f3 en el destructor Sant\u00edsima Trinidad en Mar del Plata. A pesar que la reconquista de las islas lo tom\u00f3 por sorpresa, seg\u00fan dice, hab\u00edan entrenado duro en Sierra de los Padres poco antes, lo que luego descubri\u00f3 como un indicio. \u201cHicimos una semana de instrucci\u00f3n con navegaci\u00f3n nocturna, supervivencia. Para nosotros era algo normal. Pero\u00a0<mark class=\"hl_yellow\">si van al terreno, van a ver que esa zona, cerca de Balcarce, es muy parecida a Malvinas, excepto que hay \u00e1rboles. Y el clima, por supuesto. Pero las piedras, c\u00f3mo caminar de noche y esas cosas, nos ayudaron\u2026\u201d<\/mark>, cuenta.<\/p>\n<p class=\"paragraph\">Ya en plena navegaci\u00f3n, los comandos anfibios y los buzos t\u00e1cticos pensaban que iban a Tierra del Fuego \u201cpor el despliegue, y porque en el 78 estuvimos muy cerca de la guerra con Chile por el Beagle, pensamos que era por ah\u00ed la cosa.\u00a0<b>Nunca imaginamos Malvinas. Pero cuando recibimos la orden que \u00edbamos a recuperar las islas, hubo una algarab\u00eda total en toda la tripulaci\u00f3n\u201d.<\/b><\/p>\n<div class=\"jwplayer-ctn\">\n<div>\n<div id=\"8kDJKuwu\" class=\"jwplayer jw-reset jw-state-idle jw-stretch-uniform jw-flag-aspect-mode jw-floating-dismissible jw-flag-user-inactive jw-breakpoint-3\" tabindex=\"0\" role=\"application\" aria-label=\"Reproductor de Video\" aria-describedby=\"jw-shortcuts-tooltip-explanation\">\n<div class=\"afs_ads ad-placement\"><\/div>\n<\/div>\n<\/div>\n<\/div>\n<p class=\"paragraph\">El paso del tiempo va aguando la memoria. Nu\u00f1ez no recuerda la fecha exacta en que se enter\u00f3 del verdadero destino. \u201cEl 30 habr\u00e1 sido\u2026 Se que se modific\u00f3 el d\u00eda porque los ingleses se hab\u00edan enterado del desembarco y nos estaban esperando. Digo esto porque el coronel Seineld\u00edn ten\u00eda como objetivo la casa del gobernador, pero en su secci\u00f3n la mayor\u00eda eran conscriptos. Entonces cambiaron.\u00a0<b>A \u00e9l le ordenaron que tome el aeropuerto y al capit\u00e1n Giachino la casa del gobernador.\u00a0<\/b>Nos dividimos en tres grupos: el otro, en el que estaba yo, ten\u00eda como objetivo a Moody Brook\u201d.<\/p>\n<p class=\"paragraph\">En efecto, el 30 de marzo la inteligencia brit\u00e1nica alert\u00f3 al gobernador de las islas, Rex Hunt, la inminencia del ataque. Los Royals Marines, cuyo cuartel general estaba en Moody Brook -a unos 4.5 km de Puerto Argentino-, se prepararon para defender las islas.\u00a0<b>Ya el 1 de abril, el faro fue apagado y las radiobalizas del aeropuerto local dejaron de funcionar.\u00a0<\/b>Por la noche, la oscuridad total recibi\u00f3 a Nu\u00f1ez y los comandos anfibios. Apenas la mortecina luz de luna dejaba adivinas las siluetas. Eso, y los visores infrarrojos que usaban los destacados en la vanguardia. \u201cSer un comando significa formar parte de las fuerzas especiales, se necesita mucho car\u00e1cter, mucha instrucci\u00f3n, mucho estado f\u00edsico. Nosotros, dentro de nuestras habilidades, tratamos de desarrollar el o\u00eddo, el olfato y el tacto, porque en la oscuridad nos desplazamos. Nos ayuda al tocar algo que no vemos. A o\u00edr voces y movimientos. Y a oler. Cuando uno est\u00e1 en territorio enemigo, \u00e9ste puede estar oculto, pero come, y la comida se huele. El que est\u00e1 acostumbrado a estar en el campo, olfatea la comida. Y entonces, algo hay ah\u00ed\u2026\u201d, dice, y entrecierra los ojos.<\/p>\n<div class=\"visual__image\"><img loading=\"lazy\" decoding=\"async\" class=\"\" src=\"https:\/\/cloudfront-us-east-1.images.arcpublishing.com\/infobae\/RLPSM2SWORE6HJDRM4CYKLFVVA.jpg\" sizes=\"auto, (min-width: 800px) 50vw, 90vw\" srcset=\"https:\/\/www.infobae.com\/new-resizer\/zuz8QSd9kSmxdnNWpyy4pY7tdhQ=\/420x236\/filters:format(webp):quality(85)\/cloudfront-us-east-1.images.arcpublishing.com\/infobae\/RLPSM2SWORE6HJDRM4CYKLFVVA.jpg 420w,https:\/\/www.infobae.com\/new-resizer\/5d1LuTfck1zscN4EDA_TSCq4tOA=\/768x432\/filters:format(webp):quality(85)\/cloudfront-us-east-1.images.arcpublishing.com\/infobae\/RLPSM2SWORE6HJDRM4CYKLFVVA.jpg 768w,https:\/\/www.infobae.com\/new-resizer\/FDihcAn2CRyNO5SfSHLyyCBA6yk=\/992x558\/filters:format(webp):quality(85)\/cloudfront-us-east-1.images.arcpublishing.com\/infobae\/RLPSM2SWORE6HJDRM4CYKLFVVA.jpg 992w,https:\/\/www.infobae.com\/new-resizer\/VMcX70cO7N6LPROImNRU6LfKWJ8=\/1200x675\/filters:format(webp):quality(85)\/cloudfront-us-east-1.images.arcpublishing.com\/infobae\/RLPSM2SWORE6HJDRM4CYKLFVVA.jpg 1200w,https:\/\/www.infobae.com\/new-resizer\/kYbLt2Y4g4Wuu13W6qbf_Pyc9OY=\/1440x810\/filters:format(webp):quality(85)\/cloudfront-us-east-1.images.arcpublishing.com\/infobae\/RLPSM2SWORE6HJDRM4CYKLFVVA.jpg 1440w\" alt=\"Infantes de Marina luego del desembarco en Malvinas el 2 de abril de 1982\" width=\"1920\" height=\"1080\" \/>Infantes de Marina luego del desembarco en Malvinas el 2 de abril de 1982.<\/div>\n<div><\/div>\n<p class=\"paragraph\">En Lake Point se dividieron. El capit\u00e1n Giachino y sus hombres marcharon a tomar la casa del gobernador. El capit\u00e1n de corbeta S\u00e1nchez Sabarots y los suyos -entre ellos Nu\u00f1ez- partieron rumbo a Moody Brook, donde pensaban que estar\u00eda la mayor resistencia. Empezaron a caminar cerca de las 23 hs. Lo hicieron \u201cen sigilosa\u201d, como dice el veterano comando. Casi sin hablar ni hacer ruido,<b>\u00a0llegaron al cuartel brit\u00e1nico despu\u00e9s de caminar unas cuatro horas.<\/b>\u00a0All\u00ed, el diablo casi mete la cola. Y el diablo pudo ser Nu\u00f1ez.\u00a0<mark class=\"hl_yellow\">\u201cEst\u00e1bamos en posici\u00f3n para pasar al asalto en s\u00ed, hac\u00edamos las \u00faltimas coordinaciones, y mi reloj empez\u00f3 a sonar.\u00a0<\/mark>Yo todos los d\u00edas pon\u00eda el despertador a las 5.30 de la ma\u00f1ana, era autom\u00e1tico. Pero no son\u00f3 mucho tampoco. Pero ese pip pip que hizo, parec\u00eda que se hab\u00eda escuchado\u2026 no s\u00e9. Lo o\u00ed, y menos mal que no ten\u00eda los guantes colocados, as\u00ed que lo pude apagar r\u00e1pido. Si llego a tener los guantes, \u00bfc\u00f3mo hac\u00eda?\u201d. Ahora sonr\u00ede Nu\u00f1ez. Y cuenta que el reloj, un Casio, todav\u00eda funciona y lo tiene en Bah\u00eda Blanca.<\/p>\n<p class=\"paragraph\"><b>La hora \u201cH\u201d, cuando todas las unidades atacar\u00edan en forma coordinada, se hab\u00eda establecido para las 6:00.\u00a0<\/b>En Moody Brook, la acci\u00f3n fue r\u00e1pida. \u201cYa ten\u00edamos los distintos grupos para tomarlo y fuimos haciendo un movimiento de pinzas, as\u00ed (ilustra con las manos)&#8230;\u00a0<mark class=\"hl_yellow\">Hab\u00eda tres o cuatro soldados ingleses y cuando vieron que los rodeamos, hicieron un par de tiros como para amedrentarnos y escaparon. Se fueron porque no hab\u00eda forma de detenernos, nosotros \u00e9ramos muchos\u201d<\/mark>. A continuaci\u00f3n,<b>\u00a0el capit\u00e1n de corbeta S\u00e1nchez Sabarots y el suboficial mayor Guillermo Rodr\u00edguez izaron por primera vez la bandera argentina\u00a0<\/b>en el cuartel de Moody Brook.<\/p>\n<div class=\"visual__image\"><img loading=\"lazy\" decoding=\"async\" class=\"\" src=\"https:\/\/cloudfront-us-east-1.images.arcpublishing.com\/infobae\/R5WIEMZQBNCALO2ACALV2AUVNY.jpg\" sizes=\"auto, (min-width: 800px) 50vw, 90vw\" srcset=\"https:\/\/www.infobae.com\/new-resizer\/KgH6XcXMr7WpN1hDgCgGlePM2-8=\/420x560\/filters:format(webp):quality(85)\/cloudfront-us-east-1.images.arcpublishing.com\/infobae\/R5WIEMZQBNCALO2ACALV2AUVNY.jpg 420w,https:\/\/www.infobae.com\/new-resizer\/SknYH6L3deHOg0q-348MWi5XjUo=\/768x1024\/filters:format(webp):quality(85)\/cloudfront-us-east-1.images.arcpublishing.com\/infobae\/R5WIEMZQBNCALO2ACALV2AUVNY.jpg 768w,https:\/\/www.infobae.com\/new-resizer\/fzLa-k0sxD0jjqcf6Ast1XwwPSg=\/992x1323\/filters:format(webp):quality(85)\/cloudfront-us-east-1.images.arcpublishing.com\/infobae\/R5WIEMZQBNCALO2ACALV2AUVNY.jpg 992w,https:\/\/www.infobae.com\/new-resizer\/2g9pqGRiS7fOHVpNpcl26toTNOM=\/1200x1600\/filters:format(webp):quality(85)\/cloudfront-us-east-1.images.arcpublishing.com\/infobae\/R5WIEMZQBNCALO2ACALV2AUVNY.jpg 1200w\" alt=\"El primer izamiento de la bandera argentina despu\u00e9s de la recuperaci\u00f3n fue el 2 de abril en el cuartel de Moody Brook, y lo hicieron el el capit\u00e1n de corbeta Guillermo S\u00e1nchez Sabarots y el suboficial mayor Guillermo Rodr\u00edguez\" width=\"770\" height=\"987\" \/>El primer izamiento de la bandera argentina despu\u00e9s de la recuperaci\u00f3n fue el 2 de abril en el cuartel de Moody Brook, y lo hicieron el capit\u00e1n de corbeta Guillermo S\u00e1nchez Sabarots y el suboficial mayor Guillermo Rodr\u00edguez.<\/div>\n<\/div>\n<div><\/div>\n<div class=\"nd-body-article\">\n<p class=\"paragraph\">Donde s\u00ed se combat\u00eda duro era alrededor de la casa del gobernador, en el extremo este de Puerto Argentino. Desde Moody Brook, a 40 minutos a pie de all\u00ed, Nu\u00f1ez y sus compa\u00f1eros percib\u00edan lo que suced\u00eda a la distancia.\u00a0<b>\u201cEscuch\u00e1bamos los disparos y ve\u00edamos la munici\u00f3n trazante. Ve\u00edamos c\u00f3mo se estaba luchando. C\u00f3mo se defend\u00eda la casa.<\/b>\u00a0Y bueno\u2026 La misi\u00f3n nuestra era la recuperaci\u00f3n de Moody Brook. Y el capit\u00e1n Giachino tomar la casa\u2026 pero se le hizo pesado. No se entregaban, as\u00ed que fuimos en apoyo del capit\u00e1n Giachino\u201d, recuerda.<\/p>\n<p class=\"paragraph\"><b>En el camino tomaron tres prisioneros.<\/b>\u00a0Los llevaron a donde estaba el comandante de la agrupaci\u00f3n, que se hizo cargo. Ellos siguieron la marcha hacia el pueblo. \u201cLlegamos a la casa del gobernador con Batista (Jacinto Eliseo Batistal). \u00c9l era Cabo Principal y yo Cabo 1\u00ba, as\u00ed que me dijo \u2018vos and\u00e1 por el frente que yo me voy por atr\u00e1s\u2019. Ah\u00ed nos dividimos.\u00a0<mark class=\"hl_yellow\">Atr\u00e1s, \u00e9l tom\u00f3 prisionero a un grupo de soldados ingleses, que\u00a0<\/mark><a href=\"https:\/\/www.infobae.com\/sociedad\/2017\/03\/26\/la-historia-de-dos-soldados-enemigos-y-de-una-foto-iconica-que-sigue-dando-la-vuelta-al-mundo\/\" target=\"_blank\" rel=\"noopener\"><mark class=\"hl_yellow\">es la famosa foto donde salen con las manos levantadas<\/mark><\/a><mark class=\"hl_yellow\">.<\/mark>\u00a0Yo me fui por el frente, donde encontr\u00e9 unos soldados ingleses\u201d.<\/p>\n<p class=\"paragraph\">En ese momento, por primera vez en su vida,\u00a0<b>Horacio Nu\u00f1ez vio a la muerte frente a \u00e9l.<\/b>\u00a0En la punta del ca\u00f1\u00f3n de un fusil ingl\u00e9s. \u201cA nosotros nos ense\u00f1an a tener respeto y a superar el miedo. Una vez que se logra eso, parece que uno no le teme a nada, pero no es as\u00ed.\u00a0<b>Uno tiene miedo, pero sabe dominarlo.\u00a0<\/b>Yo siempre respete lo que fuera: a saltar en paraca\u00eddas, a meterse al agua. Es decir, no porque sepa nadar me voy a mandar al agua como sea. A todo hay que respetar\u201d, se\u00f1ala con simpleza y sabidur\u00eda. Lo que vivi\u00f3, define, fue \u201cun momento tenso\u201d. \u201cVen\u00eda agazapado detr\u00e1s de una ligustrina, llegu\u00e9 a unos 30 metros, o quiz\u00e1s menos, a 20 metros de la casa y en el jard\u00edn vi a un soldado apuntando hacia mi derecha.\u00a0<mark class=\"hl_yellow\">Me escond\u00ed, saqu\u00e9 el seguro del fusil y cuando me par\u00e9, le apunt\u00e9. Cuando lo hice, me mostr\u00f3 la mano as\u00ed (muestra la palma). Pero \u00e9l no me estaba apuntando a m\u00ed. Me miraba, pero el fusil iba para otro lado. Le hice una se\u00f1a con el fusil para que se pare y \u00e9l mir\u00f3 hacia el costado. Yo hice lo mismo y vi que hab\u00eda dos ingleses que si me apuntaban, no recuerdo si con una ametralladora o un fusil. Cuando los vi, me volv\u00ed hacia ellos, les apunt\u00e9 y bueno, levantaron las manos. Les hice se\u00f1as, se pararon. De atr\u00e1s de otras plantas aparecieron otros m\u00e1s, y se fueron rindiendo.<\/mark>\u00a0Los llev\u00e9 a la calle frente a la casa del gobernador y los hice tirar cuerpo a tierra por mi seguridad. Yo estaba solo, mis compa\u00f1eros no hab\u00edan llegado todav\u00eda\u201d.<\/p>\n<p class=\"paragraph\">Esa ma\u00f1ana le deparaba un duro golpe todav\u00eda.<b>\u00a0El \u00fanico muerto argentino de la Operaci\u00f3n Virgen del Rosario fue el Capit\u00e1n Pedro Giachino. \u201cMi \u00eddolo\u201d, dice Nu\u00f1ez.<\/b>\u00a0Tambi\u00e9n cuenta que al inicio de la batalla, cuando lleg\u00f3 desde Moody Brook, vio su cuerpo tirado, sin saber que era \u00e9l. \u201cNo fui a socorrerlo primero porque no sab\u00eda qui\u00e9n era. Segundo, no sab\u00eda si estaba muerto, vivo\u2026 lo vi tirado, acostado. E imagin\u00e9 que si alguien estaba ah\u00ed era porque estaba custodiado bajo el fuego de los ingleses. Segu\u00ed haciendo lo que deb\u00eda, ir al frente de la casa del gobernador. Pero\u00a0<mark class=\"hl_yellow\">s\u00ed supe cuando lo llevaron, cuando me lleg\u00f3 la informaci\u00f3n que era el Capit\u00e1n Giachino al que estaban levantando\u2026 Me dio una bronca, quer\u00eda patearle la cabeza a los ingleses que ten\u00eda ah\u00ed abajo, pero bueno, ten\u00edamos orden de no tocarlos\u2026\u201d<\/mark>. Y se siente en el aire que la bronca perdura.<\/p>\n<p class=\"paragraph\">Junto a Giachino, a dos metros de \u00e9l,\u00a0<b>cay\u00f3 herido el teniente de fragata Diego Garc\u00eda Quiroga<\/b>, que recibi\u00f3 tres disparos de diferentes fusiles: uno en el brazo, otro en el cuerpo y al tercero se incrust\u00f3 en un cortaplumas suizo que colgaba de su cintur\u00f3n. Fue el primer efectivo que atendieron en el hospital de Comodoro Rivadavia.\u00a0<b>El cabo 1\u00ba Ernesto Urbina, que como enfermero corri\u00f3 a auxiliarlos, fue el segundo herido<\/b>\u00a0del combate.<\/p>\n<div class=\"jwplayer-ctn\">\n<div>\n<div id=\"pUjh6QHK\" class=\"jwplayer jw-reset jw-state-idle jw-stretch-uniform jw-flag-aspect-mode jw-floating-dismissible jw-flag-user-inactive jw-breakpoint-3\" tabindex=\"0\" role=\"application\" aria-label=\"Reproductor de Video\" aria-describedby=\"jw-shortcuts-tooltip-explanation\">\n<div class=\"jw-wrapper jw-reset\">\n<div class=\"jw-controls jw-reset\">\n<div class=\"jw-display jw-reset\">\n<div class=\"jw-display-container jw-reset\">\n<div class=\"jw-display-controls jw-reset\">\n<div class=\"jw-display-icon-container jw-display-icon-display jw-reset\">\n<div class=\"jw-icon jw-icon-display jw-button-color jw-reset\" tabindex=\"0\" role=\"button\" aria-label=\"Reproducir\"><\/div>\n<\/div>\n<\/div>\n<\/div>\n<\/div>\n<\/div>\n<\/div>\n<\/div>\n<\/div>\n<\/div>\n<p class=\"paragraph\">Para Nu\u00f1ez,\u00a0<mark class=\"hl_yellow\">Giachino era \u201cel jefe, el cabeza. Siempre estaba al frente de todo, era un referente para nosotros. Si hab\u00eda que hacer algo, \u00e9l no ten\u00eda problema. \u00c9l se ten\u00eda que sacrificar, lo hac\u00eda primero. Daba una orden, \u00e9l era el ejemplo. Y el ejemplo a seguir<\/mark>. Por la forma, por su car\u00e1cter, por la buena persona que era\u201d. Y se queda en silencio, mirando al vac\u00edo. O a 40 a\u00f1os atr\u00e1s.<\/p>\n<p class=\"paragraph\">Despu\u00e9s que los Royals Marines se rindieron, vino la calma. Y ah\u00ed lleg\u00f3 el click,\u00a0<b>la foto, la imagen de Nu\u00f1ez sonriendo, con cuatro granadas colgando de su cuello y la cara camuflada con pomada negra.<\/b>\u00a0Una imagen a la que intent\u00f3 escapar: \u201cVi venir al fot\u00f3grafo adonde estaba yo. Lo entr\u00e9 a esquivar para no salir. En un momento dado hablo con un compa\u00f1ero y le digo \u2018fijate, este muchacho me viene siguiendo\u2019. Lo ten\u00eda atr\u00e1s m\u00edo. Y me dice, \u2018\u00bfqui\u00e9n, mostrame?\u2019 Me d\u00ed vuelta para se\u00f1alarlo y lo vi apunt\u00e1ndome con la c\u00e1mara, por eso mi sonrisa\u2026 Estaba distendido, despu\u00e9s de haber pasado esos momentos de adrenalina a full. Estaba m\u00e1s relajado.<mark class=\"hl_yellow\">\u00a0Para mi fue muy importante esa foto: mi se\u00f1ora, que en ese momento era mi novia, se enter\u00f3 que estuve en Malvinas porque la vio.\u00a0<\/mark>Y los periodistas vinieron a Corrientes para hacerle una entrevista a mi mam\u00e1\u201d.<\/p>\n<div class=\"visual__image\"><img loading=\"lazy\" decoding=\"async\" class=\"\" src=\"https:\/\/cloudfront-us-east-1.images.arcpublishing.com\/infobae\/BVNFVLAK2NGLFJD2LOIIGZGPTM.webp\" sizes=\"auto, (min-width: 800px) 50vw, 90vw\" srcset=\"https:\/\/www.infobae.com\/new-resizer\/OPuGgJ4aiKrK5F92eOba40gvloI=\/420x280\/filters:format(webp):quality(85)\/cloudfront-us-east-1.images.arcpublishing.com\/infobae\/BVNFVLAK2NGLFJD2LOIIGZGPTM.webp 420w,https:\/\/www.infobae.com\/new-resizer\/MhaNk9_Hl8aVeQa5wnD8vDHoOo4=\/768x512\/filters:format(webp):quality(85)\/cloudfront-us-east-1.images.arcpublishing.com\/infobae\/BVNFVLAK2NGLFJD2LOIIGZGPTM.webp 768w,https:\/\/www.infobae.com\/new-resizer\/BL589mYiCvKDr8w4-0zAZgkVBOw=\/992x661\/filters:format(webp):quality(85)\/cloudfront-us-east-1.images.arcpublishing.com\/infobae\/BVNFVLAK2NGLFJD2LOIIGZGPTM.webp 992w,https:\/\/www.infobae.com\/new-resizer\/6kwu0NtdCGC42CtJ5Q63atPW7bo=\/1200x800\/filters:format(webp):quality(85)\/cloudfront-us-east-1.images.arcpublishing.com\/infobae\/BVNFVLAK2NGLFJD2LOIIGZGPTM.webp 1200w,https:\/\/www.infobae.com\/new-resizer\/SAGslxs_u_ASrtlRw-gOOJ8sZuI=\/1440x960\/filters:format(webp):quality(85)\/cloudfront-us-east-1.images.arcpublishing.com\/infobae\/BVNFVLAK2NGLFJD2LOIIGZGPTM.webp 1440w\" alt=\"Horacio Nu\u00f1ez tal como lo public\u00f3 la revista Gente en 1982. En la p\u00e1gina opuesta, Rex Hunt, el entonces gobernador ingl\u00e9s de Malvinas que fue depuesto por la acci\u00f3n de los comandos de la Armada\" width=\"879\" height=\"619\" \/>Horacio Nu\u00f1ez tal como lo public\u00f3 la revista Gente en 1982. En la p\u00e1gina opuesta, Rex Hunt, el entonces gobernador ingl\u00e9s de Malvinas que fue depuesto por la acci\u00f3n de los comandos de la Armada.<\/div>\n<\/div>\n<\/article>\n<div><\/div>\n<article class=\"article\">\n<div class=\"nd-body-article\">\n<p class=\"paragraph\">Despu\u00e9s de la recuperaci\u00f3n, los comandos anfibios regresaron al continente. Nu\u00f1ez no volvi\u00f3 nunca m\u00e1s a Malvinas. \u201cA los ingleses les quitamos el armamento, los tomamos prisioneros, los llevamos a un lugar descampado. Ellos pod\u00edan hablar, fumar, comer, no estaban esposados. Estaban libres, digamos. Al jefe se les pregunt\u00f3 qui\u00e9nes estaban en el pueblo y qui\u00e9nes en Moody Brook. A estos se les autoriz\u00f3 a buscar sus pertenencias, sus documentos.\u00a0<b>Cuando estuvieron todos se los embarc\u00f3 en un avi\u00f3n rumbo a Montevideo. Y a nosotros nos llevaron al continente. Ya en ese momento el Ej\u00e9rcito se hab\u00eda hecho cargo de la conducci\u00f3n de la ciudad\u201d.<\/b><\/p>\n<p class=\"paragraph\">Nu\u00f1ez no tiene encono con los ingleses que combati\u00f3. \u201cPara m\u00ed el ingl\u00e9s no es un enemigo. Ellos deben pensar, al igual que nosotros, que las islas Malvinas les corresponden. Y como nosotros, lucharon. Las recuperamos y lamentablemente despu\u00e9s las perdimos. El soldado pelea por su patria. Pero nosotros, los argentinos, nunca invadimos ning\u00fan pa\u00eds. Siempre nos defendimos. Desde la \u00e9poca de San Mart\u00edn que nos liber\u00f3. Pero<b>\u00a0al soldado ingl\u00e9s no le tengo bronca ni rencor\u201d.<\/b><\/p>\n<div class=\"visual__image\"><img loading=\"lazy\" decoding=\"async\" class=\"\" src=\"https:\/\/cloudfront-us-east-1.images.arcpublishing.com\/infobae\/XBPDXQME75CNXB4ZDYPMCVAEFE.jpg\" sizes=\"auto, (min-width: 800px) 50vw, 90vw\" srcset=\"https:\/\/www.infobae.com\/new-resizer\/nJXM4DM-dAXN2Ynp9gUAmcfocac=\/420x560\/filters:format(webp):quality(85)\/cloudfront-us-east-1.images.arcpublishing.com\/infobae\/XBPDXQME75CNXB4ZDYPMCVAEFE.jpg 420w,https:\/\/www.infobae.com\/new-resizer\/LysMmtzSawwTLujL-MXJCqfX4Zo=\/768x1024\/filters:format(webp):quality(85)\/cloudfront-us-east-1.images.arcpublishing.com\/infobae\/XBPDXQME75CNXB4ZDYPMCVAEFE.jpg 768w,https:\/\/www.infobae.com\/new-resizer\/bL45bRNXUHiKtZvdJxicdozR19A=\/992x1323\/filters:format(webp):quality(85)\/cloudfront-us-east-1.images.arcpublishing.com\/infobae\/XBPDXQME75CNXB4ZDYPMCVAEFE.jpg 992w,https:\/\/www.infobae.com\/new-resizer\/_5DQpNYLaY-skJOWF3NNjPmxWjw=\/1200x1600\/filters:format(webp):quality(85)\/cloudfront-us-east-1.images.arcpublishing.com\/infobae\/XBPDXQME75CNXB4ZDYPMCVAEFE.jpg 1200w\" alt=\"El entonces Cabo Principal y comando Jacinto Batista lleva a un grupo Royal Marines detenidos en la ma\u00f1ana del 2 de abril. Encabeza la hilera Lou Armour\" width=\"525\" height=\"640\" \/>El entonces Cabo Principal y comando Jacinto Batista lleva a un grupo Royal Marines detenidos en la ma\u00f1ana del 2 de abril. Encabeza la hilera Lou Armour<\/div>\n<p class=\"paragraph\">Los comandos de Infanter\u00eda de Marina regresaron a Mar del Plata. Un grupo regres\u00f3 m\u00e1s tarde a las islas: entre ellos los del Batall\u00f3n de Infanter\u00eda de Marina 5, algunos de artiller\u00eda de campa\u00f1a e ingenieros anfibios que colocaban minas. El resto de la guerra, Nu\u00f1ez estuvo en R\u00edo Gallegos. \u201cPermanec\u00ed all\u00ed junto a un grupo de comandos.\u00a0<mark class=\"hl_yellow\">Ah\u00ed nos enteramos de lo que suced\u00eda en las islas. No fue f\u00e1cil. Sab\u00edamos que est\u00e1bamos perdiendo, sab\u00edamos que el Ej\u00e9rcito no pod\u00eda. Dos veces estuvimos en el aeropuerto para embarcar y volver. Primero para hacer un contraataque. Suspendieron el vuelo porque \u00edbamos en un Fokker y ya no se pod\u00eda aterrizar los aviones nuestros porque el espacio a\u00e9reo ya estaba dominado por los ingleses\u201d<\/mark>. El 14 de junio, d\u00eda del cese de fuego, lo encontr\u00f3 lejos Puerto Argentino.<\/p>\n<p class=\"paragraph\">Despu\u00e9s de la guerra tampoco volvi\u00f3 a las islas. Dice que \u201chasta que no est\u00e9 flamenando la bandera argentina, no voy a regresar. Excepto que vayamos a recuperarlas.<b>\u00a0Sin dudas, volver\u00eda a poner en juego mi vida por la patria\u201d.<\/b><\/p>\n<div class=\"visual__image\"><img loading=\"lazy\" decoding=\"async\" class=\"\" src=\"https:\/\/cloudfront-us-east-1.images.arcpublishing.com\/infobae\/3SIKSC25PJCZXBB5GYKFRGH6QM.jpg\" sizes=\"auto, (min-width: 800px) 50vw, 90vw\" srcset=\"https:\/\/www.infobae.com\/new-resizer\/sYEWFmjVtxgt8vawxaplsWTmPRk=\/420x280\/filters:format(webp):quality(85)\/cloudfront-us-east-1.images.arcpublishing.com\/infobae\/3SIKSC25PJCZXBB5GYKFRGH6QM.jpg 420w,https:\/\/www.infobae.com\/new-resizer\/hVdkJooEWq0A1YgHrgm-mXzVT2o=\/768x512\/filters:format(webp):quality(85)\/cloudfront-us-east-1.images.arcpublishing.com\/infobae\/3SIKSC25PJCZXBB5GYKFRGH6QM.jpg 768w,https:\/\/www.infobae.com\/new-resizer\/_cUotDPP1RwJhCARdLv87AJ9-aE=\/992x661\/filters:format(webp):quality(85)\/cloudfront-us-east-1.images.arcpublishing.com\/infobae\/3SIKSC25PJCZXBB5GYKFRGH6QM.jpg 992w,https:\/\/www.infobae.com\/new-resizer\/ruiix6xJziLDvGKks1AR3ai_sBs=\/1200x800\/filters:format(webp):quality(85)\/cloudfront-us-east-1.images.arcpublishing.com\/infobae\/3SIKSC25PJCZXBB5GYKFRGH6QM.jpg 1200w,https:\/\/www.infobae.com\/new-resizer\/FIbEHIQvYoSCjekTpRxQdEzHBjc=\/1440x960\/filters:format(webp):quality(85)\/cloudfront-us-east-1.images.arcpublishing.com\/infobae\/3SIKSC25PJCZXBB5GYKFRGH6QM.jpg 1440w\" alt=\"El tatuaje de Horacio Nu\u00f1ez: las Malvinas y la Armada Argentina en la piel y el coraz\u00f3n (Mat\u00edas Arbotto)\" width=\"1920\" height=\"1280\" \/>El tatuaje de Horacio Nu\u00f1ez: las Malvinas y la Armada Argentina en la piel y el coraz\u00f3n (Mat\u00edas Arbotto)<\/div>\n<\/div>\n<\/article>\n<div><\/div>\n<div><\/div>\n<div><\/div>\n<article class=\"article\">\n<div class=\"nd-body-article\">\n<p class=\"paragraph\">A su regreso, dice \u201ctuve suerte de tener a mi familia cerca. Despu\u00e9s de la guerra, si uno no se apoyaba en la familia, se sabe lo que pas\u00f3. Tuve compa\u00f1eros internados por brotes psic\u00f3ticos, algunos se hicieron alcoh\u00f3licos, otros empezaron con la droga\u2026\u00a0<b>Encontraron un vac\u00edo, porque a nosotros la sociedad nos dio la espalda<\/b>. Eso se supera con la familia, la gente que est\u00e1 atr\u00e1s de uno, que no te da tiempo a deprimirte, que te da responsabilidades que cumplir. Eso te mantiene vivo. Pero\u00a0<b>no se supera la guerra. Lo que podemos hacer es contarla. Si no lo hacemos nosotros, \u00bfqui\u00e9n?\u00a0<\/b>Fuimos los protagonistas, los que la vivimos. A veces me invitan a dar charlas en escuelas, o como en Merlo, a un grupo de motoqueros. Y es una satisfacci\u00f3n que la gente se entere que somos soldados y estamos para defender la patria. No tenemos otra misi\u00f3n\u201d.<\/p>\n<p class=\"paragraph\">Lo que no puede hacer, a veces, es evitar llorar por Malvinas. \u201cSi, lloro, las siento. Yo creo que alg\u00fan d\u00eda, de alguna forma, las Malvinas van a volver a ser argentinas. Seguramente no a trav\u00e9s de la guerra. La historia lo dir\u00e1: son argentinas y a eso no hay forma de negarlo\u201d.<\/p>\n<h6 class=\"paragraph\">FOTOS Y VIDEO: MAT\u00cdAS ARBOTTO<\/h6>\n<p class=\"paragraph\">\n<\/div>\n<\/article>\n","protected":false},"excerpt":{"rendered":"<p>LOS COMBATES EN MALVINAS DEL 2 DE ABRIL DE 1982. Nota de Hugo Mart\u00edn publicada en Infobae.com<\/p>\n","protected":false},"author":3,"featured_media":15591,"comment_status":"open","ping_status":"open","sticky":false,"template":"","format":"standard","meta":{"footnotes":"","jetpack_publicize_message":"","jetpack_publicize_feature_enabled":true,"jetpack_social_post_already_shared":false,"jetpack_social_options":{"image_generator_settings":{"template":"highway","default_image_id":0,"font":"","enabled":false},"version":2}},"categories":[13],"tags":[1828],"class_list":["post-15590","post","type-post","status-publish","format-standard","has-post-thumbnail","hentry","category-interes-general","tag-malvinas-40anos"],"jetpack_publicize_connections":[],"jetpack_featured_media_url":"https:\/\/revistaepocadigital.com.ar\/wp-content\/uploads\/2022\/04\/YSHFGROHSJHUFDCCA2JRXZMCAE.webp","jetpack_likes_enabled":true,"_links":{"self":[{"href":"https:\/\/revistaepocadigital.com.ar\/index.php?rest_route=\/wp\/v2\/posts\/15590","targetHints":{"allow":["GET"]}}],"collection":[{"href":"https:\/\/revistaepocadigital.com.ar\/index.php?rest_route=\/wp\/v2\/posts"}],"about":[{"href":"https:\/\/revistaepocadigital.com.ar\/index.php?rest_route=\/wp\/v2\/types\/post"}],"author":[{"embeddable":true,"href":"https:\/\/revistaepocadigital.com.ar\/index.php?rest_route=\/wp\/v2\/users\/3"}],"replies":[{"embeddable":true,"href":"https:\/\/revistaepocadigital.com.ar\/index.php?rest_route=%2Fwp%2Fv2%2Fcomments&post=15590"}],"version-history":[{"count":0,"href":"https:\/\/revistaepocadigital.com.ar\/index.php?rest_route=\/wp\/v2\/posts\/15590\/revisions"}],"wp:featuredmedia":[{"embeddable":true,"href":"https:\/\/revistaepocadigital.com.ar\/index.php?rest_route=\/wp\/v2\/media\/15591"}],"wp:attachment":[{"href":"https:\/\/revistaepocadigital.com.ar\/index.php?rest_route=%2Fwp%2Fv2%2Fmedia&parent=15590"}],"wp:term":[{"taxonomy":"category","embeddable":true,"href":"https:\/\/revistaepocadigital.com.ar\/index.php?rest_route=%2Fwp%2Fv2%2Fcategories&post=15590"},{"taxonomy":"post_tag","embeddable":true,"href":"https:\/\/revistaepocadigital.com.ar\/index.php?rest_route=%2Fwp%2Fv2%2Ftags&post=15590"}],"curies":[{"name":"wp","href":"https:\/\/api.w.org\/{rel}","templated":true}]}}