{"id":15636,"date":"2022-04-04T01:15:51","date_gmt":"2022-04-04T04:15:51","guid":{"rendered":"https:\/\/revistaepocadigital.com.ar\/?p=15636"},"modified":"2022-04-04T01:17:04","modified_gmt":"2022-04-04T04:17:04","slug":"el-psicologo-juan-pino-asegura-la-practica-del-taekwon-do-itf-disminuye-los-niveles-de-ansiedad-y-agresividad-en-las-personas","status":"publish","type":"post","link":"https:\/\/revistaepocadigital.com.ar\/?p=15636","title":{"rendered":"El psic\u00f3logo Juan Pino asegura: \u201cLa pr\u00e1ctica del Taekwon-Do ITF disminuye los niveles de ansiedad y agresividad en las personas\u201d"},"content":{"rendered":"<p><strong>INTERESANTE CONCLUSI\u00d3N.<\/strong><!--more--><\/p>\n<p>Surgi\u00f3 de un estudio efectuado en 2021 por el psic\u00f3logo <strong>Juan Pino (\u00ba),<\/strong> acerca de la pr\u00e1ctica de dicho arte marcial, de origen coreano, indic\u00f3 que tendr\u00eda efectos terap\u00e9uticos respecto a las personas con altos niveles de ansiedad y\/o agresividad, dando como resultado la disminuci\u00f3n significativa de esas dos variables.<\/p>\n<figure id=\"attachment_15640\" aria-describedby=\"caption-attachment-15640\" style=\"width: 93px\" class=\"wp-caption alignleft\"><img loading=\"lazy\" decoding=\"async\" class=\"size-full wp-image-15640\" src=\"https:\/\/revistaepocadigital.com.ar\/wp-content\/uploads\/2022\/04\/pino.jpg\" alt=\"\" width=\"93\" height=\"93\" \/><figcaption id=\"caption-attachment-15640\" class=\"wp-caption-text\">Juan Pino.<\/figcaption><\/figure>\n<p>En relaci\u00f3n a la influencia que el Taekwon-Do ITF tiene en la ansiedad y agresividad de la persona que lo practica, <strong>Pino<\/strong> explica:<em> \u201cLa pr\u00e1ctica del Taekwon-Do ITF no se limita \u00fanicamente al entrenamiento f\u00edsico, desarrollo de t\u00e9cnicas de combate deportivo y defensa personal, sino que tambi\u00e9n, se encarga de trabajar la mente para desarrollar el car\u00e1cter moral y espiritual\u201d.<\/em><\/p>\n<p>Acerca del motivo por el cual el mencionado arte marcial disminuye los niveles de agresividad, Pino comprende:<em> \u201cEn la pr\u00e1ctica del Taekwon-Do ITF, la forma en la que la agresividad es liberada y utilizada de forma creativa y sin consecuencias para nadie. En esta pr\u00e1ctica, se trabaja con la agresividad y se la controla con la finalidad de integrarla de forma no patol\u00f3gica en la conducta de los practicantes\u201d.<\/em><\/p>\n<p>El psic\u00f3logo agrega luego: \u201c<em>El Taekwon-Do ITF est\u00e1 constru\u00eddo y regido por varios principios que quien lo practica debe seguir. Entre ellos, est\u00e1 el \u00b4Autocontrol\u00b4. \u00c9ste canaliza la agresividad, y ense\u00f1a c\u00f3mo encausar los impulsos de positiva, evitando caer en la violencia con el exceso de energ\u00eda, y propiciando la visualizaci\u00f3n y manejo de la ansiedad\u201d.<\/em><\/p>\n<p>Por \u00faltimo concluye sosteniendo:<em> \u201cEs un arte marcial que todos deber\u00edan entrenar, sin importar la edad o el f\u00edsico, ya que los beneficios del Taekwon-Do ITF no se reducen \u00fanicamente a la ansiedad y agresividad. Tambi\u00e9n hace a la disminuci\u00f3n del estr\u00e9s, aumento de concentraci\u00f3n y memoria, desarrollo de habilidades sociales y mejora en la forma de encarar y resolver problemas, entre otros beneficios, que brindan una mejor calidad de vida\u201d.<\/em><\/p>\n<p>&nbsp;<\/p>\n<p><strong>(\u00ba)<\/strong> Licenciado en Psicolog\u00eda. Actualmente, atiende pacientes adolescentes y adultos en el CPA (Centro de Prevenci\u00f3n y Atenci\u00f3n de Adicciones Municipal de Capilla del Se\u00f1or, provincia de Buenos Aires). Tambi\u00e9n pacientes de todas las edades en el CAPS (Centro de Atenci\u00f3n Primaria de Salud) de la localidad de Pav\u00f3n, partido de Exaltaci\u00f3n de la Cruz. Adem\u00e1s realiza guardias pasivas en el Hospital Municipal San Jos\u00e9 de Capilla del Se\u00f1or, y atiende pacientes en forma privada en la misma ciudad.<\/p>\n","protected":false},"excerpt":{"rendered":"<p>INTERESANTE CONCLUSI\u00d3N.<\/p>\n","protected":false},"author":3,"featured_media":15637,"comment_status":"open","ping_status":"open","sticky":false,"template":"","format":"standard","meta":{"footnotes":"","jetpack_publicize_message":"","jetpack_publicize_feature_enabled":true,"jetpack_social_post_already_shared":false,"jetpack_social_options":{"image_generator_settings":{"template":"highway","default_image_id":0,"font":"","enabled":false},"version":2}},"categories":[14],"tags":[1833,1835],"class_list":["post-15636","post","type-post","status-publish","format-standard","has-post-thumbnail","hentry","category-la-gente","tag-juan-pino","tag-psicologo"],"jetpack_publicize_connections":[],"jetpack_featured_media_url":"https:\/\/revistaepocadigital.com.ar\/wp-content\/uploads\/2022\/04\/PI.png","jetpack_likes_enabled":true,"_links":{"self":[{"href":"https:\/\/revistaepocadigital.com.ar\/index.php?rest_route=\/wp\/v2\/posts\/15636","targetHints":{"allow":["GET"]}}],"collection":[{"href":"https:\/\/revistaepocadigital.com.ar\/index.php?rest_route=\/wp\/v2\/posts"}],"about":[{"href":"https:\/\/revistaepocadigital.com.ar\/index.php?rest_route=\/wp\/v2\/types\/post"}],"author":[{"embeddable":true,"href":"https:\/\/revistaepocadigital.com.ar\/index.php?rest_route=\/wp\/v2\/users\/3"}],"replies":[{"embeddable":true,"href":"https:\/\/revistaepocadigital.com.ar\/index.php?rest_route=%2Fwp%2Fv2%2Fcomments&post=15636"}],"version-history":[{"count":0,"href":"https:\/\/revistaepocadigital.com.ar\/index.php?rest_route=\/wp\/v2\/posts\/15636\/revisions"}],"wp:featuredmedia":[{"embeddable":true,"href":"https:\/\/revistaepocadigital.com.ar\/index.php?rest_route=\/wp\/v2\/media\/15637"}],"wp:attachment":[{"href":"https:\/\/revistaepocadigital.com.ar\/index.php?rest_route=%2Fwp%2Fv2%2Fmedia&parent=15636"}],"wp:term":[{"taxonomy":"category","embeddable":true,"href":"https:\/\/revistaepocadigital.com.ar\/index.php?rest_route=%2Fwp%2Fv2%2Fcategories&post=15636"},{"taxonomy":"post_tag","embeddable":true,"href":"https:\/\/revistaepocadigital.com.ar\/index.php?rest_route=%2Fwp%2Fv2%2Ftags&post=15636"}],"curies":[{"name":"wp","href":"https:\/\/api.w.org\/{rel}","templated":true}]}}