{"id":15672,"date":"2022-04-05T08:01:21","date_gmt":"2022-04-05T11:01:21","guid":{"rendered":"https:\/\/revistaepocadigital.com.ar\/?p=15672"},"modified":"2022-04-05T18:02:41","modified_gmt":"2022-04-05T21:02:41","slug":"kicillof-lo-admitio-son-tiempos-dificiles-pero-tiene-una-receta","status":"publish","type":"post","link":"https:\/\/revistaepocadigital.com.ar\/?p=15672","title":{"rendered":"Kicillof lo admiti\u00f3: &#8220;Son tiempos dif\u00edciles&#8221;, pero tiene una receta"},"content":{"rendered":"<div class=\"kvgmc6g5 cxmmr5t8 oygrvhab hcukyx3x c1et5uql ii04i59q\">\n<div dir=\"auto\">\n<p><strong><strong>EL GOBERNADOR DE LA\u00a0PROVINCIA DE BUENOS AIRES.<\/strong><\/strong><\/p>\n<div class=\"kvgmc6g5 cxmmr5t8 oygrvhab hcukyx3x c1et5uql ii04i59q\">\n<div dir=\"auto\"><\/div>\n<\/div>\n<p><!--more--><\/p>\n<\/div>\n<div dir=\"auto\">Luego de admitir los &#8220;tiempos dif\u00edciles&#8221; que se viven, agreg\u00f3 que su administraci\u00f3n tiene una receta, &#8220;y es la de pensar en nuestra gente y trabajar incansablemente para que los y las bonaerenses vivan cada d\u00eda un poco mejor&#8221;.<\/div>\n<\/div>\n<div class=\"cxmmr5t8 oygrvhab hcukyx3x c1et5uql o9v6fnle ii04i59q\">\n<div dir=\"auto\"><\/div>\n<div dir=\"auto\">&#8220;Hace falta un Estado que planifique, dise\u00f1e pol\u00edticas y brinde respuestas que permitan satisfacer las necesidades de los bonaerenses&#8221;, expres\u00f3 al encabezar el acto de inauguraci\u00f3n de un Centro de Diagn\u00f3stico Municipal (CeDiM)en Ituzaing\u00f3.<\/div>\n<\/div>\n<div class=\"cxmmr5t8 oygrvhab hcukyx3x c1et5uql o9v6fnle ii04i59q\">\n<div dir=\"auto\"><\/div>\n<div dir=\"auto\">Destac\u00f3 sobre el Centro de Diagn\u00f3stico dijo &#8220;forma parte de una concepci\u00f3n integradora de la salud, que tiene el objetivo de articular los sistemas nacionales, provinciales y municipales para que el servicio llegue a todos los que lo necesitan. Para esto est\u00e1 el Estado, para mejorar la calidad de vida de todos &#8220;. En dicho emprendimiento se invirtieron 26 millones de pesos para refaccionar un edificio de 514 metros cuadrados y construir laboratorios, salas de rayos X, de ecograf\u00edas y mamograf\u00edas; sanitarios adaptados para personas con discapacidad y dep\u00f3sito para residuos patog\u00e9nicos&#8221;.<\/div>\n<\/div>\n<div dir=\"auto\"><\/div>\n<div dir=\"auto\"><\/div>\n<div dir=\"auto\">Foto: Prensa Gobernaci\u00f3n.<\/div>\n","protected":false},"excerpt":{"rendered":"<p>EL GOBERNADOR DE LA\u00a0PROVINCIA DE BUENOS AIRES.<\/p>\n","protected":false},"author":3,"featured_media":15681,"comment_status":"open","ping_status":"open","sticky":false,"template":"","format":"standard","meta":{"footnotes":"","jetpack_publicize_message":"","jetpack_publicize_feature_enabled":true,"jetpack_social_post_already_shared":false,"jetpack_social_options":{"image_generator_settings":{"template":"highway","default_image_id":0,"font":"","enabled":false},"version":2}},"categories":[17],"tags":[478],"class_list":["post-15672","post","type-post","status-publish","format-standard","has-post-thumbnail","hentry","category-politica","tag-kicillof"],"jetpack_publicize_connections":[],"jetpack_featured_media_url":"https:\/\/revistaepocadigital.com.ar\/wp-content\/uploads\/2022\/04\/KICI-scaled.jpg","jetpack_likes_enabled":true,"_links":{"self":[{"href":"https:\/\/revistaepocadigital.com.ar\/index.php?rest_route=\/wp\/v2\/posts\/15672","targetHints":{"allow":["GET"]}}],"collection":[{"href":"https:\/\/revistaepocadigital.com.ar\/index.php?rest_route=\/wp\/v2\/posts"}],"about":[{"href":"https:\/\/revistaepocadigital.com.ar\/index.php?rest_route=\/wp\/v2\/types\/post"}],"author":[{"embeddable":true,"href":"https:\/\/revistaepocadigital.com.ar\/index.php?rest_route=\/wp\/v2\/users\/3"}],"replies":[{"embeddable":true,"href":"https:\/\/revistaepocadigital.com.ar\/index.php?rest_route=%2Fwp%2Fv2%2Fcomments&post=15672"}],"version-history":[{"count":0,"href":"https:\/\/revistaepocadigital.com.ar\/index.php?rest_route=\/wp\/v2\/posts\/15672\/revisions"}],"wp:featuredmedia":[{"embeddable":true,"href":"https:\/\/revistaepocadigital.com.ar\/index.php?rest_route=\/wp\/v2\/media\/15681"}],"wp:attachment":[{"href":"https:\/\/revistaepocadigital.com.ar\/index.php?rest_route=%2Fwp%2Fv2%2Fmedia&parent=15672"}],"wp:term":[{"taxonomy":"category","embeddable":true,"href":"https:\/\/revistaepocadigital.com.ar\/index.php?rest_route=%2Fwp%2Fv2%2Fcategories&post=15672"},{"taxonomy":"post_tag","embeddable":true,"href":"https:\/\/revistaepocadigital.com.ar\/index.php?rest_route=%2Fwp%2Fv2%2Ftags&post=15672"}],"curies":[{"name":"wp","href":"https:\/\/api.w.org\/{rel}","templated":true}]}}