{"id":15674,"date":"2022-04-05T17:56:34","date_gmt":"2022-04-05T20:56:34","guid":{"rendered":"https:\/\/revistaepocadigital.com.ar\/?p=15674"},"modified":"2022-04-05T17:57:42","modified_gmt":"2022-04-05T20:57:42","slug":"larreta-pidio-que-le-saquen-los-planes-sociales-a-quienes-cortan-calles-que-opinas","status":"publish","type":"post","link":"https:\/\/revistaepocadigital.com.ar\/?p=15674","title":{"rendered":"RODR\u00cdGUEZ LARRETA PIDI\u00d3 QUE LE SAQUEN LOS PLANES SOCIALES A QUIENES CORTAN CALLES, \u00bfQUE OPIN\u00c1S?"},"content":{"rendered":"<div class=\"\" dir=\"auto\">\n<div id=\"jsc_c_5j\" class=\"ecm0bbzt hv4rvrfc ihqw7lf3 dati1w0a\" data-ad-comet-preview=\"message\" data-ad-preview=\"message\">\n<div class=\"j83agx80 cbu4d94t ew0dbk1b irj2b8pg\">\n<div class=\"qzhwtbm6 knvmm38d\">\n<div class=\"kvgmc6g5 cxmmr5t8 oygrvhab hcukyx3x c1et5uql ii04i59q\">\n<div dir=\"auto\"><strong>LAS ACUCIANTES NECESIDADES SOCIALES, LA VULNERABILIDAD DE MILLONES DE ARGENTINOS, LOS INTERESES Y CONVENIENCIAS POL\u00cdTICAS.<!--more--><\/strong><\/div>\n<\/div>\n<div dir=\"auto\"><\/div>\n<div class=\"cxmmr5t8 oygrvhab hcukyx3x c1et5uql o9v6fnle ii04i59q\">\n<div dir=\"auto\">Las manifestaciones en las calles de la ciudad de Buenos Aires, concentran en especial, desde hace a\u00f1os, reclamos de mucha gente con necesidades y reclamos, escondi\u00e9ndose al mismo tiempo en muchos casos, intereses sectoriales, conveniencias y disputas de poder con millones de pesos en juego. En el medio, los ciudadanos comunen que sufren, padecen sin merecerlo, los problemas ocasionados por los piquetes, produciendo hartazgo y malestar.<\/div>\n<div dir=\"auto\"><\/div>\n<div dir=\"auto\">En el marco de la f\u00e9rrea y prolongada disputa que mantiene con el gobierno nacional, el jefe de gobierno porte\u00f1o,<strong> Horacio Rodr\u00edguez Larreta,<\/strong> cuestion\u00f3 a los organizadores del reciente acampe piquetero en la avenida 9 de Julio, al que calific\u00f3 como una \u201cextorsi\u00f3n\u201d, y le pidi\u00f3 al gobierno nacional que le saque los planes sociales a quienes cortan calles.<\/div>\n<div dir=\"auto\"><\/div>\n<\/div>\n<div dir=\"auto\">\n<figure id=\"attachment_15678\" aria-describedby=\"caption-attachment-15678\" style=\"width: 150px\" class=\"wp-caption aligncenter\"><img loading=\"lazy\" decoding=\"async\" class=\"size-thumbnail wp-image-15678\" src=\"https:\/\/revistaepocadigital.com.ar\/wp-content\/uploads\/2022\/04\/larreta-150x150.jpg\" alt=\"\" width=\"150\" height=\"150\" \/><figcaption id=\"caption-attachment-15678\" class=\"wp-caption-text\">Rodriguez Larreta<\/figcaption><\/figure>\n<\/div>\n<div class=\"cxmmr5t8 oygrvhab hcukyx3x c1et5uql o9v6fnle ii04i59q\">\n<div dir=\"auto\">\u201cEs una extorsi\u00f3n, usan a la gente \u00bfa alguien se le ocurre que esa gente vino de forma espont\u00e1nea? Los traen, y los traen extorsionados con que si no vienen les sacan el plan, porque el plan en lugar de manejarlo el Estado lo manejan organizaciones que los extorsionan y lo peor es que adem\u00e1s usan a los chicos\u201d, cuestion\u00f3 Rodr\u00edguez Larreta.<\/div>\n<\/div>\n<div class=\"cxmmr5t8 oygrvhab hcukyx3x c1et5uql o9v6fnle ii04i59q\">\n<div dir=\"auto\">Al presentar el Plan Integral del Casco Hist\u00f3rico de la Ciudad, apunt\u00f3: \u201cLo peor es que usan a los chicos, los ponen como escudos, a las mujeres, para que no los desalojen. Son unos cobardes en usar a los chicos para eso, tendr\u00edan que estar en la escuela, no acampando, es una barbaridad.<\/div>\n<div dir=\"auto\"><\/div>\n<\/div>\n<div class=\"cxmmr5t8 oygrvhab hcukyx3x c1et5uql o9v6fnle ii04i59q\">\n<div dir=\"auto\">Y en ese sentido le reclam\u00f3 a la administraci\u00f3n de Alberto Fern\u00e1ndez que act\u00fae para dar una soluci\u00f3n. \u201cLe pedimos al gobierno que les saque los planes sociales, que tienen como condici\u00f3n que los chicos vayan a la escuela. Los que estaban ac\u00e1 no estaban cumpliendo. Hagan cumplir la ley, saquen los planes y van a ver que no vienen m\u00e1s\u201d, lanz\u00f3.<\/div>\n<div dir=\"auto\"><\/div>\n<\/div>\n<div class=\"cxmmr5t8 oygrvhab hcukyx3x c1et5uql o9v6fnle ii04i59q\">\n<div dir=\"auto\">Desde el gobierno porte\u00f1o anticiparon que no permitir\u00e1n otro acampe piquetero en la 9 de Julio, y admitieron que dialogan con dos ministros nacionales: An\u00edbal Fern\u00e1ndez, de Seguridad; y Juan Zabaleta, de Desarrollo Social.<\/div>\n<div dir=\"auto\"><\/div>\n<\/div>\n<div class=\"cxmmr5t8 oygrvhab hcukyx3x c1et5uql o9v6fnle ii04i59q\">\n<div dir=\"auto\">Los dichos realizados por Larreta van en la misma direcci\u00f3n de lo expresado antes por Zabaleta. Este \u00faltimo rechaz\u00f3 en forma tajante que sufrierea presiones la semana pasada con el campamento que lider\u00f3 Eduardo Belliboni, jefe del Polo Obrero. \u201cNo hace falta cortar calles para hablar con el ministro. Basta de apretar a los argentinos de esta forma. Los argentinos no se lo merecen\u201d, afirm\u00f3 Zabaleta, cuestionado por el sector duro del kirchnerismo instalado en el gobierno de Fern\u00e1ndez.<\/div>\n<\/div>\n<\/div>\n<\/div>\n<\/div>\n<\/div>\n<div id=\"jsc_c_5k\" class=\"l9j0dhe7\">\n<div class=\"l9j0dhe7\">\n<div><\/div>\n<\/div>\n<\/div>\n","protected":false},"excerpt":{"rendered":"<p>LAS ACUCIANTES NECESIDADES SOCIALES, LA VULNERABILIDAD DE MILLONES DE ARGENTINOS, LOS INTERESES Y CONVENIENCIAS POL\u00cdTICAS.<\/p>\n","protected":false},"author":3,"featured_media":15676,"comment_status":"open","ping_status":"open","sticky":false,"template":"","format":"standard","meta":{"footnotes":"","jetpack_publicize_message":"","jetpack_publicize_feature_enabled":true,"jetpack_social_post_already_shared":false,"jetpack_social_options":{"image_generator_settings":{"template":"highway","default_image_id":0,"font":"","enabled":false},"version":2}},"categories":[13],"tags":[1840,1841],"class_list":["post-15674","post","type-post","status-publish","format-standard","has-post-thumbnail","hentry","category-interes-general","tag-larreta","tag-piquetes"],"jetpack_publicize_connections":[],"jetpack_featured_media_url":"https:\/\/revistaepocadigital.com.ar\/wp-content\/uploads\/2022\/04\/acampe-la-avenida-9-juliojpg.webp","jetpack_likes_enabled":true,"_links":{"self":[{"href":"https:\/\/revistaepocadigital.com.ar\/index.php?rest_route=\/wp\/v2\/posts\/15674","targetHints":{"allow":["GET"]}}],"collection":[{"href":"https:\/\/revistaepocadigital.com.ar\/index.php?rest_route=\/wp\/v2\/posts"}],"about":[{"href":"https:\/\/revistaepocadigital.com.ar\/index.php?rest_route=\/wp\/v2\/types\/post"}],"author":[{"embeddable":true,"href":"https:\/\/revistaepocadigital.com.ar\/index.php?rest_route=\/wp\/v2\/users\/3"}],"replies":[{"embeddable":true,"href":"https:\/\/revistaepocadigital.com.ar\/index.php?rest_route=%2Fwp%2Fv2%2Fcomments&post=15674"}],"version-history":[{"count":0,"href":"https:\/\/revistaepocadigital.com.ar\/index.php?rest_route=\/wp\/v2\/posts\/15674\/revisions"}],"wp:featuredmedia":[{"embeddable":true,"href":"https:\/\/revistaepocadigital.com.ar\/index.php?rest_route=\/wp\/v2\/media\/15676"}],"wp:attachment":[{"href":"https:\/\/revistaepocadigital.com.ar\/index.php?rest_route=%2Fwp%2Fv2%2Fmedia&parent=15674"}],"wp:term":[{"taxonomy":"category","embeddable":true,"href":"https:\/\/revistaepocadigital.com.ar\/index.php?rest_route=%2Fwp%2Fv2%2Fcategories&post=15674"},{"taxonomy":"post_tag","embeddable":true,"href":"https:\/\/revistaepocadigital.com.ar\/index.php?rest_route=%2Fwp%2Fv2%2Ftags&post=15674"}],"curies":[{"name":"wp","href":"https:\/\/api.w.org\/{rel}","templated":true}]}}