{"id":1569,"date":"2019-02-05T17:15:11","date_gmt":"2019-02-05T20:15:11","guid":{"rendered":"https:\/\/revistaepocadigital.com.ar\/?p=1569"},"modified":"2019-02-05T17:17:18","modified_gmt":"2019-02-05T20:17:18","slug":"requisitos-para-acceder-a-la-asignacion-familiar-por-prenatal","status":"publish","type":"post","link":"https:\/\/revistaepocadigital.com.ar\/?p=1569","title":{"rendered":"Requisitos para acceder a la Asignaci\u00f3n Familiar por Prenatal"},"content":{"rendered":"<p align=\"JUSTIFY\"><strong>EL PAGO QUE EFECT\u00daA ANSES.<\/strong><!--more--><\/p>\n<p align=\"JUSTIFY\">La Asignaci\u00f3n Familiar por Prenatal es el pago que realiza ANSES durante los meses de gestaci\u00f3n y hasta el nacimiento o interrupci\u00f3n del embarazo.<\/p>\n<p align=\"JUSTIFY\">La titular (cualquiera sea su estado civil) debe contar con una antig\u00fcedad laboral, m\u00ednima y continuada de tres meses a la fecha de concepci\u00f3n, para poder percibir la asignaci\u00f3n junto con el haber mensual; los titulares de la Prestaci\u00f3n por Desempleo y de la Pensi\u00f3n Honor\u00edfica de Veteranos de Guerra del Atl\u00e1ntico Sur no requieren antig\u00fcedad. En caso de que el titular sea masculino, deber\u00e1 tener acreditado ante ANSES la relaci\u00f3n de matrimonio o convivencia con la mujer embarazada.<\/p>\n<p align=\"JUSTIFY\">Se puede tramitar de forma presencial en cualquier delegaci\u00f3n del organismo con turno previo, que puede obtenerse desde <span style=\"color: #0000ff;\"><u><a href=\"http:\/\/www.anses.gob.ar\/\">www.anses.gob.ar<\/a><\/u><\/span>, o bien, comunic\u00e1ndose al n\u00famero 130, gratuito desde tel\u00e9fonos fijos.<\/p>\n<p lang=\"es-ES\" align=\"JUSTIFY\"><b>Grupo de pago para 7 de febrero.<\/b><\/p>\n<ul>\n<li><span lang=\"es-ES\">Titulares de Pensiones No Contributivas cuyos documentos terminan en 8 y 9.<\/span><\/li>\n<\/ul>\n<p lang=\"es-ES\" align=\"JUSTIFY\"><span lang=\"es-ES\">Los calendarios de pagos de todas las prestaciones pueden consultarse en<\/span><b> <\/b><a href=\"http:\/\/www.anses.gob.ar\/\"><span style=\"color: #0000ff;\"><span lang=\"es-ES\"><u>www.anses.gob.ar<\/u><\/span><\/span><\/a><span lang=\"es-ES\">, opci\u00f3n <\/span><span lang=\"es-ES\"><i>Accesos R\u00e1pidos<\/i><\/span><span lang=\"es-ES\">.<\/span><\/p>\n","protected":false},"excerpt":{"rendered":"<p>EL PAGO QUE EFECT\u00daA ANSES.<\/p>\n","protected":false},"author":3,"featured_media":1571,"comment_status":"open","ping_status":"open","sticky":false,"template":"","format":"standard","meta":{"footnotes":"","jetpack_publicize_message":"","jetpack_publicize_feature_enabled":true,"jetpack_social_post_already_shared":false,"jetpack_social_options":{"image_generator_settings":{"template":"highway","default_image_id":0,"font":"","enabled":false},"version":2}},"categories":[81],"tags":[37,200],"class_list":["post-1569","post","type-post","status-publish","format-standard","has-post-thumbnail","hentry","category-anses","tag-destacada","tag-info-7-2-19"],"jetpack_publicize_connections":[],"jetpack_featured_media_url":"https:\/\/revistaepocadigital.com.ar\/wp-content\/uploads\/2019\/02\/image002-1.jpg","jetpack_likes_enabled":true,"_links":{"self":[{"href":"https:\/\/revistaepocadigital.com.ar\/index.php?rest_route=\/wp\/v2\/posts\/1569","targetHints":{"allow":["GET"]}}],"collection":[{"href":"https:\/\/revistaepocadigital.com.ar\/index.php?rest_route=\/wp\/v2\/posts"}],"about":[{"href":"https:\/\/revistaepocadigital.com.ar\/index.php?rest_route=\/wp\/v2\/types\/post"}],"author":[{"embeddable":true,"href":"https:\/\/revistaepocadigital.com.ar\/index.php?rest_route=\/wp\/v2\/users\/3"}],"replies":[{"embeddable":true,"href":"https:\/\/revistaepocadigital.com.ar\/index.php?rest_route=%2Fwp%2Fv2%2Fcomments&post=1569"}],"version-history":[{"count":0,"href":"https:\/\/revistaepocadigital.com.ar\/index.php?rest_route=\/wp\/v2\/posts\/1569\/revisions"}],"wp:featuredmedia":[{"embeddable":true,"href":"https:\/\/revistaepocadigital.com.ar\/index.php?rest_route=\/wp\/v2\/media\/1571"}],"wp:attachment":[{"href":"https:\/\/revistaepocadigital.com.ar\/index.php?rest_route=%2Fwp%2Fv2%2Fmedia&parent=1569"}],"wp:term":[{"taxonomy":"category","embeddable":true,"href":"https:\/\/revistaepocadigital.com.ar\/index.php?rest_route=%2Fwp%2Fv2%2Fcategories&post=1569"},{"taxonomy":"post_tag","embeddable":true,"href":"https:\/\/revistaepocadigital.com.ar\/index.php?rest_route=%2Fwp%2Fv2%2Ftags&post=1569"}],"curies":[{"name":"wp","href":"https:\/\/api.w.org\/{rel}","templated":true}]}}