{"id":15709,"date":"2022-04-12T00:32:47","date_gmt":"2022-04-12T03:32:47","guid":{"rendered":"https:\/\/revistaepocadigital.com.ar\/?p=15709"},"modified":"2022-04-12T00:35:26","modified_gmt":"2022-04-12T03:35:26","slug":"bettina-sabbatini-es-una-gran-artista-sus-murales-en-distintos-puntos","status":"publish","type":"post","link":"https:\/\/revistaepocadigital.com.ar\/?p=15709","title":{"rendered":"Bettina Sabbatini, es una gran artista. Sus murales en distintos puntos"},"content":{"rendered":"<div class=\"I_52qC D_FY W_6D6F\" data-test-id=\"message-view-body\">\n<div class=\"msg-body P_wpofO mq_AS\" data-test-id=\"message-view-body-content\">\n<div class=\"jb_0 X_6MGW N_6Fd5\">\n<div id=\"yiv3400829675\">\n<p><strong>Y ADEM\u00c1S, SIEMPRE MUY DISPUESTA A COLABORAR CON LA COMUNIDAD.<\/strong><\/p>\n<div class=\"I_52qC D_FY W_6D6F\" data-test-id=\"message-view-body\">\n<div class=\"jb_0 X_6MGW N_6Fd5\"><\/div>\n<\/div>\n<p><!--more--><\/p>\n<p><strong>Bettina Sabbatini,<\/strong> afincada en el Barrio Parque Sakura desde hace 20 a\u00f1os, ha vuelto a dar otra muestra de su participaci\u00f3n comunitaria, y vale resaltarlo, ad honorem. En ocasi\u00f3n de cumplirse los 40 a\u00f1os de la Guerra por las Malvinas, elabor\u00f3 otro mural solidario. La mujer es artista visual y muralista en arte musivo.<\/p>\n<div class=\"\">\n<div class=\"j83agx80 cbu4d94t l9j0dhe7\" tabindex=\"0\" role=\"gridcell\" data-scope=\"messages_table\" data-release-focus-from=\"CLICK\">\n<div class=\"j83agx80\" role=\"none\">\n<div class=\"j83agx80 buofh1pr g5gj957u hpfvmrgz\" role=\"none\" data-testid=\"message-container\">\n<div class=\"ns4p8fja j83agx80 cbu4d94t a6sixzi8 bkfpd7mw nred35xi a1xu1aao\" role=\"none\">\n<div class=\"j83agx80 k4urcfbm\" role=\"none\">\n<div class=\"ll8tlv6m j83agx80 cbu4d94t d2edcug0 l9j0dhe7\">\n<div class=\"j83agx80 k4urcfbm\" role=\"none\">\n<div class=\"ns4p8fja j83agx80 cbu4d94t a6sixzi8 bkfpd7mw d2edcug0 buofh1pr nred35xi\" role=\"none\">\n<div class=\"buofh1pr rj1gh0hx\" role=\"none\">Bettina, una obra<\/div>\n<\/div>\n<\/div>\n<\/div>\n<\/div>\n<\/div>\n<\/div>\n<\/div>\n<\/div>\n<\/div>\n<div class=\"\">\n<div class=\"j83agx80 cbu4d94t l9j0dhe7\" tabindex=\"0\" role=\"gridcell\" data-scope=\"messages_table\" data-release-focus-from=\"CLICK\">\n<div class=\"j83agx80\" role=\"none\">\n<div class=\"ns4p8fja j83agx80 cbu4d94t a6sixzi8 bkfpd7mw d2edcug0 kb5gq1qc nred35xi jy3qco62 dflh9lhu\" role=\"none\">\n<div class=\"pfnyh3mw ciadx1gn mudddibn aovydwv3 j83agx80\" aria-hidden=\"true\"><span class=\"tojvnm2t a6sixzi8 abs2jz4q a8s20v7p t1p8iaqh k5wvi7nf q3lfd5jv pk4s997a bipmatt0 cebpdrjk qowsmv63 owwhemhu dp1hu0rb dhp61c6y iyyx5f41\"><img decoding=\"async\" class=\"k4urcfbm bixrwtb6 datstx6m q9uorilb\" src=\"https:\/\/scontent-eze1-1.xx.fbcdn.net\/v\/t1.18169-1\/535052_103247786717689_5318134733928671753_n.jpg?stp=dst-jpg_p100x100&amp;_nc_cat=105&amp;ccb=1-5&amp;_nc_sid=7206a8&amp;_nc_eui2=AeGjeVfBtA-ufEop8gdCD82WqvMhQSPyZX6q8yFBI_Jlft3BhJ7zg1PrKAXwupr5NUU&amp;_nc_ohc=5ZZndZ5DGUkAX_hz7Re&amp;_nc_ad=z-m&amp;_nc_cid=0&amp;_nc_ht=scontent-eze1-1.xx&amp;oh=00_AT-MrfW_mhOmrXAD8-D51i04JEeTYs26XbV7C9Qpwm_vLA&amp;oe=627ABCC7\" alt=\"Bettina Sabbatini\" \/><\/span><\/div>\n<\/div>\n<div class=\"j83agx80 buofh1pr g5gj957u hpfvmrgz\" role=\"none\" data-testid=\"message-container\">\n<div class=\"ns4p8fja j83agx80 cbu4d94t a6sixzi8 bkfpd7mw nred35xi a1xu1aao\" role=\"none\">\n<div class=\"j83agx80 k4urcfbm\" role=\"none\">\n<div class=\"ll8tlv6m j83agx80 cbu4d94t d2edcug0 l9j0dhe7\">\n<div class=\"nred35xi p3ovkuyr k4urcfbm\"><\/div>\n<div class=\"j83agx80 k4urcfbm\" role=\"none\">\n<div class=\"cxgpxx05 d1544ag0 sj5x9vvc tw6a2znq l9j0dhe7 ni8dbmo4 stjgntxs qlfml3jp inkptoze qmr60zad jm1wdb64 qv66sw1b ljqsnud1 odn2s2vf tkr6xdv7 jk6sbkaj\" role=\"none\">\n<div class=\"rq0escxv l9j0dhe7 du4w35lb __fb-light-mode\" role=\"none\"><\/div>\n<\/div>\n<div class=\"ns4p8fja j83agx80 cbu4d94t a6sixzi8 bkfpd7mw d2edcug0 buofh1pr nred35xi\" role=\"none\">\n<div class=\"buofh1pr rj1gh0hx\" role=\"none\">La artista le coment\u00f3 a EPOCA, <em>&#8220;al cumplirse en abril el aniversario n\u00famero 40 de la Gesta de Malvinas, mi Taller La Rocinada-Arte en Mosaico y yo particularmente, pudimos estar nuevamente presentes con un mural solidario para honrar a nuestros h\u00e9roes<\/em>&#8220;.<\/div>\n<\/div>\n<\/div>\n<\/div>\n<\/div>\n<\/div>\n<\/div>\n<\/div>\n<\/div>\n<\/div>\n<p><em>&#8220;En esta oportunidad se trat\u00f3 de tres placas en honor a la Fuerza A\u00e9rea, Ej\u00e9rcito Argentino y la Armada Argentina, realizadas en mosaico. Si Dios quiere para el a\u00f1o pr\u00f3ximo estaremos agregando dos m\u00e1s, para la Prefectura Naval Argentina y Gendarmer\u00eda&#8221;,<\/em> apunt\u00f3.<\/p>\n<p><em>&#8220;Actualmente estamos trabajando en el proyecto para el bajo puente en el Barrio El Remanso, que quedo en suspenso por el Covid 19, entre los puentes de Parada Robles y el del Homenaje al ARA San Juan en la ruta 39 y ruta 8<\/em>&#8220;, adelant\u00f3 la mujer. quien agreg\u00f3, &#8220;<em>tambi\u00e9n estoy abocada a un nuevo emprendimiento, muy com\u00fan en galer\u00edas de arte y museos en el exterior. Se trata de Artetazas, son tazas personalizadas en este caso con mis obras, en el exterior se usa mucho en los circuitos de arte como alternativa m\u00e1s accesible, dado que se puede tener una obra en la casa, plasmada en una taza a un costo menor que adquirir la obra original. Esta novedad est\u00e1 teniendo muy buena recepci\u00f3n lo que me llevar\u00eda a lanzar una nueva serie en poco tiempo&#8221;.<\/em><\/p>\n<p>Sabbatini en tanto, contin\u00faa con las clases presenciales y online y trabajos de murales particulares.<\/p>\n<\/div>\n<\/div>\n<\/div>\n<\/div>\n<div class=\"__fb-light-mode l9j0dhe7\" role=\"row\">\n<div class=\"\">\n<div class=\"j83agx80 cbu4d94t l9j0dhe7\" tabindex=\"0\" role=\"gridcell\" data-scope=\"messages_table\" data-release-focus-from=\"CLICK\">\n<div class=\"j83agx80\" role=\"none\">\n<div class=\"j83agx80 buofh1pr g5gj957u hpfvmrgz\" role=\"none\" data-testid=\"message-container\">\n<div class=\"ns4p8fja j83agx80 cbu4d94t a6sixzi8 bkfpd7mw nred35xi a1xu1aao\" role=\"none\">\n<div class=\"j83agx80 k4urcfbm\" role=\"none\">\n<div class=\"ll8tlv6m j83agx80 cbu4d94t d2edcug0 l9j0dhe7\">\n<div class=\"j83agx80 k4urcfbm\" role=\"none\">\n<div class=\"cxgpxx05 d1544ag0 sj5x9vvc tw6a2znq l9j0dhe7 ni8dbmo4 stjgntxs e72ty7fz qlfml3jp inkptoze jm1wdb64 qv66sw1b ljqsnud1 odn2s2vf tkr6xdv7 qttc61fc\" role=\"none\">\n<div class=\"rq0escxv l9j0dhe7 du4w35lb __fb-light-mode\" role=\"none\">\n<div class=\"ii04i59q jq4qci2q g9io39s2 oo9gr5id\" dir=\"auto\" role=\"none\">Entre sus trabajos concretados en lugares p\u00fablicos en Exaltaci\u00f3n de la Cruz, pueden mencionarse excelentes logros como los que se observan en el puente homenaje a Malvinas y al Crucero Gral Belgrano en Parada Robles, el Puente homenaje a Luis Niz y a\u00a0 los 44 h\u00e9roes del ARA SAN JUAN en ruta 39 y ruta 8, el mural contra la desnutrici\u00f3n infantil CONIN en el ingreso de Cepral en Parada Robles, el homenaje al personal de salud en el Hospital San Jos\u00e9 sector Covid.<\/div>\n<div dir=\"auto\" role=\"none\"><\/div>\n<div class=\"ii04i59q jq4qci2q g9io39s2 oo9gr5id\" dir=\"auto\" role=\"none\">Tambi\u00e9n el homenaje a Mafalda en la plaza del Bajo en Capilla del Se\u00f1or, el mural de la Virgen del Socorro-Hogar mi refugio en Esperanza Santa Fe, el mural en el Jardin de Infantes 908 ubicado en el Barrio San Jos\u00e9, otro mural en el Jardin de Infantes 906<\/div>\n<\/div>\n<\/div>\n<\/div>\n<p>&nbsp;<\/p>\n<p><strong>Algunas obras:<\/strong><\/p>\n<\/div>\n<\/div>\n<div class=\"__fb-light-mode l9j0dhe7\" role=\"row\">\n<div class=\"\">\n<div class=\"j83agx80 cbu4d94t l9j0dhe7\" tabindex=\"0\" role=\"gridcell\" data-scope=\"messages_table\" data-release-focus-from=\"CLICK\">\n<div class=\"j83agx80\" role=\"none\">\n<div class=\"ns4p8fja j83agx80 cbu4d94t a6sixzi8 bkfpd7mw d2edcug0 kb5gq1qc nred35xi jy3qco62 dflh9lhu\" role=\"none\"><\/div>\n<div class=\"j83agx80 buofh1pr g5gj957u hpfvmrgz\" role=\"none\" data-testid=\"message-container\">\n<div class=\"ns4p8fja j83agx80 cbu4d94t a6sixzi8 bkfpd7mw nred35xi a1xu1aao\" role=\"none\">\n<div class=\"j83agx80 k4urcfbm\" role=\"none\"><\/div>\n<\/div>\n<\/div>\n<\/div>\n<\/div>\n<\/div>\n<\/div>\n<div class=\"H_7jIs D_F ab_C Q_69H5 E_36RhU\" data-test-id=\"toolbar-hover-area\">\n<div class=\"D_F W_6D6F r_BN gl_C\" data-test-id=\"card-toolbar\">\n<div class=\"D_F ab_C en_0 b_Z14vXdP e_3mS2U I_52qC P_Z1otBpf\">\n<p><img decoding=\"async\" src=\"https:\/\/revistaepocadigital.com.ar\/wp-content\/uploads\/2022\/04\/sa9.png\" \/><\/p>\n<div role=\"none\">El Mural en el hospital.<\/div>\n<div class=\"ns4p8fja j83agx80 cbu4d94t a6sixzi8 bkfpd7mw d2edcug0 kb5gq1qc nred35xi\" role=\"none\"><img loading=\"lazy\" decoding=\"async\" class=\"aligncenter size-full wp-image-15732\" src=\"https:\/\/revistaepocadigital.com.ar\/wp-content\/uploads\/2022\/04\/sa2.jpg\" alt=\"\" width=\"206\" height=\"206\" srcset=\"https:\/\/revistaepocadigital.com.ar\/wp-content\/uploads\/2022\/04\/sa2.jpg 206w, https:\/\/revistaepocadigital.com.ar\/wp-content\/uploads\/2022\/04\/sa2-150x150.jpg 150w\" sizes=\"auto, (max-width: 206px) 100vw, 206px\" \/><\/div>\n<\/div>\n<\/div>\n<\/div>\n<\/div>\n<\/div>\n<\/div>\n<\/div>\n<\/div>\n<\/div>\n<p><img loading=\"lazy\" decoding=\"async\" class=\"aligncenter size-large wp-image-15733\" src=\"https:\/\/revistaepocadigital.com.ar\/wp-content\/uploads\/2022\/04\/sa5-581x1200.jpg\" alt=\"\" width=\"581\" height=\"1200\" srcset=\"https:\/\/revistaepocadigital.com.ar\/wp-content\/uploads\/2022\/04\/sa5-581x1200.jpg 581w, https:\/\/revistaepocadigital.com.ar\/wp-content\/uploads\/2022\/04\/sa5-145x300.jpg 145w, https:\/\/revistaepocadigital.com.ar\/wp-content\/uploads\/2022\/04\/sa5-768x1586.jpg 768w, https:\/\/revistaepocadigital.com.ar\/wp-content\/uploads\/2022\/04\/sa5-744x1536.jpg 744w, https:\/\/revistaepocadigital.com.ar\/wp-content\/uploads\/2022\/04\/sa5-696x1438.jpg 696w, https:\/\/revistaepocadigital.com.ar\/wp-content\/uploads\/2022\/04\/sa5-203x420.jpg 203w, https:\/\/revistaepocadigital.com.ar\/wp-content\/uploads\/2022\/04\/sa5-407x840.jpg 407w, https:\/\/revistaepocadigital.com.ar\/wp-content\/uploads\/2022\/04\/sa5.jpg 976w\" sizes=\"auto, (max-width: 581px) 100vw, 581px\" \/><\/p>\n<p>Sabbatini junto a su reciente trabajo por los 40 a\u00f1os de la Guerra por Malvinas.<\/p>\n","protected":false},"excerpt":{"rendered":"<p>Y ADEM\u00c1S, SIEMPRE MUY DISPUESTA A COLABORAR CON LA COMUNIDAD.<\/p>\n","protected":false},"author":4,"featured_media":15729,"comment_status":"open","ping_status":"open","sticky":false,"template":"","format":"standard","meta":{"footnotes":"","jetpack_publicize_message":"","jetpack_publicize_feature_enabled":true,"jetpack_social_post_already_shared":false,"jetpack_social_options":{"image_generator_settings":{"template":"highway","default_image_id":0,"font":"","enabled":false},"version":2}},"categories":[10],"tags":[37,1845,606],"class_list":["post-15709","post","type-post","status-publish","format-standard","has-post-thumbnail","hentry","category-editorial","tag-destacada","tag-murales","tag-sabbatini"],"jetpack_publicize_connections":[],"jetpack_featured_media_url":"https:\/\/revistaepocadigital.com.ar\/wp-content\/uploads\/2022\/04\/sa4.jpg","jetpack_likes_enabled":true,"_links":{"self":[{"href":"https:\/\/revistaepocadigital.com.ar\/index.php?rest_route=\/wp\/v2\/posts\/15709","targetHints":{"allow":["GET"]}}],"collection":[{"href":"https:\/\/revistaepocadigital.com.ar\/index.php?rest_route=\/wp\/v2\/posts"}],"about":[{"href":"https:\/\/revistaepocadigital.com.ar\/index.php?rest_route=\/wp\/v2\/types\/post"}],"author":[{"embeddable":true,"href":"https:\/\/revistaepocadigital.com.ar\/index.php?rest_route=\/wp\/v2\/users\/4"}],"replies":[{"embeddable":true,"href":"https:\/\/revistaepocadigital.com.ar\/index.php?rest_route=%2Fwp%2Fv2%2Fcomments&post=15709"}],"version-history":[{"count":0,"href":"https:\/\/revistaepocadigital.com.ar\/index.php?rest_route=\/wp\/v2\/posts\/15709\/revisions"}],"wp:featuredmedia":[{"embeddable":true,"href":"https:\/\/revistaepocadigital.com.ar\/index.php?rest_route=\/wp\/v2\/media\/15729"}],"wp:attachment":[{"href":"https:\/\/revistaepocadigital.com.ar\/index.php?rest_route=%2Fwp%2Fv2%2Fmedia&parent=15709"}],"wp:term":[{"taxonomy":"category","embeddable":true,"href":"https:\/\/revistaepocadigital.com.ar\/index.php?rest_route=%2Fwp%2Fv2%2Fcategories&post=15709"},{"taxonomy":"post_tag","embeddable":true,"href":"https:\/\/revistaepocadigital.com.ar\/index.php?rest_route=%2Fwp%2Fv2%2Ftags&post=15709"}],"curies":[{"name":"wp","href":"https:\/\/api.w.org\/{rel}","templated":true}]}}