{"id":15712,"date":"2022-04-09T10:53:48","date_gmt":"2022-04-09T13:53:48","guid":{"rendered":"https:\/\/revistaepocadigital.com.ar\/?p=15712"},"modified":"2022-04-09T10:53:48","modified_gmt":"2022-04-09T13:53:48","slug":"es-optativo-el-uso-de-barbijos-en-escuelas-y-lugares-de-trabajo-de-la-provincia-de-buenos-aires","status":"publish","type":"post","link":"https:\/\/revistaepocadigital.com.ar\/?p=15712","title":{"rendered":"Es optativo el uso de barbijos en escuelas y lugares de trabajo de la provincia de Buenos Aires"},"content":{"rendered":"<header class=\"article-header-wrapper\">\n<div class=\"article-header\">\n<h4 class=\"article-subheadline\"><strong>LO CONFIRM\u00d3.<\/strong><!--more--><\/h4>\n<h5 class=\"article-subheadline\">El ministro de Salud bonaerense, Nicol\u00e1s Kreplak, quien aclar\u00f3 que en el transporte p\u00fablico seguir\u00e1 siendo obligatorio. Nota de Infobae.com<\/h5>\n<div class=\"byline\">\n<div class=\"byline-text-wrapper\"><\/div>\n<\/div>\n<\/div>\n<\/header>\n<p>El ministro de Salud bonaerense,<b>\u00a0Nicol\u00e1s Kreplak<\/b>, confirm\u00f3 que a partir de este jueves 7 de abril\u00a0<b>ser\u00e1 optativo el uso de tapabocas en espacios laborales, recreativos y educativos. De todos modos, aclar\u00f3 que en el transporte p\u00fablico \u201cseguir\u00e1 siendo obligatorio\u201d<\/b>. Hasta el momento, s\u00f3lo cinco distritos hab\u00edan quitado la necesidad de usar el barbijo en primaria y secundaria: Mendoza, la Ciudad de Buenos Aires, Tierra del Fuego, Neuqu\u00e9n y R\u00edo Negro.<\/p>\n<article class=\"article\">\n<div class=\"nd-body-article\">\n<p class=\"paragraph\">\u201cDesde el jueves 7 ser\u00e1 optativo su uso en espacios laborales, recreativos y educativos. En el transporte p\u00fablico seguir\u00e1 siendo obligatorio\u201d, public\u00f3 Kreplak en su cuenta de Twitter, aunque aclar\u00f3 que seguir\u00e1n \u201crecomendando la utilizaci\u00f3n del tapabocas\u201d.<\/p>\n<div class=\"teads-adCall\"><\/div>\n<div class=\"visual__image\"><img loading=\"lazy\" decoding=\"async\" class=\"\" src=\"https:\/\/cloudfront-us-east-1.images.arcpublishing.com\/infobae\/MNS6YZ3K4JHC5FWNSGGEXV3H5A.png\" sizes=\"auto, (min-width: 800px) 50vw, 90vw\" srcset=\"https:\/\/www.infobae.com\/new-resizer\/4Svvzu4_NzBqgH1b6Y6SSnRegKU=\/420x630\/filters:format(webp):quality(85)\/cloudfront-us-east-1.images.arcpublishing.com\/infobae\/MNS6YZ3K4JHC5FWNSGGEXV3H5A.png 420w,https:\/\/www.infobae.com\/new-resizer\/K6FNeVYlcWZxulMayYU8FZYjstY=\/768x1152\/filters:format(webp):quality(85)\/cloudfront-us-east-1.images.arcpublishing.com\/infobae\/MNS6YZ3K4JHC5FWNSGGEXV3H5A.png 768w,https:\/\/www.infobae.com\/new-resizer\/sqc4SLHWDR9yqTERFkF8pCSrUjc=\/992x1488\/filters:format(webp):quality(85)\/cloudfront-us-east-1.images.arcpublishing.com\/infobae\/MNS6YZ3K4JHC5FWNSGGEXV3H5A.png 992w,https:\/\/www.infobae.com\/new-resizer\/azInpmYoVmksOewyWFffAufJ6g0=\/1200x1800\/filters:format(webp):quality(85)\/cloudfront-us-east-1.images.arcpublishing.com\/infobae\/MNS6YZ3K4JHC5FWNSGGEXV3H5A.png 1200w\" alt=\"Tuits de Nicol\u00e1s Kreplak por el uso de barbijos\" width=\"584\" height=\"903\" \/>Tuits de Nicol\u00e1s Kreplak por el uso de barbijos<\/div>\n<div class=\"inline ad-wrapper\">\n<div class=\"dfpAd display_inline_block ad_margin_wrapper\">\n<div id=\"infobae\/politica\/nota\/inline\" class=\"infobae\/politica\/nota\/inline arcad\" data-google-query-id=\"CJjex6aPh_cCFQw1uQYdZ-cJqw\">\n<div id=\"google_ads_iframe_\/1058609\/infobae\/politica\/nota\/inline_0__container__\"><iframe id=\"google_ads_iframe_\/1058609\/infobae\/politica\/nota\/inline_0\" tabindex=\"0\" title=\"3rd party ad content\" role=\"region\" name=\"google_ads_iframe_\/1058609\/infobae\/politica\/nota\/inline_0\" width=\"1\" height=\"1\" frameborder=\"0\" marginwidth=\"0\" marginheight=\"0\" scrolling=\"no\" aria-label=\"Advertisement\" data-google-container-id=\"a\" data-load-complete=\"true\" data-mce-fragment=\"1\"><\/iframe><\/div>\n<\/div>\n<\/div>\n<\/div>\n<p class=\"paragraph\">En su argumento para tomar la medida, el funcionario resalt\u00f3 que la Provincia lleva \u201c10 semanas de descenso sostenido de casos de Covid, el brote adelantado de influenza controlado, la campa\u00f1a de vacunaci\u00f3n contra la gripe iniciada y m\u00e1s del 95% de la poblaci\u00f3n inmunizada contra el coronavirus. Con la llegada de los primeros fr\u00edos, la circulaci\u00f3n de nuevas variantes, las clases presenciales y sin ning\u00fan aforo ni restricci\u00f3n, los casos no aumentan y estamos en una buena situaci\u00f3n epidemiol\u00f3gica\u201d.<\/p>\n<p class=\"paragraph\">\u201cSostener los cuidados siempre fue la prioridad, pero a\u00fan m\u00e1s en ni\u00f1os y ni\u00f1as. Por eso en las escuelas de la Provincia se distribuyeron 33 mil medidores de di\u00f3xido de carbono para tener una adecuada ventilaci\u00f3n y se aplicaron m\u00e1s de 295000 vacunas COVID en 3000 escuelas\u201d, sostuvo y agreg\u00f3: \u201cSeguiremos monitoreando la situaci\u00f3n epidemiol\u00f3gica, entregando barbijos en las escuelas, completando los esquemas de vacunaci\u00f3n y realizando una vigilancia activa para que estas medidas las podamos sostener y nos acerquemos cada vez m\u00e1s a una plena normalidad\u201d.<\/p>\n<p class=\"paragraph\">En las \u00faltimas semanas, en los municipios gobernados por el PRO avanzaba el pedido para que el tapaboca fuera de uso optativo en el transporte p\u00fablico, dependencias municipales y quedara a libre decisi\u00f3n en los comercios. De hecho, el que hab\u00eda dado el puntapi\u00e9 fue el intendente de La Plata, Julio Garro, al adelantarse a la autorizaci\u00f3n del gobierno de Axel Kicillof.<\/p>\n<div class=\"visual__image\"><img loading=\"lazy\" decoding=\"async\" class=\"\" src=\"https:\/\/cloudfront-us-east-1.images.arcpublishing.com\/infobae\/QWXFVNXUKZADBIY5XTBSJDJ5FM.jpg\" sizes=\"auto, (min-width: 800px) 50vw, 90vw\" srcset=\"https:\/\/www.infobae.com\/new-resizer\/2Vql5dcQQ3i9Lq-3Lj4jCimWPmw=\/420x236\/filters:format(webp):quality(85)\/cloudfront-us-east-1.images.arcpublishing.com\/infobae\/QWXFVNXUKZADBIY5XTBSJDJ5FM.jpg 420w,https:\/\/www.infobae.com\/new-resizer\/8avoaDl-YecD8KnxX2A15QJOozo=\/768x432\/filters:format(webp):quality(85)\/cloudfront-us-east-1.images.arcpublishing.com\/infobae\/QWXFVNXUKZADBIY5XTBSJDJ5FM.jpg 768w,https:\/\/www.infobae.com\/new-resizer\/mjra1m-wuelT64c5fe4wzfUx_KY=\/992x558\/filters:format(webp):quality(85)\/cloudfront-us-east-1.images.arcpublishing.com\/infobae\/QWXFVNXUKZADBIY5XTBSJDJ5FM.jpg 992w,https:\/\/www.infobae.com\/new-resizer\/RZwA5tTdApMHITVQf63VuFEXD_w=\/1200x675\/filters:format(webp):quality(85)\/cloudfront-us-east-1.images.arcpublishing.com\/infobae\/QWXFVNXUKZADBIY5XTBSJDJ5FM.jpg 1200w,https:\/\/www.infobae.com\/new-resizer\/bTKus1xuBB3fXhDllKhhUgbknxM=\/1440x810\/filters:format(webp):quality(85)\/cloudfront-us-east-1.images.arcpublishing.com\/infobae\/QWXFVNXUKZADBIY5XTBSJDJ5FM.jpg 1440w\" alt=\"El mensaje de Julio Garro\" width=\"1920\" height=\"1080\" \/>El mensaje de Julio Garro<\/div>\n<div><\/div>\n<p class=\"paragraph\">A principio de marzo, Garro hab\u00eda anunciado que dejar\u00eda<b>\u00a0de ser obligatorio el uso del barbijo para el transporte p\u00fablico, los comercios y las oficinas municipales de la capital bonaerense y que las mascarilla ser\u00e1n optativas para \u201cla circulaci\u00f3n, prestaci\u00f3n de servicios y toda actividad p\u00fablica o privada que se desarrolle en el Partido de La Plata\u201d<\/b>. R\u00e1pidamente desde el gobierno de<b>\u00a0Axel Kicillof\u00a0<\/b>salieron a criticar esta medida, recordando adem\u00e1s que \u201cen el territorio bonaerense la competencia primaria en salud es Provincial, a trav\u00e9s de la cartera sanitaria\u201d.<\/p>\n<p class=\"paragraph\">Adem\u00e1s, en la Legislatura bonaerense, la senadora de Juntos<b>\u00a0Aldana Ahumada<\/b>\u00a0-que responde al intendente de Lan\u00fas,<b>\u00a0N\u00e9stor Grindetti-<\/b>\u00a0present\u00f3 un proyecto de declaraci\u00f3n en donde le pide al Ejecutivo \u201cque realice las acciones necesarias tendientes a eliminar la obligatoriedad del uso de barbijos -tambi\u00e9n denominados tapabocas- en todos los niveles y modalidades de todas las escuelas dependientes de la Direcci\u00f3n General de Educaci\u00f3n y Cultura, donde a\u00fan rige esta obligatoriedad\u201d.<\/p>\n<p class=\"paragraph\">La senadora fundamentaba que \u201c<b>resulta necesario revisar la medida en cuesti\u00f3n debido a que existe numerosa evidencia de que \u00e9sta puede resultar perjudicial -en varios aspectos- para los educandos<\/b>\u201d y usa como referencia \u201clas recomendaciones del Centro Europeo para la Prevenci\u00f3n y el Control de Enfermedades\u201d, que \u201cdesde mayo de 2020 varios pa\u00edses de Europa -entre los que se encuentran Holanda, Suecia, Francia, Reino Unido, Irlanda o Dinamarca- no obligan a ni\u00f1os de nivel primario a usar barbijos\u201d.<\/p>\n<p class=\"paragraph\">\n<\/div>\n<\/article>\n","protected":false},"excerpt":{"rendered":"<p>LO CONFIRM\u00d3.<\/p>\n","protected":false},"author":3,"featured_media":15713,"comment_status":"open","ping_status":"open","sticky":false,"template":"","format":"standard","meta":{"footnotes":"","jetpack_publicize_message":"","jetpack_publicize_feature_enabled":true,"jetpack_social_post_already_shared":false,"jetpack_social_options":{"image_generator_settings":{"template":"highway","default_image_id":0,"font":"","enabled":false},"version":2}},"categories":[13],"tags":[1842,1843],"class_list":["post-15712","post","type-post","status-publish","format-standard","has-post-thumbnail","hentry","category-interes-general","tag-barbijos","tag-uso-optativo"],"jetpack_publicize_connections":[],"jetpack_featured_media_url":"https:\/\/revistaepocadigital.com.ar\/wp-content\/uploads\/2022\/04\/barr.jpg","jetpack_likes_enabled":true,"_links":{"self":[{"href":"https:\/\/revistaepocadigital.com.ar\/index.php?rest_route=\/wp\/v2\/posts\/15712","targetHints":{"allow":["GET"]}}],"collection":[{"href":"https:\/\/revistaepocadigital.com.ar\/index.php?rest_route=\/wp\/v2\/posts"}],"about":[{"href":"https:\/\/revistaepocadigital.com.ar\/index.php?rest_route=\/wp\/v2\/types\/post"}],"author":[{"embeddable":true,"href":"https:\/\/revistaepocadigital.com.ar\/index.php?rest_route=\/wp\/v2\/users\/3"}],"replies":[{"embeddable":true,"href":"https:\/\/revistaepocadigital.com.ar\/index.php?rest_route=%2Fwp%2Fv2%2Fcomments&post=15712"}],"version-history":[{"count":0,"href":"https:\/\/revistaepocadigital.com.ar\/index.php?rest_route=\/wp\/v2\/posts\/15712\/revisions"}],"wp:featuredmedia":[{"embeddable":true,"href":"https:\/\/revistaepocadigital.com.ar\/index.php?rest_route=\/wp\/v2\/media\/15713"}],"wp:attachment":[{"href":"https:\/\/revistaepocadigital.com.ar\/index.php?rest_route=%2Fwp%2Fv2%2Fmedia&parent=15712"}],"wp:term":[{"taxonomy":"category","embeddable":true,"href":"https:\/\/revistaepocadigital.com.ar\/index.php?rest_route=%2Fwp%2Fv2%2Fcategories&post=15712"},{"taxonomy":"post_tag","embeddable":true,"href":"https:\/\/revistaepocadigital.com.ar\/index.php?rest_route=%2Fwp%2Fv2%2Ftags&post=15712"}],"curies":[{"name":"wp","href":"https:\/\/api.w.org\/{rel}","templated":true}]}}