{"id":15715,"date":"2022-04-09T23:55:32","date_gmt":"2022-04-10T02:55:32","guid":{"rendered":"https:\/\/revistaepocadigital.com.ar\/?p=15715"},"modified":"2022-04-09T23:56:49","modified_gmt":"2022-04-10T02:56:49","slug":"comienza-la-tercera-etapa-de-vacunacion-contra-la-gripe","status":"publish","type":"post","link":"https:\/\/revistaepocadigital.com.ar\/?p=15715","title":{"rendered":"COMIENZA LA TERCERA ETAPA DE VACUNACI\u00d3N CONTRA LA GRIPE"},"content":{"rendered":"<div class=\"\" dir=\"auto\">\n<div id=\"jsc_c_s\" class=\"ecm0bbzt hv4rvrfc ihqw7lf3 dati1w0a\" data-ad-comet-preview=\"message\" data-ad-preview=\"message\">\n<div class=\"j83agx80 cbu4d94t ew0dbk1b irj2b8pg\">\n<div class=\"qzhwtbm6 knvmm38d\">\n<div class=\"kvgmc6g5 cxmmr5t8 oygrvhab hcukyx3x c1et5uql ii04i59q\">\n<div dir=\"auto\">\n<p><strong><strong>DESDE EL LUNES 11 DE ABRIL.<\/strong><\/strong><\/p>\n<div class=\"\" dir=\"auto\">\n<div id=\"jsc_c_s\" class=\"ecm0bbzt hv4rvrfc ihqw7lf3 dati1w0a\" data-ad-comet-preview=\"message\" data-ad-preview=\"message\">\n<div class=\"j83agx80 cbu4d94t ew0dbk1b irj2b8pg\">\n<div class=\"qzhwtbm6 knvmm38d\">\n<div class=\"cxmmr5t8 oygrvhab hcukyx3x c1et5uql o9v6fnle ii04i59q\">\n<div dir=\"auto\"><\/div>\n<\/div>\n<\/div>\n<\/div>\n<\/div>\n<\/div>\n<p><!--more--><\/p>\n<\/div>\n<div dir=\"auto\"><\/div>\n<\/div>\n<div class=\"cxmmr5t8 oygrvhab hcukyx3x c1et5uql o9v6fnle ii04i59q\">\n<div dir=\"auto\">Se inicia la tercera etapa de la vacunaci\u00f3n antigripal, y se suman las personas a partir de los 65 a\u00f1os y las pu\u00e9rperas.<\/div>\n<\/div>\n<div class=\"cxmmr5t8 oygrvhab hcukyx3x c1et5uql o9v6fnle ii04i59q\">\n<div dir=\"auto\"><\/div>\n<div dir=\"auto\">La vacunaci\u00f3n se lleva a cabo en etapas de acuerdo a los grupos establecidos. En una pr\u00f3xima etapa, se completar\u00e1 con las personas que pertenecen a los distintos grupos de riesgo.<\/div>\n<\/div>\n<div class=\"cxmmr5t8 oygrvhab hcukyx3x c1et5uql o9v6fnle ii04i59q\">\n<div dir=\"auto\"><\/div>\n<div dir=\"auto\">Record\u00e1 que las vacunas son gratuitas, y pueden aplicarse junto con cualquier dosis o refuerzo de la vacuna contra el Covid. Adem\u00e1s, se debe asistir con la libreta de vacunaci\u00f3n.<\/div>\n<\/div>\n<div class=\"cxmmr5t8 oygrvhab hcukyx3x c1et5uql o9v6fnle ii04i59q\">\n<div dir=\"auto\">Concurrir al vacunatorio m\u00e1s cercano.<\/div>\n<div dir=\"auto\"><span class=\"pq6dq46d tbxw36s4 knj5qynh kvgmc6g5 ditlmg2l oygrvhab nvdbi5me sf5mxxl7 gl3lb2sf hhz5lgdu\"><img loading=\"lazy\" decoding=\"async\" src=\"https:\/\/static.xx.fbcdn.net\/images\/emoji.php\/v9\/t8a\/1\/16\/1f447_1f3fb.png\" alt=\"\ud83d\udc47\ud83c\udffb\" width=\"16\" height=\"16\" \/><\/span><\/div>\n<\/div>\n<div class=\"cxmmr5t8 oygrvhab hcukyx3x c1et5uql o9v6fnle ii04i59q\">\n<div dir=\"auto\"><strong>HORARIOS DE VACUNACI\u00d3N EN LOS CENTROS DE SALUD:<\/strong><\/div>\n<\/div>\n<div class=\"cxmmr5t8 oygrvhab hcukyx3x c1et5uql o9v6fnle ii04i59q\">\n<div dir=\"auto\"><\/div>\n<div dir=\"auto\"><strong>ARROYO DE LA CRUZ<\/strong>: LUNES, MARTES, JUEVES Y VIERNES DE 8 A 12 HS.<\/div>\n<div dir=\"auto\"><\/div>\n<div dir=\"auto\"><strong>CHENAUT:<\/strong> LUNES A VIERNES DE 8 A 12 HS.<\/div>\n<div dir=\"auto\"><\/div>\n<div dir=\"auto\"><strong>DIEGO GAYNOR<\/strong>:<\/div>\n<div dir=\"auto\"><\/div>\n<div dir=\"auto\">EMBARAZADAS, PU\u00c9RPERAS Y NI\u00d1OS DE 0 A 2 A\u00d1OS Y 3 A\u00d1OS CON FACTORES DE RIESGO, DE LUNES A VIERNES DE 8 A 11HS.<\/div>\n<div dir=\"auto\"><\/div>\n<div dir=\"auto\">ADULTOS MAYORES, LUNES A VIERNES DE 13 A 15HS.<\/div>\n<div dir=\"auto\"><\/div>\n<div dir=\"auto\">BARRIO ESPERANZA: LUNES A VIERNES DE 9 A 16 HS.<\/div>\n<div dir=\"auto\"><\/div>\n<div dir=\"auto\">SAN JOS\u00c9 DE TALA : LUNES A VIERNES DE 8 A 12 HS.<\/div>\n<div dir=\"auto\"><\/div>\n<div dir=\"auto\"><strong>PAV\u00d3N:<\/strong><\/div>\n<div dir=\"auto\"><\/div>\n<div dir=\"auto\">EMBARAZADAS, PU\u00c9RPERAS Y NI\u00d1OS DE 0 A 2 A\u00d1OS Y 3 A\u00d1OS CON FACTORES DE RIESGO, DE 8 A 14HS.<\/div>\n<div dir=\"auto\"><\/div>\n<div dir=\"auto\">ADULTOS MAYORES, DE 14 A 18HS.<\/div>\n<div dir=\"auto\"><\/div>\n<div dir=\"auto\"><strong>PARADA ROBLES:<\/strong> LUNES A VIERNES DE 8 A 12:30 HS.<\/div>\n<div dir=\"auto\"><\/div>\n<div dir=\"auto\"><strong>CAPS LOS CARDALES:<\/strong><\/div>\n<div dir=\"auto\"><\/div>\n<div dir=\"auto\">EMBARAZADAS, PU\u00c9RPERAS Y NI\u00d1OS DE 0 A 2 A\u00d1OS Y 3 A\u00d1OS CON FACTORES DE RIESGO, DE LUNES A VIERNES DE 8 A 13HS.<\/div>\n<div dir=\"auto\"><\/div>\n<div dir=\"auto\">ADULTOS MAYORES DE 14 A 18HS.<\/div>\n<div dir=\"auto\"><\/div>\n<div dir=\"auto\"><strong>CAPS CAPILLA DEL SE\u00d1OR:<\/strong><\/div>\n<div dir=\"auto\"><\/div>\n<div dir=\"auto\">EMBARAZADAS, PU\u00c9RPERAS Y NI\u00d1OS DE 0 A 2 A\u00d1OS Y 3 A\u00d1OS CON FACTORES DE RIESGO, LUNES A VIERNES DE 8 A 13HS.<\/div>\n<div dir=\"auto\"><\/div>\n<div dir=\"auto\">ADULTOS MAYORES DE 14 A 18HS.<\/div>\n<\/div>\n<\/div>\n<\/div>\n<\/div>\n<\/div>\n<p>&nbsp;<\/p>\n<div id=\"jsc_c_t\" class=\"l9j0dhe7\"><\/div>\n<p>&nbsp;<\/p>\n","protected":false},"excerpt":{"rendered":"<p>DESDE EL LUNES 11 DE ABRIL.<\/p>\n","protected":false},"author":3,"featured_media":15716,"comment_status":"open","ping_status":"open","sticky":false,"template":"","format":"standard","meta":{"footnotes":"","jetpack_publicize_message":"","jetpack_publicize_feature_enabled":true,"jetpack_social_post_already_shared":false,"jetpack_social_options":{"image_generator_settings":{"template":"highway","default_image_id":0,"font":"","enabled":false},"version":2}},"categories":[5],"tags":[1334,976],"class_list":["post-15715","post","type-post","status-publish","format-standard","has-post-thumbnail","hentry","category-aqui-parada-robles","tag-gripe","tag-vacuna"],"jetpack_publicize_connections":[],"jetpack_featured_media_url":"https:\/\/revistaepocadigital.com.ar\/wp-content\/uploads\/2022\/04\/278129346_347896187387277_6762585871132113708_n.jpg","jetpack_likes_enabled":true,"_links":{"self":[{"href":"https:\/\/revistaepocadigital.com.ar\/index.php?rest_route=\/wp\/v2\/posts\/15715","targetHints":{"allow":["GET"]}}],"collection":[{"href":"https:\/\/revistaepocadigital.com.ar\/index.php?rest_route=\/wp\/v2\/posts"}],"about":[{"href":"https:\/\/revistaepocadigital.com.ar\/index.php?rest_route=\/wp\/v2\/types\/post"}],"author":[{"embeddable":true,"href":"https:\/\/revistaepocadigital.com.ar\/index.php?rest_route=\/wp\/v2\/users\/3"}],"replies":[{"embeddable":true,"href":"https:\/\/revistaepocadigital.com.ar\/index.php?rest_route=%2Fwp%2Fv2%2Fcomments&post=15715"}],"version-history":[{"count":0,"href":"https:\/\/revistaepocadigital.com.ar\/index.php?rest_route=\/wp\/v2\/posts\/15715\/revisions"}],"wp:featuredmedia":[{"embeddable":true,"href":"https:\/\/revistaepocadigital.com.ar\/index.php?rest_route=\/wp\/v2\/media\/15716"}],"wp:attachment":[{"href":"https:\/\/revistaepocadigital.com.ar\/index.php?rest_route=%2Fwp%2Fv2%2Fmedia&parent=15715"}],"wp:term":[{"taxonomy":"category","embeddable":true,"href":"https:\/\/revistaepocadigital.com.ar\/index.php?rest_route=%2Fwp%2Fv2%2Fcategories&post=15715"},{"taxonomy":"post_tag","embeddable":true,"href":"https:\/\/revistaepocadigital.com.ar\/index.php?rest_route=%2Fwp%2Fv2%2Ftags&post=15715"}],"curies":[{"name":"wp","href":"https:\/\/api.w.org\/{rel}","templated":true}]}}