{"id":15738,"date":"2022-04-12T01:30:01","date_gmt":"2022-04-12T04:30:01","guid":{"rendered":"https:\/\/revistaepocadigital.com.ar\/?p=15738"},"modified":"2022-04-12T01:30:01","modified_gmt":"2022-04-12T04:30:01","slug":"el-gobierno-convoco-a-gremios-para-negociar-las-paritarias-por-adelantado","status":"publish","type":"post","link":"https:\/\/revistaepocadigital.com.ar\/?p=15738","title":{"rendered":"El Gobierno convoc\u00f3 a gremios para negociar las paritarias por adelantado"},"content":{"rendered":"<section class=\"detail-body content-protected-false\">\n<div class=\"detail-gallery\">\n<div class=\"gallery lite\">\n<div class=\"itemGallery classid7610275\">\n<div class=\"gallery-slide\">\n<figure class=\"gallery-figure\"><strong>Son 27 actividades.<\/strong><\/p>\n<div class=\"gallery-nav\"><\/div>\n<\/figure>\n<\/div>\n<\/div>\n<\/div>\n<\/div>\n<\/section>\n<p><!--more--><\/p>\n<section class=\"detail-body first-paragraph\">\n<section id=\"note-body\" class=\"body-content note-body content-protected-false\" data-twitter-link=\"https:\/\/twitter.com\/intent\/tweet?url=https:\/\/www.ambito.com\/c5411108&amp;v\u00eda=Ambitocom&amp;related=\u00e1mbito.com&amp;text=\">\n<div class=\"person\">\n<div class=\"person-info\"><\/div>\n<\/div>\n<p><strong>El\u00a0<a class=\"agrupador\" href=\"https:\/\/www.ambito.com\/gobierno-a5124861\" rel=\"5124861\">Gobierno<\/a>\u00a0llam\u00f3 a 27 actividades a renegociar aumentos salariales en\u00a0<a class=\"agrupador\" href=\"https:\/\/www.ambito.com\/paritarias-a5122767\" rel=\"5122767\">paritarias<\/a>\u00a0por adelantado.<\/strong>\u00a0<span id=\"saysCMSEmphasisdwfpz8zcuts\" class=\"saysCMSEmphasis\">La convocatoria,<\/span>\u00a0masiva y de car\u00e1cter in\u00e9dito en la historia reciente de las negociaciones por ingresos,\u00a0<span id=\"saysCMSEmphasisdvw3z3zwj5h\" class=\"saysCMSEmphasis\">responde al acuerdo que la administraci\u00f3n de Alberto Fern\u00e1ndez alcanz\u00f3 con la Uni\u00f3n Industrial (UIA) y la CGT para avanzar en l\u00edneas tendientes a contener la inflaci\u00f3n y resguardar el poder adquisitivo de los trabajadores.<\/span><\/p>\n<\/section>\n<\/section>\n<section class=\"detail-body second-paragraph\">\n<section class=\"body-content note-body content-protected-false\">La medida alcanza a los <a class=\"agrupador\" href=\"https:\/\/www.ambito.com\/gremios-a5122671\" rel=\"5122671\">gremios<\/a>\u00a0y las c\u00e1maras empresarias de los rubros de la\u00a0<span id=\"saysCMSEmphasiso5qp95lzycp\" class=\"saysCMSEmphasis\">construcci\u00f3n<\/span>\u00a0(sindicatos Uocra y Uecara),\u00a0<span id=\"saysCMSEmphasisek74njau9fq\" class=\"saysCMSEmphasis\">Camioneros, Sanidad, Gastron\u00f3micos, Seguridad, Maestranza, Pl\u00e1stico, Pasteleros, Seguro, Alimentaci\u00f3n, Textiles, Televisi\u00f3n, Mec\u00e1nicos, Aguas Gaseosas, Vestido, Qu\u00edmicos, Gr\u00e1ficos, Molineros, Viajantes y Madereros.<\/span> Son las actividades que ten\u00edan previsto arrancar sus di\u00e1logos paritarios en los pr\u00f3ximos meses pero que ahora lo har\u00e1n con la mira puesta en adelantar nuevas escalas salariales para que empiecen a regir desde este mes.<\/p>\n<p>El llamado qued\u00f3 plasmado en la resoluci\u00f3n 388 del Ministerio de Trabajo, que se publicar\u00e1 en las pr\u00f3ximas horas en el Bolet\u00edn Oficial, y que adem\u00e1s de las actividades enumeradas\u00a0<em>incluye cualquier otra \u201cque tuviera acuerdos o convenios colectivos con t\u00e9rmino no vencido, y a aquellas que tuvieran acuerdos o convenios colectivos con t\u00e9rmino vencido y no se encontraren en la etapa de tratativas\u201d.\u00a0<\/em>El objetivo de esas aclaraciones es darles cobertura administrativa a los gremios que eventualmente pudieran pedir la reapertura de sus negociaciones o el inicio por adelantado y no figurasen en el listado difundido ayer.<\/p>\n<\/section>\n<\/section>\n<section class=\"detail-body\">\n<section class=\"body-content note-body content-protected-false\">La instrumentaci\u00f3n de la medida queda a cargo de la Direcci\u00f3n Nacional de Relaciones y Regulaciones del Trabajo, que depende de Gabriela Marcello. La funcionaria abrir\u00e1 tandas de diez negociaciones diarias entre las actividades listadas y las que eventualmente pidieran ser incorporadas a la ronda de di\u00e1logos.<\/p>\n<p><img loading=\"lazy\" decoding=\"async\" class=\"aligncenter size-full wp-image-15739\" src=\"https:\/\/revistaepocadigital.com.ar\/wp-content\/uploads\/2022\/04\/obre.jpg\" alt=\"\" width=\"681\" height=\"408\" srcset=\"https:\/\/revistaepocadigital.com.ar\/wp-content\/uploads\/2022\/04\/obre.jpg 681w, https:\/\/revistaepocadigital.com.ar\/wp-content\/uploads\/2022\/04\/obre-300x180.jpg 300w\" sizes=\"auto, (max-width: 681px) 100vw, 681px\" \/>La resoluci\u00f3n menciona las negociaciones en el Ministerio de Econom\u00eda con la participaci\u00f3n de la CGT y la UIA y las coincidencias sobre la necesidad de &#8220;concertar acciones que permitan afrontar las dificultades econ\u00f3micas locales, agravadas por el conflicto en Ucrania, con el fin de mejorar el poder adquisitivo de los salarios, cuidar la canasta b\u00e1sica de consumo de los argentinos y argentinas, y preservar la reactivaci\u00f3n de la econom\u00eda\u201d.<\/p>\n<p>El adelantamiento de paritarias es la v\u00eda que encontr\u00f3 el Gabinete econ\u00f3mico para descomprimir los reclamos que desde el propio oficialismo se le hac\u00edan al Gobierno por la falta de acci\u00f3n frente a la disparada inflacionaria. Y se concret\u00f3 en paralelo con la suba anunciada ayer mismo de los montos de la tarjeta Alimentar para los sectores m\u00e1s vulnerables.<\/p>\n<div id=\"hybs-mslot-8600-1\" class=\"hybs-mslot\"><\/div>\n<p>El di\u00e1logo entre el Ejecutivo, la UIA y la CGT confluy\u00f3 hacia esa soluci\u00f3n y eludi\u00f3 otros planteos de sectores del Frente de Todos que reclamaban una intervenci\u00f3n m\u00e1s decidida con acciones generales como aumentos salariales por decreto. Esa v\u00eda fue desechada por la oposici\u00f3n de la propia CGT, resuelta a fortalecer la instituci\u00f3n de las paritarias y a proteger a empleadores con dificultades para afrontar pagos uniformes para todos sus trabajadores.<\/p>\n<p>A pesar de que en las discusiones de los \u00faltimos d\u00edas no estuvieron presentes otras c\u00e1maras empresarias (Comercio, Construcci\u00f3n, el agro, las entidades financieras) el Gobierno avanz\u00f3 en el llamado por entender que la UIA, si bien involucra una porci\u00f3n acotada de trabajadores de industrias, es la gremial patronal con la mayor cantidad de convenios colectivos. Adem\u00e1s otros sindicatos, como el mercantil (Faecys) ya est\u00e1 inmerso en su paritaria en tanto que otros, como la Uni\u00f3n Obrera Metal\u00fargica (UOM) o los gremios docentes, acaban de cerrar la propia<\/p>\n<\/section>\n<p>Nota publicada en Ambito Financiero.<\/p>\n<\/section>\n","protected":false},"excerpt":{"rendered":"<p>Son 27 actividades.<\/p>\n","protected":false},"author":3,"featured_media":15739,"comment_status":"open","ping_status":"open","sticky":false,"template":"","format":"standard","meta":{"footnotes":"","jetpack_publicize_message":"","jetpack_publicize_feature_enabled":true,"jetpack_social_post_already_shared":false,"jetpack_social_options":{"image_generator_settings":{"template":"highway","default_image_id":0,"font":"","enabled":false},"version":2}},"categories":[17],"tags":[1846],"class_list":["post-15738","post","type-post","status-publish","format-standard","has-post-thumbnail","hentry","category-politica","tag-paritarias"],"jetpack_publicize_connections":[],"jetpack_featured_media_url":"https:\/\/revistaepocadigital.com.ar\/wp-content\/uploads\/2022\/04\/obre.jpg","jetpack_likes_enabled":true,"_links":{"self":[{"href":"https:\/\/revistaepocadigital.com.ar\/index.php?rest_route=\/wp\/v2\/posts\/15738","targetHints":{"allow":["GET"]}}],"collection":[{"href":"https:\/\/revistaepocadigital.com.ar\/index.php?rest_route=\/wp\/v2\/posts"}],"about":[{"href":"https:\/\/revistaepocadigital.com.ar\/index.php?rest_route=\/wp\/v2\/types\/post"}],"author":[{"embeddable":true,"href":"https:\/\/revistaepocadigital.com.ar\/index.php?rest_route=\/wp\/v2\/users\/3"}],"replies":[{"embeddable":true,"href":"https:\/\/revistaepocadigital.com.ar\/index.php?rest_route=%2Fwp%2Fv2%2Fcomments&post=15738"}],"version-history":[{"count":0,"href":"https:\/\/revistaepocadigital.com.ar\/index.php?rest_route=\/wp\/v2\/posts\/15738\/revisions"}],"wp:featuredmedia":[{"embeddable":true,"href":"https:\/\/revistaepocadigital.com.ar\/index.php?rest_route=\/wp\/v2\/media\/15739"}],"wp:attachment":[{"href":"https:\/\/revistaepocadigital.com.ar\/index.php?rest_route=%2Fwp%2Fv2%2Fmedia&parent=15738"}],"wp:term":[{"taxonomy":"category","embeddable":true,"href":"https:\/\/revistaepocadigital.com.ar\/index.php?rest_route=%2Fwp%2Fv2%2Fcategories&post=15738"},{"taxonomy":"post_tag","embeddable":true,"href":"https:\/\/revistaepocadigital.com.ar\/index.php?rest_route=%2Fwp%2Fv2%2Ftags&post=15738"}],"curies":[{"name":"wp","href":"https:\/\/api.w.org\/{rel}","templated":true}]}}