{"id":15743,"date":"2022-04-12T01:52:12","date_gmt":"2022-04-12T04:52:12","guid":{"rendered":"https:\/\/revistaepocadigital.com.ar\/?p=15743"},"modified":"2022-04-12T01:53:42","modified_gmt":"2022-04-12T04:53:42","slug":"la-anhelada-vuelta-de-los-trenes-del-ferrocarril-mitre","status":"publish","type":"post","link":"https:\/\/revistaepocadigital.com.ar\/?p=15743","title":{"rendered":"La anhelada vuelta de los trenes del ferrocarril Mitre"},"content":{"rendered":"<div class=\"kvgmc6g5 cxmmr5t8 oygrvhab hcukyx3x c1et5uql ii04i59q\">\n<div dir=\"auto\"><strong>RECORRIDA DE OBRA DE V\u00cdAS TRAMO MATHEU-LOS CARDALES<\/strong>.<\/div>\n<div dir=\"auto\"><\/div>\n<\/div>\n<p><!--more--><\/p>\n<div class=\"cxmmr5t8 oygrvhab hcukyx3x c1et5uql o9v6fnle ii04i59q\">\n<div dir=\"auto\">En la jornada deL lunes 11-4, se realiz\u00f3 una recorrida de obra de v\u00edas, en el tramo comprendido entre la estaci\u00f3n de Matheu, en el partido de Escobar, pasando por Zelaya, en el partido de Pilar y la estaci\u00f3n de Los Cardales.<\/div>\n<div dir=\"auto\"><\/div>\n<div dir=\"auto\">De la recorrida particip\u00f3 el ministro de Transporte de la Provincia de Bs. As., Jorge D\u00b4Onofrio, el presidente de Trenes Argentinos, Mart\u00edn Marinucci, el presidente del Ente Nacional de Control y Gesti\u00f3n de la V\u00eda Navegable, Ariel Sujarchuk, el Intendente de Escobar, Carlos Alberto Ramil, el director ejecutivo de la CNRT, Jos\u00e9 Ram\u00f3n Arteaga y el gerente L\u00ednea Mitre, Iv\u00e1n Kildoff.<\/div>\n<div dir=\"auto\"><\/div>\n<\/div>\n<div class=\"cxmmr5t8 oygrvhab hcukyx3x c1et5uql o9v6fnle ii04i59q\">\n<div dir=\"auto\">Al llegar a Los Cardales fueron recibidos por Mar\u00eda Luz Bozzani, secretaria de Coordinaci\u00f3n general y Mat\u00edas Azzalini, secretario de Gobierno, quienes confirmaron que en aproximadamente 15 d\u00edas se har\u00e1 la prueba de v\u00edas desde Diego Gaynor, pasando por Sol\u00eds y Vagu\u00e9s, hasta culminar en San Antonio de Areco.<\/div>\n<\/div>\n","protected":false},"excerpt":{"rendered":"<p>RECORRIDA DE OBRA DE V\u00cdAS TRAMO MATHEU-LOS CARDALES.<\/p>\n","protected":false},"author":3,"featured_media":15744,"comment_status":"open","ping_status":"open","sticky":false,"template":"","format":"standard","meta":{"footnotes":"","jetpack_publicize_message":"","jetpack_publicize_feature_enabled":true,"jetpack_social_post_already_shared":false,"jetpack_social_options":{"image_generator_settings":{"template":"highway","default_image_id":0,"font":"","enabled":false},"version":2}},"categories":[4],"tags":[1258],"class_list":["post-15743","post","type-post","status-publish","format-standard","has-post-thumbnail","hentry","category-aqui-los-cardales","tag-trenes"],"jetpack_publicize_connections":[],"jetpack_featured_media_url":"https:\/\/revistaepocadigital.com.ar\/wp-content\/uploads\/2022\/04\/bozz-lu.bmp","jetpack_likes_enabled":true,"_links":{"self":[{"href":"https:\/\/revistaepocadigital.com.ar\/index.php?rest_route=\/wp\/v2\/posts\/15743","targetHints":{"allow":["GET"]}}],"collection":[{"href":"https:\/\/revistaepocadigital.com.ar\/index.php?rest_route=\/wp\/v2\/posts"}],"about":[{"href":"https:\/\/revistaepocadigital.com.ar\/index.php?rest_route=\/wp\/v2\/types\/post"}],"author":[{"embeddable":true,"href":"https:\/\/revistaepocadigital.com.ar\/index.php?rest_route=\/wp\/v2\/users\/3"}],"replies":[{"embeddable":true,"href":"https:\/\/revistaepocadigital.com.ar\/index.php?rest_route=%2Fwp%2Fv2%2Fcomments&post=15743"}],"version-history":[{"count":0,"href":"https:\/\/revistaepocadigital.com.ar\/index.php?rest_route=\/wp\/v2\/posts\/15743\/revisions"}],"wp:featuredmedia":[{"embeddable":true,"href":"https:\/\/revistaepocadigital.com.ar\/index.php?rest_route=\/wp\/v2\/media\/15744"}],"wp:attachment":[{"href":"https:\/\/revistaepocadigital.com.ar\/index.php?rest_route=%2Fwp%2Fv2%2Fmedia&parent=15743"}],"wp:term":[{"taxonomy":"category","embeddable":true,"href":"https:\/\/revistaepocadigital.com.ar\/index.php?rest_route=%2Fwp%2Fv2%2Fcategories&post=15743"},{"taxonomy":"post_tag","embeddable":true,"href":"https:\/\/revistaepocadigital.com.ar\/index.php?rest_route=%2Fwp%2Fv2%2Ftags&post=15743"}],"curies":[{"name":"wp","href":"https:\/\/api.w.org\/{rel}","templated":true}]}}