{"id":15751,"date":"2022-04-18T00:00:05","date_gmt":"2022-04-18T03:00:05","guid":{"rendered":"https:\/\/revistaepocadigital.com.ar\/?p=15751"},"modified":"2022-04-19T01:18:19","modified_gmt":"2022-04-19T04:18:19","slug":"hoy-corte-de-luz-en-capilla-del-senor","status":"publish","type":"post","link":"https:\/\/revistaepocadigital.com.ar\/?p=15751","title":{"rendered":"CORTES DE LUZ POR PODA DE ARBOLES Y POR TRANSFERENCIA DE ALIMENTACI\u00d3N"},"content":{"rendered":"<p><strong>OBRAS DE EDEN EN EXALTACI\u00d3N DE LA CRUZ.<\/strong><\/p>\n<p><strong>HOY MARTES, JUEVES Y VIERNES.<\/strong><!--more--><\/p>\n<p>&nbsp;<\/p>\n<p dir=\"ltr\">EDEN informa que se realizar\u00e1n tareas de poda. Esta interrupci\u00f3n programada afectar\u00e1 a 56 usuarios y tiene como objetivo mejorar la calidad del servicio.<\/p>\n<p dir=\"ltr\">Para poder realizar estas mejoras y como medida de seguridad, es necesario interrumpir el suministro de forma moment\u00e1nea mientras se trabaja en la red el\u00e9ctrica:<\/p>\n<p>&nbsp;<\/p>\n<ul>\n<li dir=\"ltr\">\n<p dir=\"ltr\"><strong>los d\u00edas martes 19 y jueves 21 de abril ;<\/strong><\/p>\n<\/li>\n<li dir=\"ltr\">\n<p dir=\"ltr\"><strong>de 8:30 a 14:30 hs.;<\/strong><\/p>\n<\/li>\n<li dir=\"ltr\">\n<p dir=\"ltr\"><strong>en la calle San Mart\u00edn y camino Las Dos Hermanas.<\/strong><\/p>\n<\/li>\n<\/ul>\n<p dir=\"ltr\">En caso de presentarse condiciones clim\u00e1ticas adversas, las actividades ser\u00e1n reprogramadas.<\/p>\n<hr \/>\n<p>&nbsp;<\/p>\n<p><strong>EL OTRO CORTE.<\/strong><\/p>\n<p dir=\"ltr\">EDEN inform\u00f3 que se realizar\u00e1n tareas para transferir la alimentaci\u00f3n de Capilla del Se\u00f1or desde Parada Robles &#8211; Luj\u00e1n a Campana. Esta interrupci\u00f3n programada afectar\u00e1 a 4700 usuarios y tiene como objetivo mejorar la calidad del servicio.<\/p>\n<p dir=\"ltr\">Para poder realizar estas mejoras y como medida de seguridad, es necesario interrumpir el suministro de forma moment\u00e1nea mientras se trabaja en la red el\u00e9ctrica:<\/p>\n<ul>\n<li dir=\"ltr\">\n<p dir=\"ltr\"><strong>el d\u00eda martes 19 de abril, de 6 a 6:30 hs.;<\/strong><\/p>\n<\/li>\n<li dir=\"ltr\">\n<p dir=\"ltr\"><strong>el d\u00eda viernes 22 de abril, de 20:30 a 21 hs.;<\/strong><\/p>\n<\/li>\n<li dir=\"ltr\">\n<p dir=\"ltr\"><strong>en toda la localidad.<\/strong><\/p>\n<\/li>\n<\/ul>\n<p>&nbsp;<\/p>\n<p dir=\"ltr\">En caso de presentarse condiciones clim\u00e1ticas adversas, las actividades ser\u00e1n reprogramadas.<\/p>\n<p>&nbsp;<\/p>\n<p dir=\"ltr\">&#8212;&#8212;&#8212;&#8212;&#8212;&#8212;&#8212;&#8212;&#8212;&#8212;&#8212;&#8212;&#8212;&#8212;&#8212;&#8212;&#8212;&#8212;&#8212;&#8212;&#8211;<\/p>\n<p dir=\"ltr\">Canales de gesti\u00f3n y reclamos EDEN:<\/p>\n<p dir=\"ltr\">0800-999-3336: reclamos t\u00e9cnicos las 24 hs todos los d\u00edas<\/p>\n<p dir=\"ltr\">0810-999-3336: consultas comerciales de lunes a viernes de 8 a 18 hs.<\/p>\n<p dir=\"ltr\">App EDEN M\u00f3vil<\/p>\n<p dir=\"ltr\">Sucursal Virtual: <a href=\"https:\/\/sucursalvirtual.edensa.com.ar\/signin\" target=\"_blank\" rel=\"nofollow noopener noreferrer\">https:\/\/sucursalvirtual.edensa.com.ar\/<\/a><\/p>\n<p dir=\"ltr\">WhatsApp: 3364 52-6944 <a href=\"http:\/\/wa.me\/543364526944\" target=\"_blank\" rel=\"nofollow noopener noreferrer\">wa.me\/543364526944<\/a><\/p>\n<p dir=\"ltr\">Todas las novedades de EDEN en:<\/p>\n<p dir=\"ltr\">Web: <a href=\"http:\/\/www.edensa.com.ar\/\" target=\"_blank\" rel=\"nofollow noopener noreferrer\">www.edensa.com.ar<\/a><\/p>\n<p dir=\"ltr\">Instagram: @edencomunica<\/p>\n<p dir=\"ltr\">Facebook: EDENComunica<\/p>\n<p dir=\"ltr\">Twitter: @EDENSAcomunica<\/p>\n<p dir=\"ltr\">LinkedIn: <a href=\"https:\/\/www.linkedin.com\/company\/edensa\/\" target=\"_blank\" rel=\"nofollow noopener noreferrer\">https:\/\/www.linkedin.com\/company\/edensa\/<\/a><\/p>\n<p dir=\"ltr\">YouTube: EDEN Comunica<\/p>\n<p>&nbsp;<\/p>\n<p>&nbsp;<\/p>\n<p>&nbsp;<\/p>\n<p>&nbsp;<\/p>\n<p>&nbsp;<\/p>\n<p>&nbsp;<\/p>\n<p>&nbsp;<\/p>\n<p dir=\"ltr\">&#8212;&#8212;&#8212;&#8212;&#8212;&#8212;&#8212;&#8212;&#8212;&#8212;&#8212;&#8212;&#8212;&#8212;&#8212;&#8212;&#8212;&#8212;&#8212;&#8212;&#8211;<\/p>\n<p dir=\"ltr\">Canales de gesti\u00f3n y reclamos EDEN:<\/p>\n<p dir=\"ltr\">0800-999-3336: reclamos t\u00e9cnicos las 24 hs todos los d\u00edas<\/p>\n<p dir=\"ltr\">0810-999-3336: consultas comerciales de lunes a viernes de 8 a 18 hs.<\/p>\n<p dir=\"ltr\">App EDEN M\u00f3vil<\/p>\n<p dir=\"ltr\">Sucursal Virtual: <a href=\"https:\/\/sucursalvirtual.edensa.com.ar\/signin\" target=\"_blank\" rel=\"nofollow noopener noreferrer\">https:\/\/sucursalvirtual.edensa.com.ar\/<\/a><\/p>\n<p dir=\"ltr\">WhatsApp: 3364 52-6944 <a href=\"http:\/\/wa.me\/543364526944\" target=\"_blank\" rel=\"nofollow noopener noreferrer\">wa.me\/543364526944<\/a><\/p>\n<p dir=\"ltr\">Todas las novedades de EDEN en:<\/p>\n<p dir=\"ltr\">Web: <a href=\"http:\/\/www.edensa.com.ar\/\" target=\"_blank\" rel=\"nofollow noopener noreferrer\">www.edensa.com.ar<\/a><\/p>\n<p dir=\"ltr\">Instagram: @edencomunica<\/p>\n<p dir=\"ltr\">Facebook: EDENComunica<\/p>\n<p dir=\"ltr\">Twitter: @EDENSAcomunica<\/p>\n<p dir=\"ltr\">LinkedIn: <a href=\"https:\/\/www.linkedin.com\/company\/edensa\/\" target=\"_blank\" rel=\"nofollow noopener noreferrer\">https:\/\/www.linkedin.com\/company\/edensa\/<\/a><\/p>\n<p dir=\"ltr\">YouTube: EDEN Comunica<\/p>\n<p>&nbsp;<\/p>\n","protected":false},"excerpt":{"rendered":"<p>OBRAS DE EDEN EN EXALTACI\u00d3N DE LA CRUZ. HOY MARTES, JUEVES Y VIERNES.<\/p>\n","protected":false},"author":3,"featured_media":15752,"comment_status":"open","ping_status":"open","sticky":false,"template":"","format":"standard","meta":{"footnotes":"","jetpack_publicize_message":"","jetpack_publicize_feature_enabled":true,"jetpack_social_post_already_shared":false,"jetpack_social_options":{"image_generator_settings":{"template":"highway","default_image_id":0,"font":"","enabled":false},"version":2}},"categories":[13],"tags":[258,39],"class_list":["post-15751","post","type-post","status-publish","format-standard","has-post-thumbnail","hentry","category-interes-general","tag-corte","tag-eden"],"jetpack_publicize_connections":[],"jetpack_featured_media_url":"https:\/\/revistaepocadigital.com.ar\/wp-content\/uploads\/2022\/04\/eden.bmp","jetpack_likes_enabled":true,"_links":{"self":[{"href":"https:\/\/revistaepocadigital.com.ar\/index.php?rest_route=\/wp\/v2\/posts\/15751","targetHints":{"allow":["GET"]}}],"collection":[{"href":"https:\/\/revistaepocadigital.com.ar\/index.php?rest_route=\/wp\/v2\/posts"}],"about":[{"href":"https:\/\/revistaepocadigital.com.ar\/index.php?rest_route=\/wp\/v2\/types\/post"}],"author":[{"embeddable":true,"href":"https:\/\/revistaepocadigital.com.ar\/index.php?rest_route=\/wp\/v2\/users\/3"}],"replies":[{"embeddable":true,"href":"https:\/\/revistaepocadigital.com.ar\/index.php?rest_route=%2Fwp%2Fv2%2Fcomments&post=15751"}],"version-history":[{"count":0,"href":"https:\/\/revistaepocadigital.com.ar\/index.php?rest_route=\/wp\/v2\/posts\/15751\/revisions"}],"wp:featuredmedia":[{"embeddable":true,"href":"https:\/\/revistaepocadigital.com.ar\/index.php?rest_route=\/wp\/v2\/media\/15752"}],"wp:attachment":[{"href":"https:\/\/revistaepocadigital.com.ar\/index.php?rest_route=%2Fwp%2Fv2%2Fmedia&parent=15751"}],"wp:term":[{"taxonomy":"category","embeddable":true,"href":"https:\/\/revistaepocadigital.com.ar\/index.php?rest_route=%2Fwp%2Fv2%2Fcategories&post=15751"},{"taxonomy":"post_tag","embeddable":true,"href":"https:\/\/revistaepocadigital.com.ar\/index.php?rest_route=%2Fwp%2Fv2%2Ftags&post=15751"}],"curies":[{"name":"wp","href":"https:\/\/api.w.org\/{rel}","templated":true}]}}