{"id":15754,"date":"2022-04-13T19:59:07","date_gmt":"2022-04-13T22:59:07","guid":{"rendered":"https:\/\/revistaepocadigital.com.ar\/?p=15754"},"modified":"2022-04-15T10:36:42","modified_gmt":"2022-04-15T13:36:42","slug":"parkinson-la-importancia-de-los-tratamientos-psicologicos-y-fisicos-adecuados","status":"publish","type":"post","link":"https:\/\/revistaepocadigital.com.ar\/?p=15754","title":{"rendered":"Parkinson: la importancia de los tratamientos psicol\u00f3gicos y f\u00edsicos adecuados"},"content":{"rendered":"<header class=\"articulo-header\">\n<h5><strong>EL MAL DE PARKINSON.<!--more--><\/strong><\/h5>\n<h5 class=\"headline\">El 11 de abril fue el D\u00eda Mundial del Parkinson.\u00a0 \u00bfC\u00f3mo tratarlo?<\/h5>\n<h5 class=\"headline\">Los beneficios f\u00edsicos consisten en la mejor\u00eda de la fuerza y el tono muscular y el mantenimiento de la movilidad en las articulaciones. Los psicol\u00f3gicos incluyen la participaci\u00f3n activa del paciente en el tratamiento y la sensaci\u00f3n de control de los efectos de la enfermedad.<\/h5>\n<\/header>\n<div id=\"noticia\" class=\"container\">\n<article class=\"main-article\">\n<div class=\"news-body\">\n<div class=\"fecha-autor\">\n<div><\/div>\n<div class=\"fecha\">La <strong>enfermedad de Parkinson (EP)<\/strong>\u00a0es una patolog\u00eda neurodegenerativa progresiva y cr\u00f3nica.<\/div>\n<\/div>\n<div class=\"news-content standard\">\n<p>Las manifestaciones iniciales m\u00e1s frecuentes de la EP son el<strong>\u00a0temblor\u00a0<\/strong>de reposo unilateral y la bradicinesia. El temblor de reposo se suprime con un movimiento intencionado o con el sue\u00f1o y <strong>empeora con la ansiedad.<\/strong><\/p>\n<p>La progresi\u00f3n de la enfermedad se acompa\u00f1a de una<strong>\u00a0dificultad notoria<\/strong> para iniciar y finalizar el movimiento. La persona presenta <strong>dificultades para levantarse sobre todo cuando est\u00e1 sentado en un sof\u00e1 o en una silla sin apoyaabrazos.<\/strong> El <strong>temblor<\/strong> de reposo unilateral y la bradicinesia se vuelven bilaterales con el paso del tiempo. <strong>La letra escrita cada vez es m\u00e1s peque\u00f1a y dif\u00edcil de leer.<\/strong><\/p>\n<div class=\"teads-inread xs-screen\">\n<div class=\"teads-ui-components-label\">Cuando un\/a terapista f\u00edsico\/a eval\u00faa a una persona con<strong>\u00a0<\/strong><a href=\"https:\/\/www.perfil.com\/noticias\/ideas\/dia-mundial-parkinson-11-de-abril-enfermedad-neurodegenerativa-diego-castagnaro.phtml\" target=\"_blank\" rel=\"noopener\">diagn\u00f3stico de EP<\/a>\u00a0examina diferentes aspectos cl\u00ednicos de importancia que pueden<strong>\u00a0interferir con las actividades cotidianas\u00a0<\/strong>y la participaci\u00f3n social del individuo.<\/div>\n<div><\/div>\n<\/div>\n<p>Uno de ellos es el tono muscular que en cierto per\u00edodo de la enfermedad comienza a ser patol\u00f3gico. Al i<strong>ntentar movilizar una extremidad afectada por el hipertono, se siente cierta resistencia durante el movimiento que cede y vuelve a aparecer<\/strong>. Esto se conoce como rigidez en rueda dentada. Sin embargo, la fuerza motora est\u00e1 conservada.<\/p>\n<p class=\"destacadoNota\"><strong><a href=\"https:\/\/www.perfil.com\/noticias\/salud\/que-es-parkinson-enfermedad-que-padece-indio-solari-y-ozzy-osbourne.phtml\" target=\"_blank\" rel=\"noopener\">Qu\u00e9 es el Parkinson, la enfermedad que padecen el Indio Solari y Ozzy Osbourne<\/a><\/strong><\/p>\n<p>Otros rasgos que se eval\u00faan en la exploraci\u00f3n son: <strong>la postura, los movimientos r\u00e1pidos y repetitivos de las extremidades y la marcha.<\/strong> La exploraci\u00f3n de la postura se realiza tanto en supino, sedestaci\u00f3n como bipedestaci\u00f3n para poder comparar lo que sucede en los diferentes de c\u00fabitos con diferentes acciones de la gravedad. Suele observarse <strong>una postura en flexi\u00f3n, reforzada por la mirada hacia el suelo<\/strong>. Los movimientos <strong>repetitivos de los dedos de las manos, de la totalidad de la mano o del pie ponen de manifiesto la lentitud m\u00e1s conocida como <em>bradicinesia<\/em> y una disminuci\u00f3n de la amplitud y la\u00a0<em>precisi\u00f3n<\/em> de los movimientos.<\/strong><\/p>\n<p>Dentro del<strong>\u00a0equipo terap\u00e9utico<\/strong>, el Terapista F\u00edsico, realiza el acompa\u00f1amiento en las diferentes etapas del desarrollo de la enfermedad y establece prioridades de las sugerencias terap\u00e9uticas que cada etapa necesita. Si bien se centra en los rasgos motores gruesos como la postura, el balance y la marcha, los beneficios de la Terapia f\u00edsica y, adem\u00e1s, de la <strong>terapia ocupacional<\/strong> van m\u00e1s all\u00e1 de una simple mejor\u00eda de la funci\u00f3n motora.<\/p>\n<div>\n<figure class=\"image\"><img decoding=\"async\" src=\"https:\/\/fotos.perfil.com\/\/2022\/04\/08\/900\/0\/parkinson-20220408-1339249.jpg\" alt=\"Parkinson 20220408\" \/><figcaption>El Parkinson\u00a0es una patolog\u00eda neurodegenerativa progresiva y cr\u00f3nica.<\/figcaption><\/figure>\n<\/div>\n<p>&nbsp;<\/p>\n<p><em>Los<strong> beneficios f\u00edsicos consisten en una mejor\u00eda de la fuerza y el tono muscular, as\u00ed como el mantenimiento de una movilidad adecuada en las articulaciones. Los beneficios psicol\u00f3gicos incluyen la participaci\u00f3n activa de la persona en el tratamiento, y la sensaci\u00f3n de que controlan los efectos de la EP.<\/strong><\/em><\/p>\n<p>Dado que los s\u00edntomas empeoran gradualmente con el tiempo, es i<strong>mportante realizar un entrenamiento f\u00edsico peri\u00f3dico durante todo el transcurso de su enfermedad.<\/strong> El entrenamiento puede realizarse al principio en<strong> terapias individuales<\/strong> dirigido por un Terapista f\u00edsico, pero tambi\u00e9n es beneficioso el ejercicio a trav\u00e9s de programas comunitarios, m\u00e1s accesibles para aquellos que viven lejos de centros sanitarios, o mediante <strong>programas domiciliarios<\/strong> para aquellos que no tienen facilidades de desplazamiento. \u00a1Lo importante es\u00a0<strong>mantenerse activo<\/strong>!<\/p>\n<p class=\"destacadoNota\"><strong><a href=\"https:\/\/www.perfil.com\/noticias\/salud\/como-identificar-primeros-sintomas-mal-parkinson.phtml\" target=\"_blank\" rel=\"noopener\">C\u00f3mo identificar los primeros s\u00edntomas del mal de Parkinson<\/a><\/strong><\/p>\n<p>Durante todo el recorrido de la EP, desde la Terapia f\u00edsica, se acompa\u00f1a a la persona y su familia en optimizar los recursos propios para sortear las dificultades que le pone la enfermedad por delante. Desde la reeducaci\u00f3n sensoriomotora hasta la sugerencia de productos de apoyo para los diferentes estadios. Las <strong>competencias profesionales de un\/a Terapista f\u00edsico\/a, podr\u00e1n colaborar en mejorar las condiciones de salud en pos de\u00a0optimizar la calidad de vida\u00a0de la persona con EP.<\/strong><\/p>\n<p>&nbsp;<\/p>\n<p>* Lic. Daniel Prieto. Profesor titular de la c\u00e1tedra de Ejercicios Terap\u00e9uticos II, Universidad del Salvador.<picture class=\"cls-optimized\"><\/picture>\n<div class=\"noticias-relacionadas\">\n<p>&nbsp;<\/p>\n<p>Nota publicada en Perfil.com<\/p>\n<p><span class=\"credito-foto\">Fotos: AGENCIA SHUTTERSTOCK<\/span><\/p>\n<picture class=\"cls-optimized\"><source srcset=\"https:\/\/fotos.perfil.com\/2022\/04\/12\/trim\/146\/88\/agtech-1340840.jpg?webp\" type=\"image\/webp\" media=\"(max-width: 320px)\" \/><source srcset=\"https:\/\/fotos.perfil.com\/2022\/04\/12\/trim\/181\/101\/agtech-1340840.jpg?webp\" type=\"image\/webp\" media=\"(max-width: 360px)\" \/><source srcset=\"https:\/\/fotos.perfil.com\/2022\/04\/12\/trim\/181\/101\/agtech-1340840.jpg?webp\" type=\"image\/webp\" media=\"(max-width: 375px)\" \/><source srcset=\"https:\/\/fotos.perfil.com\/2022\/04\/12\/trim\/181\/101\/agtech-1340840.jpg?webp\" type=\"image\/webp\" media=\"(max-width: 414px)\" \/><source srcset=\"https:\/\/fotos.perfil.com\/2022\/04\/12\/trim\/259\/145\/agtech-1340840.jpg?webp\" type=\"image\/webp\" media=\"(max-width: 768px)\" \/><source srcset=\"https:\/\/fotos.perfil.com\/2022\/04\/12\/trim\/200\/112\/agtech-1340840.jpg?webp\" type=\"image\/webp\" \/><source srcset=\"https:\/\/fotos.perfil.com\/2022\/04\/12\/trim\/146\/88\/agtech-1340840.jpg\" media=\"(max-width: 320px)\" \/><source srcset=\"https:\/\/fotos.perfil.com\/2022\/04\/12\/trim\/181\/101\/agtech-1340840.jpg\" media=\"(max-width: 360px)\" \/><source srcset=\"https:\/\/fotos.perfil.com\/2022\/04\/12\/trim\/181\/101\/agtech-1340840.jpg\" media=\"(max-width: 375px)\" \/><source srcset=\"https:\/\/fotos.perfil.com\/2022\/04\/12\/trim\/181\/101\/agtech-1340840.jpg\" media=\"(max-width: 414px)\" \/><source srcset=\"https:\/\/fotos.perfil.com\/2022\/04\/12\/trim\/259\/145\/agtech-1340840.jpg\" media=\"(max-width: 768px)\" \/><\/picture>\n<\/div>\n<\/div>\n<\/div>\n<\/article>\n<\/div>\n","protected":false},"excerpt":{"rendered":"<p>EL MAL DE PARKINSON.<\/p>\n","protected":false},"author":3,"featured_media":15755,"comment_status":"open","ping_status":"open","sticky":false,"template":"","format":"standard","meta":{"footnotes":"","jetpack_publicize_message":"","jetpack_publicize_feature_enabled":true,"jetpack_social_post_already_shared":false,"jetpack_social_options":{"image_generator_settings":{"template":"highway","default_image_id":0,"font":"","enabled":false},"version":2}},"categories":[7,13],"tags":[1847],"class_list":["post-15754","post","type-post","status-publish","format-standard","has-post-thumbnail","hentry","category-columna-de-opinion","category-interes-general","tag-parkinson"],"jetpack_publicize_connections":[],"jetpack_featured_media_url":"https:\/\/revistaepocadigital.com.ar\/wp-content\/uploads\/2022\/04\/parkinson-20220408-1339133.webp","jetpack_likes_enabled":true,"_links":{"self":[{"href":"https:\/\/revistaepocadigital.com.ar\/index.php?rest_route=\/wp\/v2\/posts\/15754","targetHints":{"allow":["GET"]}}],"collection":[{"href":"https:\/\/revistaepocadigital.com.ar\/index.php?rest_route=\/wp\/v2\/posts"}],"about":[{"href":"https:\/\/revistaepocadigital.com.ar\/index.php?rest_route=\/wp\/v2\/types\/post"}],"author":[{"embeddable":true,"href":"https:\/\/revistaepocadigital.com.ar\/index.php?rest_route=\/wp\/v2\/users\/3"}],"replies":[{"embeddable":true,"href":"https:\/\/revistaepocadigital.com.ar\/index.php?rest_route=%2Fwp%2Fv2%2Fcomments&post=15754"}],"version-history":[{"count":0,"href":"https:\/\/revistaepocadigital.com.ar\/index.php?rest_route=\/wp\/v2\/posts\/15754\/revisions"}],"wp:featuredmedia":[{"embeddable":true,"href":"https:\/\/revistaepocadigital.com.ar\/index.php?rest_route=\/wp\/v2\/media\/15755"}],"wp:attachment":[{"href":"https:\/\/revistaepocadigital.com.ar\/index.php?rest_route=%2Fwp%2Fv2%2Fmedia&parent=15754"}],"wp:term":[{"taxonomy":"category","embeddable":true,"href":"https:\/\/revistaepocadigital.com.ar\/index.php?rest_route=%2Fwp%2Fv2%2Fcategories&post=15754"},{"taxonomy":"post_tag","embeddable":true,"href":"https:\/\/revistaepocadigital.com.ar\/index.php?rest_route=%2Fwp%2Fv2%2Ftags&post=15754"}],"curies":[{"name":"wp","href":"https:\/\/api.w.org\/{rel}","templated":true}]}}