{"id":15766,"date":"2022-04-13T21:01:13","date_gmt":"2022-04-14T00:01:13","guid":{"rendered":"https:\/\/revistaepocadigital.com.ar\/?p=15766"},"modified":"2022-04-13T21:03:42","modified_gmt":"2022-04-14T00:03:42","slug":"firma-para-que-se-cumpla-y-se-actualice-la-ley-de-diabetes","status":"publish","type":"post","link":"https:\/\/revistaepocadigital.com.ar\/?p=15766","title":{"rendered":"\u00a1Firm\u00e1 para que se cumpla y se actualice la Ley de Diabetes!"},"content":{"rendered":"<p><strong>La ASOCIACI\u00d3N PARA EL CUIDADO DE LA DIABETES EN ARGENTINA CUI.D.AR.<!--more--><\/strong><\/p>\n<div class=\"elementor-element elementor-element-4918433 elementor-widget elementor-widget-heading\" data-id=\"4918433\" data-element_type=\"widget\" data-widget_type=\"heading.default\">\n<div class=\"elementor-widget-container\">\n<h3 class=\"elementor-heading-title elementor-size-default\"><strong>SUM\u00c1 TU FIRMA<\/strong><\/h3>\n<\/div>\n<\/div>\n<div class=\"elementor-element elementor-element-79f1a82 elementor-widget elementor-widget-text-editor\" data-id=\"79f1a82\" data-element_type=\"widget\" data-widget_type=\"text-editor.default\">\n<div class=\"elementor-widget-container\">\n<div class=\"elementor-text-editor elementor-clearfix\"><strong>Apoy\u00e1 a los ni\u00f1os, ni\u00f1as, j\u00f3venes y adultos que viven con diabetes.<\/strong><br \/>\n<strong>\u00a1Firm\u00e1 para que se cumpla y se actualice la Ley de Diabetes!<\/strong><\/div>\n<\/div>\n<\/div>\n<div class=\"elementor-element elementor-element-08626d9 elementor-align-center elementor-widget elementor-widget-button\" data-id=\"08626d9\" data-element_type=\"widget\" data-widget_type=\"button.default\">\n<div class=\"elementor-widget-container\">\n<div class=\"elementor-button-wrapper\"><strong><a class=\"elementor-button-link elementor-button elementor-size-lg\" role=\"button\" href=\"https:\/\/www.yoayudoachicoscondiabetes.org\/noticias\/actualizacion-ley-diabetes\/#firma\"><span class=\"elementor-button-content-wrapper\"><span class=\"elementor-button-text\">\u00a1FIRM\u00c1!<\/span><\/span><\/a><\/strong><\/div>\n<\/div>\n<\/div>\n<p>&nbsp;<\/p>\n<p>&nbsp;<\/p>\n<p>Es una Asociaci\u00f3n Civil sin fines de lucro que trabaja en favor de Ni\u00f1os, Ni\u00f1as, Adolescentes, J\u00f3venes y Adultos que viven con Diabetes para minimizar el impacto de esta condici\u00f3n cr\u00f3nica en sus vidas.<br \/>\nSu intervenci\u00f3n repercute en la calidad del tratamiento, en la educaci\u00f3n, en el acceso<br \/>\ny en el bienestar de la persona y su familia.<br \/>\nCUI.D.AR crea conciencia social y trabaja fuertemente en acciones de incidencia en pol\u00edticas p\u00fablicas.<\/p>\n<p>\u00a1Descarg\u00e1 esta imagen y compartila en tus redes!<\/p>\n<p>&nbsp;<\/p>\n<p><img decoding=\"async\" src=\"https:\/\/www.yoayudoachicoscondiabetes.org\/noticias\/wp-content\/uploads\/2022\/04\/pagina-3-768x768.jpg\" \/><\/p>\n<p><img loading=\"lazy\" decoding=\"async\" src=\"https:\/\/revistaepocadigital.com.ar\/wp-content\/uploads\/2022\/04\/PAGINA-2-CONTINUACION-768x768-1.jpg\" alt=\"\" width=\"768\" height=\"768\" class=\"aligncenter size-full wp-image-15769\" srcset=\"https:\/\/revistaepocadigital.com.ar\/wp-content\/uploads\/2022\/04\/PAGINA-2-CONTINUACION-768x768-1.jpg 768w, https:\/\/revistaepocadigital.com.ar\/wp-content\/uploads\/2022\/04\/PAGINA-2-CONTINUACION-768x768-1-300x300.jpg 300w, https:\/\/revistaepocadigital.com.ar\/wp-content\/uploads\/2022\/04\/PAGINA-2-CONTINUACION-768x768-1-150x150.jpg 150w, https:\/\/revistaepocadigital.com.ar\/wp-content\/uploads\/2022\/04\/PAGINA-2-CONTINUACION-768x768-1-696x696.jpg 696w, https:\/\/revistaepocadigital.com.ar\/wp-content\/uploads\/2022\/04\/PAGINA-2-CONTINUACION-768x768-1-420x420.jpg 420w\" sizes=\"auto, (max-width: 768px) 100vw, 768px\" \/><\/p>\n<p><img loading=\"lazy\" decoding=\"async\" src=\"https:\/\/revistaepocadigital.com.ar\/wp-content\/uploads\/2022\/04\/PAGINA-3-CONTINUACION-768x768-1.jpg\" alt=\"\" width=\"768\" height=\"768\" class=\"aligncenter size-full wp-image-15770\" srcset=\"https:\/\/revistaepocadigital.com.ar\/wp-content\/uploads\/2022\/04\/PAGINA-3-CONTINUACION-768x768-1.jpg 768w, https:\/\/revistaepocadigital.com.ar\/wp-content\/uploads\/2022\/04\/PAGINA-3-CONTINUACION-768x768-1-300x300.jpg 300w, https:\/\/revistaepocadigital.com.ar\/wp-content\/uploads\/2022\/04\/PAGINA-3-CONTINUACION-768x768-1-150x150.jpg 150w, https:\/\/revistaepocadigital.com.ar\/wp-content\/uploads\/2022\/04\/PAGINA-3-CONTINUACION-768x768-1-696x696.jpg 696w, https:\/\/revistaepocadigital.com.ar\/wp-content\/uploads\/2022\/04\/PAGINA-3-CONTINUACION-768x768-1-420x420.jpg 420w\" sizes=\"auto, (max-width: 768px) 100vw, 768px\" \/><\/p>\n","protected":false},"excerpt":{"rendered":"<p>La ASOCIACI\u00d3N PARA EL CUIDADO DE LA DIABETES EN ARGENTINA CUI.D.AR.<\/p>\n","protected":false},"author":3,"featured_media":15770,"comment_status":"open","ping_status":"open","sticky":false,"template":"","format":"standard","meta":{"footnotes":"","jetpack_publicize_message":"","jetpack_publicize_feature_enabled":true,"jetpack_social_post_already_shared":false,"jetpack_social_options":{"image_generator_settings":{"template":"highway","default_image_id":0,"font":"","enabled":false},"version":2}},"categories":[13],"tags":[1848],"class_list":["post-15766","post","type-post","status-publish","format-standard","has-post-thumbnail","hentry","category-interes-general","tag-ley-diabetes"],"jetpack_publicize_connections":[],"jetpack_featured_media_url":"https:\/\/revistaepocadigital.com.ar\/wp-content\/uploads\/2022\/04\/PAGINA-3-CONTINUACION-768x768-1.jpg","jetpack_likes_enabled":true,"_links":{"self":[{"href":"https:\/\/revistaepocadigital.com.ar\/index.php?rest_route=\/wp\/v2\/posts\/15766","targetHints":{"allow":["GET"]}}],"collection":[{"href":"https:\/\/revistaepocadigital.com.ar\/index.php?rest_route=\/wp\/v2\/posts"}],"about":[{"href":"https:\/\/revistaepocadigital.com.ar\/index.php?rest_route=\/wp\/v2\/types\/post"}],"author":[{"embeddable":true,"href":"https:\/\/revistaepocadigital.com.ar\/index.php?rest_route=\/wp\/v2\/users\/3"}],"replies":[{"embeddable":true,"href":"https:\/\/revistaepocadigital.com.ar\/index.php?rest_route=%2Fwp%2Fv2%2Fcomments&post=15766"}],"version-history":[{"count":0,"href":"https:\/\/revistaepocadigital.com.ar\/index.php?rest_route=\/wp\/v2\/posts\/15766\/revisions"}],"wp:featuredmedia":[{"embeddable":true,"href":"https:\/\/revistaepocadigital.com.ar\/index.php?rest_route=\/wp\/v2\/media\/15770"}],"wp:attachment":[{"href":"https:\/\/revistaepocadigital.com.ar\/index.php?rest_route=%2Fwp%2Fv2%2Fmedia&parent=15766"}],"wp:term":[{"taxonomy":"category","embeddable":true,"href":"https:\/\/revistaepocadigital.com.ar\/index.php?rest_route=%2Fwp%2Fv2%2Fcategories&post=15766"},{"taxonomy":"post_tag","embeddable":true,"href":"https:\/\/revistaepocadigital.com.ar\/index.php?rest_route=%2Fwp%2Fv2%2Ftags&post=15766"}],"curies":[{"name":"wp","href":"https:\/\/api.w.org\/{rel}","templated":true}]}}