{"id":15774,"date":"2022-04-14T12:10:15","date_gmt":"2022-04-14T15:10:15","guid":{"rendered":"https:\/\/revistaepocadigital.com.ar\/?p=15774"},"modified":"2022-04-14T12:10:51","modified_gmt":"2022-04-14T15:10:51","slug":"la-inflacion-de-marzo-el-numero-del-espanto","status":"publish","type":"post","link":"https:\/\/revistaepocadigital.com.ar\/?p=15774","title":{"rendered":"LA INFLACI\u00d3N DE MARZO, EL N\u00daMERO DEL ESPANTO"},"content":{"rendered":"<div>\n<div class=\"\" dir=\"auto\">\n<div id=\"jsc_c_a8\" class=\"ecm0bbzt hv4rvrfc ihqw7lf3 dati1w0a\" data-ad-comet-preview=\"message\" data-ad-preview=\"message\">\n<div class=\"j83agx80 cbu4d94t ew0dbk1b irj2b8pg\">\n<div class=\"qzhwtbm6 knvmm38d\">\n<div class=\"kvgmc6g5 cxmmr5t8 oygrvhab hcukyx3x c1et5uql ii04i59q\">\n<div dir=\"auto\">\n<p><strong><strong>6,7%.<\/strong><\/strong><\/p>\n<div>\n<div id=\"jsc_c_a9\" class=\"l9j0dhe7\">\n<div class=\"l9j0dhe7\">\n<div class=\"bp9cbjyn cwj9ozl2 j83agx80 cbu4d94t ni8dbmo4 stjgntxs l9j0dhe7 k4urcfbm\">\n<div class=\"do00u71z ni8dbmo4 stjgntxs l9j0dhe7\">\n<div class=\"pmk7jnqg kr520xx4\"><\/div>\n<\/div>\n<\/div>\n<\/div>\n<\/div>\n<\/div>\n<p><!--more--><\/p>\n<\/div>\n<div dir=\"auto\"><\/div>\n<div dir=\"auto\">La inflaci\u00f3n, el flagelo que golpea a todos los argentinos, hace estragos. En marzo lleg\u00f3 al 6,7% y as\u00ed acumula un 16,1% en el primer trimestre del a\u00f1o, seg\u00fan dio a conocer el Instituto Nacional de Estad\u00edstica y Censos (Indec). Cifras que a muchos economistas, les lleva a pensar en una inflaci\u00f3n anual en 2022 que pueda rondar e incluso superar el 60&amp;.<\/div>\n<div dir=\"auto\"><\/div>\n<\/div>\n<div class=\"cxmmr5t8 oygrvhab hcukyx3x c1et5uql o9v6fnle ii04i59q\">\n<div dir=\"auto\">El 6,7% es el mayor n\u00famero en lo que va de la gesti\u00f3n de Alberto Fern\u00e1ndez, mientras que el n\u00famero trimestral es el m\u00e1s alto desde el a\u00f1o 1991. En tanto, con los datos difundidos (13-4) la inflaci\u00f3n interanual (de los \u00faltimos 12 meses) alcanz\u00f3 el 55,1%.<\/div>\n<div dir=\"auto\"><\/div>\n<\/div>\n<div class=\"cxmmr5t8 oygrvhab hcukyx3x c1et5uql o9v6fnle ii04i59q\">\n<div dir=\"auto\">Los n\u00fameros se dan en un contexto de suba de precios por la guerra entre Ucrania y Rusia, y en medio de internas en el gobierno tras el acuerdo con el Fondo Monetario Internacional.<\/div>\n<\/div>\n<div class=\"cxmmr5t8 oygrvhab hcukyx3x c1et5uql o9v6fnle ii04i59q\">\n<div dir=\"auto\">Los mayores incrementos se dieron en la divisi\u00f3n \u201cEducaci\u00f3n\u201d (23,6%) en coincidencia con el inicio de las clases. Le siguieron \u201cPrendas de vestir y calzado\u201d (10,9%) y \u201cVivienda, agua, electricidad y otros combustibles\u201d (7,7%).<\/div>\n<div dir=\"auto\"><\/div>\n<\/div>\n<div class=\"cxmmr5t8 oygrvhab hcukyx3x c1et5uql o9v6fnle ii04i59q\">\n<div dir=\"auto\">La suba de \u201cAlimentos y bebidas no alcoh\u00f3licas\u201d tambi\u00e9n estuvo encima del promedio de inflaci\u00f3n general y se ubic\u00f3 en 7,2%. \u201cDentro de la divisi\u00f3n se destac\u00f3 el aumento de \u201cPan y cereales\u201d; \u201cLeche, productos l\u00e1cteos y huevos\u201d; \u201cCarnes y derivados\u201d; y \u201cAz\u00facar, dulces, chocolate, golosinas, etc\u201d, inform\u00f3 el Indec.<\/div>\n<div dir=\"auto\"><\/div>\n<\/div>\n<div class=\"cxmmr5t8 oygrvhab hcukyx3x c1et5uql o9v6fnle ii04i59q\">\n<div dir=\"auto\">En la divisi\u00f3n de \u201cBebidas alcoh\u00f3licas y tabaco\u201d los aumentos fueron del 5,7%; en \u201cBienes y servicios varios\u201d y en \u201cTransporte\u201d, 5,5%; en \u201cRestaurantes y hoteles\u201d, 5,4%; en \u201cSalud\u201d, 5%; en \u201cEquipamiento y mantenimiento del hogar\u201d, 4,4%; en \u201cComunicaci\u00f3n\u201d, 3,4%; y en \u201cRecreaci\u00f3n y cultura\u201d, 3,3%.<\/div>\n<\/div>\n<div dir=\"auto\"><\/div>\n<\/div>\n<\/div>\n<\/div>\n<\/div>\n<\/div>\n<p>&nbsp;<\/p>\n<p>Foto gentileza Agrofly news<\/p>\n","protected":false},"excerpt":{"rendered":"<p>6,7%.<\/p>\n","protected":false},"author":3,"featured_media":15790,"comment_status":"open","ping_status":"open","sticky":false,"template":"","format":"standard","meta":{"footnotes":"","jetpack_publicize_message":"","jetpack_publicize_feature_enabled":true,"jetpack_social_post_already_shared":false,"jetpack_social_options":{"image_generator_settings":{"template":"highway","default_image_id":0,"font":"","enabled":false},"version":2}},"categories":[17],"tags":[1851,1850],"class_list":["post-15774","post","type-post","status-publish","format-standard","has-post-thumbnail","hentry","category-politica","tag-abril-2022","tag-inflacion"],"jetpack_publicize_connections":[],"jetpack_featured_media_url":"https:\/\/revistaepocadigital.com.ar\/wp-content\/uploads\/2022\/04\/inflacion_en_argentina_2021.webp","jetpack_likes_enabled":true,"_links":{"self":[{"href":"https:\/\/revistaepocadigital.com.ar\/index.php?rest_route=\/wp\/v2\/posts\/15774","targetHints":{"allow":["GET"]}}],"collection":[{"href":"https:\/\/revistaepocadigital.com.ar\/index.php?rest_route=\/wp\/v2\/posts"}],"about":[{"href":"https:\/\/revistaepocadigital.com.ar\/index.php?rest_route=\/wp\/v2\/types\/post"}],"author":[{"embeddable":true,"href":"https:\/\/revistaepocadigital.com.ar\/index.php?rest_route=\/wp\/v2\/users\/3"}],"replies":[{"embeddable":true,"href":"https:\/\/revistaepocadigital.com.ar\/index.php?rest_route=%2Fwp%2Fv2%2Fcomments&post=15774"}],"version-history":[{"count":0,"href":"https:\/\/revistaepocadigital.com.ar\/index.php?rest_route=\/wp\/v2\/posts\/15774\/revisions"}],"wp:featuredmedia":[{"embeddable":true,"href":"https:\/\/revistaepocadigital.com.ar\/index.php?rest_route=\/wp\/v2\/media\/15790"}],"wp:attachment":[{"href":"https:\/\/revistaepocadigital.com.ar\/index.php?rest_route=%2Fwp%2Fv2%2Fmedia&parent=15774"}],"wp:term":[{"taxonomy":"category","embeddable":true,"href":"https:\/\/revistaepocadigital.com.ar\/index.php?rest_route=%2Fwp%2Fv2%2Fcategories&post=15774"},{"taxonomy":"post_tag","embeddable":true,"href":"https:\/\/revistaepocadigital.com.ar\/index.php?rest_route=%2Fwp%2Fv2%2Ftags&post=15774"}],"curies":[{"name":"wp","href":"https:\/\/api.w.org\/{rel}","templated":true}]}}