{"id":15793,"date":"2022-04-14T19:21:02","date_gmt":"2022-04-14T22:21:02","guid":{"rendered":"https:\/\/revistaepocadigital.com.ar\/?p=15793"},"modified":"2022-04-14T19:21:02","modified_gmt":"2022-04-14T22:21:02","slug":"la-provincia-comenzo-a-aplicar-un-segundo-refuerzo-de-la-vacuna-contra-el-coronavirus","status":"publish","type":"post","link":"https:\/\/revistaepocadigital.com.ar\/?p=15793","title":{"rendered":"LA PROVINCIA COMENZ\u00d3 A APLICAR UN SEGUNDO REFUERZO DE LA VACUNA CONTRA EL CORONAVIRUS"},"content":{"rendered":"<div class=\"I_ZkbNhI D_FY W_6D6F\" data-test-id=\"message-view-body\">\n<div class=\"msg-body P_wpofO mq_AS\" data-test-id=\"message-view-body-content\">\n<div class=\"jb_0 X_6MGW N_6Fd5\">\n<div>\n<div id=\"yiv4388106364\">\n<div dir=\"ltr\">\n<p class=\"yiv4388106364MsoNormal\"><b>DESDE EL 14 DE ABRIL.<\/b><\/p>\n<div class=\"I_ZkbNhI D_FY W_6D6F\" data-test-id=\"message-view-body\">\n<div class=\"jb_0 X_6MGW N_6Fd5\"><\/div>\n<\/div>\n<p><!--more--><\/p>\n<p class=\"yiv4388106364MsoNormal\"><i>Se inici\u00f3 la vacunaci\u00f3n al personal de salud, personas de 50 a\u00f1os o m\u00e1s, mayores de 12 a\u00f1os con inmunocompromiso, fuerzas de seguridad y docentes. Fue dispuesto por el Ministerio de Salud de la Naci\u00f3n.<\/i><\/p>\n<p class=\"yiv4388106364MsoNormal\">El Gobierno de la Provincia de Buenos Aires, a trav\u00e9s del Ministerio de Salud, comenz\u00f3 a dar la segunda dosis de refuerzo de la vacuna contra la COVID-19 al personal de la salud, personas mayores de 50 a\u00f1os, de 12 a\u00f1os con inmunocompromiso, fuerzas de seguridad y docentes, siempre que tengan el esquema de vacunaci\u00f3n completo y hayan pasado 4 meses desde que se dieron el primer refuerzo.<\/p>\n<p class=\"yiv4388106364MsoNormal\">De acuerdo con el consenso establecido en el marco del Consejo Federal de Salud, compuesto por representantes de las 24 jurisdicciones nacionales, las autoridades sanitarias acordaron avanzar en la aplicaci\u00f3n del segundo refuerzo de la vacuna despu\u00e9s de la recomendaci\u00f3n de las y los expertos que integran la Comisi\u00f3n Nacional de Inmunizaci\u00f3nes (CONAIN) y que asesoran al gobierno nacional.<\/p>\n<p class=\"yiv4388106364MsoNormal\">Al respecto, Leticia Ceriani, Subsecretaria de Gesti\u00f3n de la Informaci\u00f3n, Educaci\u00f3n Permanente y Fiscalizaci\u00f3n de la cartera sanitaria bonaerense resalt\u00f3 que \u201cla CONAIN recomend\u00f3 al gobierno nacional incluir a estos grupos luego de evaluar la evidencia sobre la disminuci\u00f3n de la efectividad de las vacunas y el impacto de una segunda dosis de refuerzo\u201d.<\/p>\n<p class=\"yiv4388106364MsoNormal\">Por otra parte, Ceriani manifest\u00f3 que el segundo refuerzo ser\u00e1 libre y federal, es decir, sin necesidad de pedir un turno previamente y podr\u00e1n vacunarse tambi\u00e9n los que vivan afuera de del territorio bonaerense y que por alg\u00fan motivo se encuentren en territorio bonaerense, \u201chay disponibilidad de vacunas en nuestro pa\u00eds para poder garantizar el acceso a toda la poblaci\u00f3n objetivo\u201d.<\/p>\n<p class=\"yiv4388106364MsoNormal\">Hasta el momento se ha inoculado con primeras dosis a 15.913.477 personas, con segundas dosis a 14.368.488 y con terceras dosis o dosis de refuerzo a 7.854.004 personas, por lo que cuenta con m\u00e1s del 95% de su poblaci\u00f3n inmunizada contra el coronavirus.<\/p>\n<p class=\"yiv4388106364MsoNormal\">Se recuerda que en la Provincia de Buenos Aires la vacuna es libre y Federal para los siguientes grupos:<\/p>\n<p class=\"yiv4388106364MsoNormal\">-1ra. y 2da. dosis libre y federal para mayores de 3 a\u00f1os bonaerenses, de otras jurisdicciones y tambi\u00e9n extranjeras.<\/p>\n<p class=\"yiv4388106364MsoNormal\">-3ra. dosis libre para todas las personas mayores de 12 a\u00f1os.<\/p>\n<p class=\"yiv4388106364MsoNormal\">-4ta. dosis libre para personas inmunocomprometidas y mayores de 50 con dos dosis de Sinopharm, cumplidos los 4 meses de su \u00faltima aplicaci\u00f3n.<\/p>\n<p class=\"yiv4388106364MsoNormal\">&#8211;\u00a0 4ta. dosis libre para personas viajeras con certificaci\u00f3n de viaje y consentimiento informado, descargado de\u00a0<a href=\"http:\/\/vacunatepba.gba.gob.ar\/\" target=\"_blank\" rel=\"nofollow noopener noreferrer\">vacunatepba.gba.gob.ar<\/a>.<\/p>\n<p class=\"yiv4388106364MsoNormal\">Pod\u00e9s encontrar el vacunatorio m\u00e1s pr\u00f3ximo a tu domicilio en:\u00a0<a href=\"https:\/\/bit.ly\/3C5EgtY\" target=\"_blank\" rel=\"nofollow noopener noreferrer\">https:\/\/bit.ly\/3C5EgtY<\/a>.<\/p>\n<\/div>\n<\/div>\n<\/div>\n<\/div>\n<\/div>\n<\/div>\n<div class=\"H_7jIs D_F ab_C Q_69H5 E_36RhU\" data-test-id=\"toolbar-hover-area\">\n<div class=\"D_F W_6D6F r_BN gl_C\" data-test-id=\"card-toolbar\">\n<div class=\"D_F ab_C en_0 b_Z14vXdP e_3mS2U I_ZkbNhI P_Z1otBpf\">\n<div class=\"D_F cdPFi_Z1oI2WW cdPFi4_Z29WjXl\" data-test-id=\"popover-container\"><\/div>\n<\/div>\n<\/div>\n<\/div>\n","protected":false},"excerpt":{"rendered":"<p>DESDE EL 14 DE ABRIL.<\/p>\n","protected":false},"author":3,"featured_media":15795,"comment_status":"open","ping_status":"open","sticky":false,"template":"","format":"standard","meta":{"footnotes":"","jetpack_publicize_message":"","jetpack_publicize_feature_enabled":true,"jetpack_social_post_already_shared":false,"jetpack_social_options":{"image_generator_settings":{"template":"highway","default_image_id":0,"font":"","enabled":false},"version":2}},"categories":[17],"tags":[1852,1257],"class_list":["post-15793","post","type-post","status-publish","format-standard","has-post-thumbnail","hentry","category-politica","tag-segundo-refuerzo","tag-vacuna-covid"],"jetpack_publicize_connections":[],"jetpack_featured_media_url":"https:\/\/revistaepocadigital.com.ar\/wp-content\/uploads\/2022\/04\/6166bd4971e1e_700_387.jpg","jetpack_likes_enabled":true,"_links":{"self":[{"href":"https:\/\/revistaepocadigital.com.ar\/index.php?rest_route=\/wp\/v2\/posts\/15793","targetHints":{"allow":["GET"]}}],"collection":[{"href":"https:\/\/revistaepocadigital.com.ar\/index.php?rest_route=\/wp\/v2\/posts"}],"about":[{"href":"https:\/\/revistaepocadigital.com.ar\/index.php?rest_route=\/wp\/v2\/types\/post"}],"author":[{"embeddable":true,"href":"https:\/\/revistaepocadigital.com.ar\/index.php?rest_route=\/wp\/v2\/users\/3"}],"replies":[{"embeddable":true,"href":"https:\/\/revistaepocadigital.com.ar\/index.php?rest_route=%2Fwp%2Fv2%2Fcomments&post=15793"}],"version-history":[{"count":0,"href":"https:\/\/revistaepocadigital.com.ar\/index.php?rest_route=\/wp\/v2\/posts\/15793\/revisions"}],"wp:featuredmedia":[{"embeddable":true,"href":"https:\/\/revistaepocadigital.com.ar\/index.php?rest_route=\/wp\/v2\/media\/15795"}],"wp:attachment":[{"href":"https:\/\/revistaepocadigital.com.ar\/index.php?rest_route=%2Fwp%2Fv2%2Fmedia&parent=15793"}],"wp:term":[{"taxonomy":"category","embeddable":true,"href":"https:\/\/revistaepocadigital.com.ar\/index.php?rest_route=%2Fwp%2Fv2%2Fcategories&post=15793"},{"taxonomy":"post_tag","embeddable":true,"href":"https:\/\/revistaepocadigital.com.ar\/index.php?rest_route=%2Fwp%2Fv2%2Ftags&post=15793"}],"curies":[{"name":"wp","href":"https:\/\/api.w.org\/{rel}","templated":true}]}}