{"id":1582,"date":"2019-02-07T14:03:05","date_gmt":"2019-02-07T17:03:05","guid":{"rendered":"https:\/\/revistaepocadigital.com.ar\/?p=1582"},"modified":"2019-02-07T14:07:59","modified_gmt":"2019-02-07T17:07:59","slug":"filmado-en-capilla","status":"publish","type":"post","link":"https:\/\/revistaepocadigital.com.ar\/?p=1582","title":{"rendered":"Filmado en Capilla"},"content":{"rendered":"<p><strong>EN PLENO CENTRO.<\/strong><!--more--><\/p>\n<p>Fue producido y filmado el corto publicitario del Ministerio de Transporte del gobierno nacional, sobre el tan vigente tema que es la seguridad vial, y en este caso la necesidad imprescindible de usar casco.<\/p>\n<p>M\u00e1s all\u00e1 del dato y de vecinos conocidos que aparecen, vale la pena<strong> reiterar el pedido: tom\u00e1 conciencia<\/strong> cuando manejas, respet\u00e1 las normas de tr\u00e1nsito y si and\u00e1s en moto, adem\u00e1s, us\u00e1 casco.<\/p>\n<div class=\"fb-video\" data-allowfullscreen=\"true\" data-href=\"https:\/\/www.facebook.com\/Esteban.Fabian.Informa\/videos\/2479457482083184\/?t=46\" style=\"background-color: #fff; display: inline-block;\"><\/div>\n","protected":false},"excerpt":{"rendered":"<p>EN PLENO CENTRO.<\/p>\n","protected":false},"author":4,"featured_media":1585,"comment_status":"open","ping_status":"open","sticky":false,"template":"","format":"standard","meta":{"footnotes":"","jetpack_publicize_message":"","jetpack_publicize_feature_enabled":true,"jetpack_social_post_already_shared":false,"jetpack_social_options":{"image_generator_settings":{"template":"highway","default_image_id":0,"font":"","enabled":false},"version":2}},"categories":[13],"tags":[202],"class_list":["post-1582","post","type-post","status-publish","format-standard","has-post-thumbnail","hentry","category-interes-general","tag-aviso-seguridad-vial-filmado-en-capilla"],"jetpack_publicize_connections":[],"jetpack_featured_media_url":"https:\/\/revistaepocadigital.com.ar\/wp-content\/uploads\/2019\/02\/canvas.png","jetpack_likes_enabled":true,"_links":{"self":[{"href":"https:\/\/revistaepocadigital.com.ar\/index.php?rest_route=\/wp\/v2\/posts\/1582","targetHints":{"allow":["GET"]}}],"collection":[{"href":"https:\/\/revistaepocadigital.com.ar\/index.php?rest_route=\/wp\/v2\/posts"}],"about":[{"href":"https:\/\/revistaepocadigital.com.ar\/index.php?rest_route=\/wp\/v2\/types\/post"}],"author":[{"embeddable":true,"href":"https:\/\/revistaepocadigital.com.ar\/index.php?rest_route=\/wp\/v2\/users\/4"}],"replies":[{"embeddable":true,"href":"https:\/\/revistaepocadigital.com.ar\/index.php?rest_route=%2Fwp%2Fv2%2Fcomments&post=1582"}],"version-history":[{"count":0,"href":"https:\/\/revistaepocadigital.com.ar\/index.php?rest_route=\/wp\/v2\/posts\/1582\/revisions"}],"wp:featuredmedia":[{"embeddable":true,"href":"https:\/\/revistaepocadigital.com.ar\/index.php?rest_route=\/wp\/v2\/media\/1585"}],"wp:attachment":[{"href":"https:\/\/revistaepocadigital.com.ar\/index.php?rest_route=%2Fwp%2Fv2%2Fmedia&parent=1582"}],"wp:term":[{"taxonomy":"category","embeddable":true,"href":"https:\/\/revistaepocadigital.com.ar\/index.php?rest_route=%2Fwp%2Fv2%2Fcategories&post=1582"},{"taxonomy":"post_tag","embeddable":true,"href":"https:\/\/revistaepocadigital.com.ar\/index.php?rest_route=%2Fwp%2Fv2%2Ftags&post=1582"}],"curies":[{"name":"wp","href":"https:\/\/api.w.org\/{rel}","templated":true}]}}