{"id":15862,"date":"2022-04-19T01:39:47","date_gmt":"2022-04-19T04:39:47","guid":{"rendered":"https:\/\/revistaepocadigital.com.ar\/?p=15862"},"modified":"2022-04-19T01:39:47","modified_gmt":"2022-04-19T04:39:47","slug":"ife-4-anses-2022-como-cobrarlo-requisitos-e-inscripcion","status":"publish","type":"post","link":"https:\/\/revistaepocadigital.com.ar\/?p=15862","title":{"rendered":"IFE 4 ANSES 2022: c\u00f3mo cobrarlo, requisitos e inscripci\u00f3n"},"content":{"rendered":"<div id=\"page\" class=\"page economia-politica\">\n<p>&nbsp;<\/p>\n<div class=\"main-container page-width \">\n<div id=\"pagecontent\">\n<div class=\"interior economia-politica\">\n<article class=\"main-article news-group\">\n<h1 class=\"title\">Se\u00a0financiar\u00e1 con un impuesto a la &#8220;renta imprevista&#8221;.<!--more--><\/h1>\n<div class=\"block-content\">\n<div class=\"zleft\">\n<div class=\"media widget news\">\n<div class=\"seo\">\n<div data-mow_video=\"v-m9gsoxtje5e\" data-script=\"1\" data-ratio=\"16:9\" data-mow_init=\"true\">\n<div id=\"mv-m9gsoxtje5e-783951797449184\" class=\"mowplayer mowplayer-container\">\n<div class=\"mow mow__playlist-wrapper mow-wait_play mow-hide-controls mow-type_video mow-provider_html5 mow__playlist_type_simple mow-ui_enabled mow__ratio__16_9 mw-script mow-paused mow-stopped mw_size_700\">\n<div class=\"mow-player-container\" tabindex=\"1\">\n<p>El Gobierno nacional anunci\u00f3 (18\/4) el pago de un bono $18.000 por \u00fanica vez para trabajadores no registrados, monotributistas de las categor\u00edas m\u00e1s bajas (A y B), mientras que para jubilados ser\u00e1 de $12.000, que se suma al bono ya otorgado de otros $6000 que se est\u00e1n cobrando en estos d\u00edas.<\/p>\n<\/div>\n<\/div>\n<\/div>\n<\/div>\n<\/div>\n<\/div>\n<div id=\"vsmcontent\" class=\"content vsmcontent\">\n<div class=\"zone \">\n<aside class=\"piece banner standard\">\n<div class=\"adbanner\" data-type=\"dfp\">\n<div id=\"54299349-ecc-intext-notas\" data-dfp-banner-display=\"1\" data-dfp-path=\"\/54299349\/ECC_INTEXT_NOTAS\" data-dfp-type=\"mid468\" data-dfp-id=\"54299349-ecc-intext-notas\" data-google-query-id=\"CK60r7Wln_cCFfUD1AodpJ4BAw\">\n<div id=\"google_ads_iframe_\/54299349\/ECC_INTEXT_NOTAS_0__container__\"><\/div>\n<\/div>\n<\/div>\n<\/aside>\n<\/div>\n<p>En el caso de trabajadores en negro y monotributistas ser\u00e1 en dos cuotas de $9000 cada una (a pagarse en mayo y junio), dirigidas a aquellos que cobran hasta 2 Salarios M\u00ednimos Vitales y M\u00f3viles. En cuanto a los pasivos aplica para personas que cobran la jubilaci\u00f3n m\u00ednima y ser\u00e1 en una sola cuota.<\/p>\n<p class=\"moreinfo\"><a class=\"link-type-content content-type-news\" href=\"https:\/\/www.cronista.com\/tools\/redirect.php?t=3&amp;i=653314&amp;s=60a85ef673e6cb775cd1d689ed28c541\" target=\"_blank\" rel=\"noopener\">&#8220;Nuevo IFE&#8221; ser\u00e1 un bono por \u00fanica vez: qui\u00e9nes lo cobran, cu\u00e1les son los montos y c\u00f3mo afecta a jubilados y monotributistas<\/a><\/p>\n<p dir=\"ltr\">La medida,\u00a0 que se anunci\u00f3 previo al viaje que iniciar\u00e1 el titular de Hacienda a los\u00a0<b>Estados Unidos<\/b>,\u00a0<u>impactar\u00e1 en poco m\u00e1s de 4,4 millones de beneficiarios<\/u>, mediante el financiamiento de una Ley que grave la\u00a0<u><a href=\"https:\/\/www.cronista.com\/economia-politica\/por-la-alta-inflacion-el-gobierno-anuncia-medidas-para-recomponer-ingresos\/\" target=\"_blank\" rel=\"noopener\">&#8220;renta inesperada&#8221;<\/a><\/u>\u00a0de las materias primas.<\/p>\n<p class=\"moreinfo\" dir=\"ltr\"><i><a class=\"link-type-content content-type-news\" href=\"https:\/\/www.cronista.com\/tools\/redirect.php?t=3&amp;i=653243&amp;s=e5ca4ad33a8c428a8af4f074e153f7e4\" target=\"_blank\" rel=\"noopener\">El &#8220;nuevo IFE&#8221;: el Gobierno anuncia medidas para recomponer ingresos por la alta inflaci\u00f3n<\/a><br \/>\n<\/i><\/p>\n<div class=\"zone \">\n<aside class=\"piece banner standard\">\n<div class=\"adbanner\" data-type=\"dfp\">\n<div id=\"54299349-ecc-intext2-notas\" data-dfp-banner-display=\"1\" data-dfp-path=\"\/54299349\/ECC_INTEXT2_NOTAS\" data-dfp-type=\"mid468Notas\" data-dfp-id=\"54299349-ecc-intext2-notas\" data-google-query-id=\"CJu54rWln_cCFaUEuQYdYVEDow\">\n<div id=\"google_ads_iframe_\/54299349\/ECC_INTEXT2_NOTAS_0__container__\"><\/div>\n<\/div>\n<\/div>\n<\/aside>\n<\/div>\n<p class=\"moreinfo\" dir=\"ltr\"><a class=\"link-type-content content-type-video\" href=\"https:\/\/www.cronista.com\/tools\/redirect.php?t=3&amp;i=653201&amp;s=ae3da4e2181bc9de8d0e574f315d4481\" target=\"_blank\" rel=\"noopener\"><i>Nuevo IFE 4 para monotributistas: \u00bfde qu\u00e9 se trata el proyecto de renta &#8216;inesperada o &#8216;extraordinaria&#8217; que prepara el Gobierno?\u00a0<\/i><\/a><\/p>\n<p class=\"moreinfo\" dir=\"ltr\"><a class=\"link-type-content content-type-news\" href=\"https:\/\/www.cronista.com\/tools\/redirect.php?t=3&amp;i=653292&amp;s=488537a00a898c33ffd5c0c4338a04bd\" target=\"_blank\" rel=\"noopener\"><i>El &#8216;nuevo IFE&#8217; y un defensor inesperado: por qu\u00e9 Domingo Cavallo apoya los planes sociales<\/i><\/a><\/p>\n<p><u>&#8220;Estamos trabaj\u00e1ndolo. Hoy hay ganancias inesperadas que no son fruto de inversi\u00f3n adicional o m\u00e1s contrataci\u00f3n de empleo sino que no son fruto de un shock. Estamos busc\u00e1ndole la vuelta&#8221;<\/u>, apunt\u00f3 en di\u00e1logo con\u00a0<b><i>C5N.<\/i><\/b><\/p>\n<h2>IFE 4 DE ANSES: A QUI\u00c9NES SE PAGAR\u00c1 EL BONO EXTRA EN AN\u00c1LISIS<\/h2>\n<p dir=\"ltr\"><u><b><a href=\"https:\/\/www.cronista.com\/economia-politica\/por-la-alta-inflacion-el-gobierno-anuncia-medidas-para-recomponer-ingresos\/\" target=\"_blank\" rel=\"noopener\">El bono extra en an\u00e1lisis y de caracter\u00edsticas similares al IFE de ANSES impactar\u00e1 \u00fanicamente en monotributistas y trabajadores informales<\/a><\/b><\/u>, mientras que jubilados, pensionados y titulares de la\u00a0<b>Asignaci\u00f3n Universal por Hijo (AUH) y Asignaci\u00f3n Universal por Embarazo (AUE)<\/b>\u00a0mantendr\u00e1n el esquema de refuerzos paralelos a los aumentos establecidos por la<u><a href=\"https:\/\/www.cronista.com\/finanzas-mercados\/inflacion-y-dolar-cuales-son-los-numeros-que-se-esperan-para-abril-y-que-va-a-pasar-con-la-cotizacion-en-el-mercado\/\" target=\"_blank\" rel=\"noopener\">\u00a0Ley de Movilidad.<\/a><\/u><\/p>\n<figure class=\"vsmimage\" contenteditable=\"false\"><img loading=\"lazy\" decoding=\"async\" id=\"imgv42696v30\" src=\"https:\/\/www.cronista.com\/files\/image\/455\/455736\/624c499fec77f_700_387!.webp?s=49412eace750038f9d117fa4796c3e16&amp;d=1650297708&amp;oe=jpg\" width=\"700\" height=\"387\" data-vsmid=\"455736\" data-owidth=\"1330\" data-oheight=\"748\" \/><\/figure>\n<h2>IFE 4 DE ANSES: QU\u00c9 IMPUESTO SE BUSCAR\u00c1 CREAR PARA EL PAGO DEL BONO EXTRA<\/h2>\n<p dir=\"ltr\"><b><a href=\"https:\/\/www.cronista.com\/economia-politica\/nuevo-ife-4-para-monotributistas-de-cara-a-los-anuncios-de-martin-guzman-que-es-la-renta-extraordinaria-que-prepara-el-gobierno\/\" target=\"_blank\" rel=\"noopener\">El ministro de Agricultura, Juli\u00e1n\u00a0Dom\u00ednguez,<\/a><\/b> enfatiz\u00f3 (17\/4) que el impuesto a la <u>&#8220;renta inesperada&#8221;<\/u>\u00a0no recaer\u00e1 en los productores agropecuarios, aunque admiti\u00f3\u00a0<u>&#8220;no tener conocimiento sobre la iniciativa&#8221;.<\/u><\/p>\n<p><u>&#8220;No tengo conocimiento de la iniciativa. El ministro no habl\u00f3 de los productores. Me dijo que estaba pensando, pero que tiene en claro que el productor tiene estos costos, y tiene muy en claro cu\u00e1l es la situaci\u00f3n del productor argentino. El productor argentino no capt\u00f3 el precio internacional de la guerra, sino que vendi\u00f3 a precio pre-guerra y tiene que afrontar el costo de la nueva cosecha con insumos muy altos, con el aumento de todos los costos&#8221;<\/u>, ampli\u00f3 en di\u00e1logo con\u00a0<b><i>Radio La Red.<\/i><\/b><\/p>\n<figure class=\"vsmimage\" contenteditable=\"false\"><img loading=\"lazy\" decoding=\"async\" id=\"imgv42696v31\" src=\"https:\/\/www.cronista.com\/files\/image\/397\/397229\/61827e66e16e4_700_387!.webp?s=78c71fa3921f8d657942b18c040e1999&amp;d=1650297781&amp;oe=jpg\" width=\"700\" height=\"387\" data-vsmid=\"397229\" data-owidth=\"1200\" data-oheight=\"675\" \/><\/figure>\n<h2>IFE 4 DE ANSES: D\u00d3NDE Y C\u00d3MO INSCRIBIRSE PARA COBRAR EL BONO EXTRA<\/h2>\n<p>Si bien la medida a\u00fan resta por definirse en el Congreso y en la actualidad\u00a0<b><a href=\"https:\/\/www.cronista.com\/0\/\/buscar\/index.vnc?q=ANSES\" target=\"_blank\" rel=\"noopener\">ANSES<\/a><\/b>\u00a0paga un\u00a0<b><u>Complemento adicional para trabajadores monotributistas englobados en el Sistema \u00danico de Asignaciones Familiares (SUAF)<\/u><\/b>, al tomar al\u00a0<b>IFE\u00a0<\/b>como el antecedente m\u00e1s pr\u00f3ximo, el organismo conducido por\u00a0<b><a href=\"https:\/\/www.cronista.com\/0\/\/buscar\/index.vnc?q=ANSES\" target=\"_blank\" rel=\"noopener\">Fernanda Raverta<\/a><\/b>, reitera en su p\u00e1gina web la actualizaci\u00f3n constante de la informaci\u00f3n personal.<\/p>\n<p dir=\"ltr\"><u>&#8220;Para realizar tr\u00e1mites y gestiones, es indispensable que tus datos personales y relaciones familiares est\u00e9n actualizadas en ANSES. Vas a poder consultar tu informaci\u00f3n personal en Mi ANSES con tu CUIL y Clave de la Seguridad Social&#8221;<\/u>, se\u00f1ala el sitio.<\/p>\n<p class=\"moreinfo\"><a class=\"link-type-content content-type-news\" href=\"https:\/\/www.cronista.com\/tools\/redirect.php?t=3&amp;i=653246&amp;s=c7628c54ac77b1d8f8c6f2891d3acd4d\" target=\"_blank\" rel=\"noopener\">Nuevo bono de $ 6000 ANSES para jubilados y pensionados: calendario y requisitos, \u00bfa qui\u00e9nes se paga el extra?<\/a><b><br \/>\n<\/b><\/p>\n<div class=\"zone \">\n<aside class=\"piece banner standard\">\n<div class=\"adbanner\" data-type=\"dfp\">\n<div id=\"54299349-ecc-intext2-notas\" data-dfp-banner-display=\"1\" data-dfp-path=\"\/54299349\/ECC_INTEXT2_NOTAS\" data-dfp-type=\"mid468\" data-dfp-id=\"54299349-ecc-intext2-notas\"><\/div>\n<\/div>\n<\/aside>\n<\/div>\n<p class=\"moreinfo\"><a class=\"link-type-content content-type-news\" href=\"https:\/\/www.cronista.com\/tools\/redirect.php?t=3&amp;i=653223&amp;s=294f44ea6f375ef73d3dbc36f32ca5e1\" target=\"_blank\" rel=\"noopener\">Bono para jubilados y pensionados, Potenciar Trabajo y AUH con Tarjeta Alimentar: as\u00ed quedan los cobros ANSES de abril y mayo 2022<\/a><\/p>\n<h2>IFE 4 DE ANSES: D\u00d3NDE Y C\u00d3MO ACTUALIZAR LOS DATOS PERSONALES<\/h2>\n<p><b><u>Para actualizar los datos personales y de relaciones familiares en ANSES<\/u><\/b>, al igual que ingresos, la gesti\u00f3n se puede realizar desde la plataforma\u00a0<b><a href=\"https:\/\/www.cronista.com\/0\/\/buscar\/index.vnc?q=ANSES\" target=\"_blank\" rel=\"noopener\">Mi ANSES<\/a><\/b>, con\u00a0<b>CUIL y Clave de la Seguridad Social.<\/b><\/p>\n<p dir=\"ltr\">Dentro de esta opci\u00f3n, seleccionar la pesta\u00f1a\u00a0<b><u>&#8220;Informaci\u00f3n Personal&#8221;<\/u><\/b>, para consultar tus relaciones familiares registradas en ANSES (padres, hijos y c\u00f3nyuge) y modificar tus datos de contacto.<\/p>\n<figure class=\"vsmimage\" contenteditable=\"false\"><img loading=\"lazy\" decoding=\"async\" id=\"imgv42696v32\" src=\"https:\/\/www.cronista.com\/files\/image\/457\/457442\/625d81cad2ccc.webp?oe=png\" width=\"699\" height=\"436\" data-vsmid=\"457442\" data-owidth=\"699\" data-oheight=\"436\" \/><\/figure>\n<p dir=\"ltr\"><u>&#8220;Esta informaci\u00f3n es muy importante para cualquier tr\u00e1mite que tengas que realizar y para que podamos enviarte novedades acerca de tus prestaciones&#8221;<\/u>, concluye el sitio oficial.<\/p>\n<\/div>\n<\/div>\n<div class=\"zright z25\">\n<div class=\"zone section\">\n<section class=\"piece marketsList standard markets\">\n<ul class=\"list items-5\">\n<li>\n<div class=\"sell col\"><\/div>\n<\/li>\n<\/ul>\n<\/section>\n<div id=\"vplnewsletterv21865v4\" class=\"piece newsletter standard bgAnimal\"><\/div>\n<\/div>\n<\/div>\n<\/div>\n<\/article>\n<\/div>\n<\/div>\n<\/div>\n<\/div>\n<section id=\"notification-piece\" class=\"notification type-0\">Fuente: El Cronista Comercial<\/section>\n<div id=\"tbl-aug-3pdl73\" class=\"trc_popover_aug_container\">\n<div id=\"tbl-aug-vbdbts\" class=\"trc_popover_aug_container\">\n<div id=\"tbl-aug-orkm6h\" class=\"trc_popover_aug_container\">\n<div class=\"trc_popover trc_popover_fade trc_bottom\">\n<p>&nbsp;<\/p>\n<\/div>\n<\/div>\n<\/div>\n<\/div>\n<div>\n<div><\/div>\n<div><\/div>\n<\/div>\n","protected":false},"excerpt":{"rendered":"<p>&nbsp; Se\u00a0financiar\u00e1 con un impuesto a la &#8220;renta imprevista&#8221;.<\/p>\n","protected":false},"author":3,"featured_media":15865,"comment_status":"open","ping_status":"open","sticky":false,"template":"","format":"standard","meta":{"footnotes":"","jetpack_publicize_message":"","jetpack_publicize_feature_enabled":true,"jetpack_social_post_already_shared":false,"jetpack_social_options":{"image_generator_settings":{"template":"highway","default_image_id":0,"font":"","enabled":false},"version":2}},"categories":[13],"tags":[1732,779,207],"class_list":["post-15862","post","type-post","status-publish","format-standard","has-post-thumbnail","hentry","category-interes-general","tag-1732","tag-ife","tag-jubilados"],"jetpack_publicize_connections":[],"jetpack_featured_media_url":"https:\/\/revistaepocadigital.com.ar\/wp-content\/uploads\/2022\/04\/images.jpg","jetpack_likes_enabled":true,"_links":{"self":[{"href":"https:\/\/revistaepocadigital.com.ar\/index.php?rest_route=\/wp\/v2\/posts\/15862","targetHints":{"allow":["GET"]}}],"collection":[{"href":"https:\/\/revistaepocadigital.com.ar\/index.php?rest_route=\/wp\/v2\/posts"}],"about":[{"href":"https:\/\/revistaepocadigital.com.ar\/index.php?rest_route=\/wp\/v2\/types\/post"}],"author":[{"embeddable":true,"href":"https:\/\/revistaepocadigital.com.ar\/index.php?rest_route=\/wp\/v2\/users\/3"}],"replies":[{"embeddable":true,"href":"https:\/\/revistaepocadigital.com.ar\/index.php?rest_route=%2Fwp%2Fv2%2Fcomments&post=15862"}],"version-history":[{"count":0,"href":"https:\/\/revistaepocadigital.com.ar\/index.php?rest_route=\/wp\/v2\/posts\/15862\/revisions"}],"wp:featuredmedia":[{"embeddable":true,"href":"https:\/\/revistaepocadigital.com.ar\/index.php?rest_route=\/wp\/v2\/media\/15865"}],"wp:attachment":[{"href":"https:\/\/revistaepocadigital.com.ar\/index.php?rest_route=%2Fwp%2Fv2%2Fmedia&parent=15862"}],"wp:term":[{"taxonomy":"category","embeddable":true,"href":"https:\/\/revistaepocadigital.com.ar\/index.php?rest_route=%2Fwp%2Fv2%2Fcategories&post=15862"},{"taxonomy":"post_tag","embeddable":true,"href":"https:\/\/revistaepocadigital.com.ar\/index.php?rest_route=%2Fwp%2Fv2%2Ftags&post=15862"}],"curies":[{"name":"wp","href":"https:\/\/api.w.org\/{rel}","templated":true}]}}