{"id":15879,"date":"2022-04-20T20:26:58","date_gmt":"2022-04-20T23:26:58","guid":{"rendered":"https:\/\/revistaepocadigital.com.ar\/?p=15879"},"modified":"2022-04-20T20:27:18","modified_gmt":"2022-04-20T23:27:18","slug":"la-madre-de-las-batallas-en-el-consejo-de-la-magistratura","status":"publish","type":"post","link":"https:\/\/revistaepocadigital.com.ar\/?p=15879","title":{"rendered":"LA MADRE DE LAS BATALLAS EN EL CONSEJO DE LA MAGISTRATURA"},"content":{"rendered":"<header class=\"article-header-wrapper\">\n<div class=\"article-header\">\n<h6 class=\"article-headline\"><strong>LUEGO DE LA LLEGADA DE LA CORTE SUPREMA AL VITAL ORGANISMO QUE TIENE LA POTESTAD, NADA MENOS, QUE DE NOMBRAR Y\u00a0 DESTITUIR JUECES Y CONTROLAR EL PRESUPUESTO DE LA JUSTICIA.<\/strong><\/h6>\n<p><!--more--><\/p>\n<article class=\"article\">\n<div class=\"nd-body-article\">\n<div class=\"visual__image\"><span style=\"color: #111111; font-family: roboto, sans-serif; font-size: 16px;\">Le sigui\u00f3 el fuerte rechazo de la vicepresidenta Cristina Kirchner, seguida por el cristinismo, La C\u00e1mpora y los sectores m\u00e1s duros del gobierno kirchnerista.<\/span><\/div>\n<\/div>\n<\/article>\n<h6 class=\"article-headline\">Cristina impuls\u00f3 con una jugada para impedir que asuman dos consejeros por la oposici\u00f3n. Orden\u00f3 dividir el bloque oficialista en dos en el Senado, a modo de sumar un consejero m\u00e1s por la C\u00e1mara Alta. Y la batalla se dispar\u00f3 a\u00fan m\u00e1s.<\/h6>\n<h6 class=\"article-headline\">Como una forma de bloquear el ingreso del senador Mart\u00edn Do\u00f1ate, otro candidato de Cristina, el interbloque de Juntos por el Cambio solicit\u00f3 al juez de la Corte, Horacio Rosatti, que no le tome juramento al representante del Senado<\/h6>\n<div class=\"byline\">\n<div class=\"author-image\"><\/div>\n<\/div>\n<\/div>\n<div class=\"nd-buttons-container\"><\/div>\n<\/header>\n<article class=\"article\">\n<div class=\"nd-body-article\">\n<div class=\"visual__image\"><img loading=\"lazy\" decoding=\"async\" class=\"\" src=\"https:\/\/cloudfront-us-east-1.images.arcpublishing.com\/infobae\/TZK2EOXNRVCZRFLVGKKBD4XRX4.jpg\" sizes=\"auto, (min-width: 800px) 50vw, 90vw\" srcset=\"https:\/\/www.infobae.com\/new-resizer\/LgiCoZEsb5NgPkHYDDXl-yqXFmE=\/420x236\/filters:format(webp):quality(85)\/cloudfront-us-east-1.images.arcpublishing.com\/infobae\/TZK2EOXNRVCZRFLVGKKBD4XRX4.jpg 420w,https:\/\/www.infobae.com\/new-resizer\/-1RAwx5VWkRTMvzGgb2_RDC5iNI=\/768x432\/filters:format(webp):quality(85)\/cloudfront-us-east-1.images.arcpublishing.com\/infobae\/TZK2EOXNRVCZRFLVGKKBD4XRX4.jpg 768w,https:\/\/www.infobae.com\/new-resizer\/6RxefNvN8EWg2uWNlb1KQ0Ud2yU=\/992x558\/filters:format(webp):quality(85)\/cloudfront-us-east-1.images.arcpublishing.com\/infobae\/TZK2EOXNRVCZRFLVGKKBD4XRX4.jpg 992w,https:\/\/www.infobae.com\/new-resizer\/fu20VwmcDgYTfIzi9rJBCGng_sY=\/1200x675\/filters:format(webp):quality(85)\/cloudfront-us-east-1.images.arcpublishing.com\/infobae\/TZK2EOXNRVCZRFLVGKKBD4XRX4.jpg 1200w,https:\/\/www.infobae.com\/new-resizer\/GMnL1gOhjBTTyAtFQL4x4MPBzuY=\/1440x810\/filters:format(webp):quality(85)\/cloudfront-us-east-1.images.arcpublishing.com\/infobae\/TZK2EOXNRVCZRFLVGKKBD4XRX4.jpg 1440w\" alt=\"El interbloque de Juntos por el Cambio en el Senado\" width=\"1920\" height=\"1080\" \/>El interbloque de Juntos por el Cambio en el Senado<\/div>\n<div><\/div>\n<p class=\"paragraph\">La disputa entre el Frente de Todos y Juntos por el Cambio por la representaci\u00f3n del Congreso en el Consejo de la Magistratura sum\u00f3 un nuevo cap\u00edtulo. El interbloque opositor envi\u00f3 una carta al presidente de la Corte Suprema, <b>Horacio Rosatti<\/b>, para que no le tome juramento al senador Mart\u00edn Do\u00f1ate, el legislador designado por Cristina Fernandez para ingresar al Consejo, luego que el oficialismo dividi\u00f3 su bloque en la C\u00e1mara alta, para lograr un lugar m\u00e1s en el organismo que designa y eval\u00faa a los jueces. <b>La ceremonia de juramento se realizaba (20-4) a las 20.<\/b><\/p>\n<p class=\"paragraph\"><mark class=\"hl_yellow\"><b>\u201cLe solicitamos se abstenga de proceder a tomar juramento a cualquier senador que no sea el propuesto por el Bloque Frente PRO, por la segunda minor\u00eda de esta C\u00e1mara\u201d<\/b><\/mark>, rez\u00f3 el pedido de JxC. La oposici\u00f3n aleg\u00f3 que el lugar le corresponde al PRO como tercera minor\u00eda con 9 senadores (FdT tiene 35 antes de la ruptura y la UCR 18). Con esos n\u00fameros, hab\u00eda propuesto a<b> Luis Juez.<\/b> Pero luego el oficialismo decidi\u00f3 romperse en dos, y la conformaci\u00f3n qued\u00f3 con el bloque Frente Nacional y Popular a la cabeza con 21 senadores, la UCR con 18, Unidad Ciudadana con 14 y el PRO con 9. As\u00ed, el FdT se quedar\u00eda con 3 de los 4 representantes de la C\u00e1mara alta.<\/p>\n<p class=\"paragraph\">Denunci\u00f3 JxC adem\u00e1s, queAdem\u00e1s, denunciaron que la divisi\u00f3n del bloque oficialista en el Senado se realiz\u00f3 por el \u201cileg\u00edtimo prop\u00f3sito de quedarse con 3 de los 4 consejeros\u201d y agregaron: \u201cDesde ya adelantamos nuestra oposici\u00f3n a dicha medida artera que s\u00f3lo busca vulnerar el equilibrio que dispone nuestra Constituci\u00f3n\u201d.<\/p>\n<p class=\"paragraph\">\u201cPara el hipot\u00e9tico caso en que la presidenta del Senado, en franca violaci\u00f3n a la ley 24.937 y a nuestra Constituci\u00f3n Nacional, comunique la designaci\u00f3n de un senador distinto al propuesto por el bloque Frente PRO, desde ya dejamos impugnada la misma, toda vez que la maniobra de dividir el bloque oficialista a efectos de obtener 3 consejeros sobre los 4 que le corresponden a toda la C\u00e1mara viola el equilibrio exigido por el art\u00edculo 114 primera parte de nuestra Constituci\u00f3n Nacional\u201d, agreg\u00f3 la carta.<\/p>\n<\/div>\n<p>Fuente y fotos: Infobae.com<\/p>\n<\/article>\n","protected":false},"excerpt":{"rendered":"<p>LUEGO DE LA LLEGADA DE LA CORTE SUPREMA AL VITAL ORGANISMO QUE TIENE LA POTESTAD, NADA MENOS, QUE DE NOMBRAR Y\u00a0 DESTITUIR JUECES Y CONTROLAR EL PRESUPUESTO DE LA JUSTICIA.<\/p>\n","protected":false},"author":3,"featured_media":15891,"comment_status":"open","ping_status":"open","sticky":false,"template":"","format":"standard","meta":{"footnotes":"","jetpack_publicize_message":"","jetpack_publicize_feature_enabled":true,"jetpack_social_post_already_shared":false,"jetpack_social_options":{"image_generator_settings":{"template":"highway","default_image_id":0,"font":"","enabled":false},"version":2}},"categories":[17],"tags":[1864,1863],"class_list":["post-15879","post","type-post","status-publish","format-standard","has-post-thumbnail","hentry","category-politica","tag-conflcto","tag-consejo-magistratura"],"jetpack_publicize_connections":[],"jetpack_featured_media_url":"https:\/\/revistaepocadigital.com.ar\/wp-content\/uploads\/2022\/04\/JJJJ.webp","jetpack_likes_enabled":true,"_links":{"self":[{"href":"https:\/\/revistaepocadigital.com.ar\/index.php?rest_route=\/wp\/v2\/posts\/15879","targetHints":{"allow":["GET"]}}],"collection":[{"href":"https:\/\/revistaepocadigital.com.ar\/index.php?rest_route=\/wp\/v2\/posts"}],"about":[{"href":"https:\/\/revistaepocadigital.com.ar\/index.php?rest_route=\/wp\/v2\/types\/post"}],"author":[{"embeddable":true,"href":"https:\/\/revistaepocadigital.com.ar\/index.php?rest_route=\/wp\/v2\/users\/3"}],"replies":[{"embeddable":true,"href":"https:\/\/revistaepocadigital.com.ar\/index.php?rest_route=%2Fwp%2Fv2%2Fcomments&post=15879"}],"version-history":[{"count":0,"href":"https:\/\/revistaepocadigital.com.ar\/index.php?rest_route=\/wp\/v2\/posts\/15879\/revisions"}],"wp:featuredmedia":[{"embeddable":true,"href":"https:\/\/revistaepocadigital.com.ar\/index.php?rest_route=\/wp\/v2\/media\/15891"}],"wp:attachment":[{"href":"https:\/\/revistaepocadigital.com.ar\/index.php?rest_route=%2Fwp%2Fv2%2Fmedia&parent=15879"}],"wp:term":[{"taxonomy":"category","embeddable":true,"href":"https:\/\/revistaepocadigital.com.ar\/index.php?rest_route=%2Fwp%2Fv2%2Fcategories&post=15879"},{"taxonomy":"post_tag","embeddable":true,"href":"https:\/\/revistaepocadigital.com.ar\/index.php?rest_route=%2Fwp%2Fv2%2Ftags&post=15879"}],"curies":[{"name":"wp","href":"https:\/\/api.w.org\/{rel}","templated":true}]}}