{"id":15892,"date":"2022-04-20T21:08:03","date_gmt":"2022-04-21T00:08:03","guid":{"rendered":"https:\/\/revistaepocadigital.com.ar\/?p=15892"},"modified":"2022-04-27T01:48:14","modified_gmt":"2022-04-27T04:48:14","slug":"diamante-se-llevo-todo-en-la-plata-y-llega-entonado-a-buenos-aires","status":"publish","type":"post","link":"https:\/\/revistaepocadigital.com.ar\/?p=15892","title":{"rendered":"EN EL G\u00c1LVEZ, DIAMANTE PROLONG\u00d3 SU RACHA VICTORIOSA  EN TC REGIONAL"},"content":{"rendered":"<p><strong>REPITI\u00d3 EN TC REGIONAL EN BUENOS AIRES.<\/strong><!--more--><\/p>\n<p>Valerio Diamante se qued\u00f3 con triunfo en la 2\u00aa fecha de <strong>TC Regional<\/strong> en el aut\u00f3dromo porte\u00f1o. En una carrera peleada al l\u00edmite, el piloto de Capilla del Se\u00f1or, hombre a vencer, repiti\u00f3 la victoria lograda en la apertura en La Plata y tom\u00f3 distancias al frente del campeonato. Lautaro Miranda y Ale Pereyra completaron el podio.<\/p>\n<p>En la Copa Senior la victoria qued\u00f3 nuevamente para el tambi\u00e9n exaltacrucense (vive en Parque Sakura) Daniel Mazzitelli, escoltado por Alberto Somoza y Claudio Della Mora. En la Clase GTB, triunfo de Antunez en un final apretado.En la Copa Senior de la divisi\u00f3n, victoria del de Mariano Acosta, Beto Crundall. Salom\u00f3n Raies 2\u00ba y Hugo Vallini 3\u00ba<br \/>\nRodrigo Feijoo repiti\u00f3 triunfo en TC Regional GTA luego que puntearan 5 pilotos distintos.<\/p>\n<p>&nbsp;<\/p>\n<p><strong>&#8212;&#8212;&#8212;&#8212;&#8212;&#8212;&#8212;&#8212;-<\/strong><\/p>\n<p>Fecha apertura en La Plata<\/p>\n<p><strong>VALERIO ENCHUFADO.<\/strong><\/p>\n<div dir=\"auto\"><\/div>\n<div dir=\"auto\"><\/div>\n<div dir=\"auto\">El piloto de Capilla del Se\u00f1or domin\u00f3 en la apertura en La Plata, la clasificaci\u00f3n, serie y la Final del Gran Premio Car Truck en el Roberto Mouras.<\/div>\n<div dir=\"auto\"><\/div>\n<div dir=\"auto\">Sobre La Chupaleta del T\u00e1rtara Competici\u00f3n, Diamante transit\u00f3 con holgura durante los 12 giros al trazado de 2900 metros del circuito platense. Ale Pereyra en gran remontada fue su escolta, tras dura batalla con Gast\u00f3n Fern\u00e1ndez y el retornado Poto D\u00edaz.<\/div>\n<div dir=\"auto\"><\/div>\n<div dir=\"auto\"><\/div>\n<p><iframe loading=\"lazy\" title=\"1\u00b0 Fecha TC Regional Clase A 2022\" width=\"696\" height=\"392\" src=\"https:\/\/www.youtube.com\/embed\/Zt31sDnVrig?feature=oembed\" frameborder=\"0\" allow=\"accelerometer; autoplay; clipboard-write; encrypted-media; gyroscope; picture-in-picture\" allowfullscreen><\/iframe><\/p>\n<p>&nbsp;<\/p>\n<p>En el Coliseo porte\u00f1o corren las clases GTA y GTB y el TC Regional en pleno, con el auspicio de Transporte Costanzo SRL. Es la fecha 2 del calendario en el circuito #8 del Aut\u00f3dromo Oscar y Juan G\u00e1lvez de Buenos Aires y televisar\u00e1 en vivo por Belo Sport.<\/p>\n<p>&nbsp;<\/p>\n<figure id=\"attachment_15904\" aria-describedby=\"caption-attachment-15904\" style=\"width: 576px\" class=\"wp-caption aligncenter\"><img loading=\"lazy\" decoding=\"async\" class=\"size-full wp-image-15904\" src=\"https:\/\/revistaepocadigital.com.ar\/wp-content\/uploads\/2022\/04\/diam-hijoss-1.jpg\" alt=\"\" width=\"576\" height=\"948\" srcset=\"https:\/\/revistaepocadigital.com.ar\/wp-content\/uploads\/2022\/04\/diam-hijoss-1.jpg 576w, https:\/\/revistaepocadigital.com.ar\/wp-content\/uploads\/2022\/04\/diam-hijoss-1-182x300.jpg 182w, https:\/\/revistaepocadigital.com.ar\/wp-content\/uploads\/2022\/04\/diam-hijoss-1-255x420.jpg 255w, https:\/\/revistaepocadigital.com.ar\/wp-content\/uploads\/2022\/04\/diam-hijoss-1-510x840.jpg 510w\" sizes=\"auto, (max-width: 576px) 100vw, 576px\" \/><figcaption id=\"caption-attachment-15904\" class=\"wp-caption-text\">Se viene otro Diamante al automovilismo. El d\u00eda del debut de Valentino, hijo de Rocio y Valerio, tiene 7 a\u00f1os y debut\u00f3 este a\u00f1o en karting. Corre en la categor\u00eda Kart Plus Mini y se ha destacado con el kart del equipo de Ricky G\u00f3mez. En la fecha m\u00e1s reciente en Z\u00e1rate, lleg\u00f3 3\u00ba.<\/figcaption><\/figure>\n<p>&nbsp;<\/p>\n<p style=\"text-align: center;\"><strong>&#8212;&#8212;&#8212;&#8212;&#8212;&#8212;&#8211;<\/strong><\/p>\n<p>&nbsp;<\/p>\n<p>&nbsp;<\/p>\n<p><strong>El de Parque Sakura, Daniel Mazzitelli, tambi\u00e9n quiere ganar en el G\u00e1lvez.<\/strong><\/p>\n<p>Luego del gran arranque en la apertura en el Mouras de La Plata, donde lleg\u00f3 5\u00ba y gan\u00f3 la Copa Senior Clase A, Mazzitelli sobre el Chevrolet alistado por Marcelo Lara y Leo Scocozza, palpitando el Gran Premio Hornos Calvi que se disputar\u00e1 en el trazado 5 del Aut\u00f3dromo Oscar y Juan G\u00e1lvez este finde, junto a su equipo trabajaron para seguir siendo protagonistas.\u00e7<\/p>\n<p><img loading=\"lazy\" decoding=\"async\" class=\"aligncenter size-full wp-image-15894\" src=\"https:\/\/revistaepocadigital.com.ar\/wp-content\/uploads\/2022\/04\/mazzitelli.jpg\" alt=\"\" width=\"526\" height=\"526\" srcset=\"https:\/\/revistaepocadigital.com.ar\/wp-content\/uploads\/2022\/04\/mazzitelli.jpg 526w, https:\/\/revistaepocadigital.com.ar\/wp-content\/uploads\/2022\/04\/mazzitelli-300x300.jpg 300w, https:\/\/revistaepocadigital.com.ar\/wp-content\/uploads\/2022\/04\/mazzitelli-150x150.jpg 150w, https:\/\/revistaepocadigital.com.ar\/wp-content\/uploads\/2022\/04\/mazzitelli-420x420.jpg 420w\" sizes=\"auto, (max-width: 526px) 100vw, 526px\" \/><\/p>\n<p>En La Plata no comenzaron bien, ya que tuvieron que cambiar el motor a poco de comenzar la actividad &#8220;aunquela potencia entre los dos motores variaba mucho, hicimos una carrera a la expectativa, sin enredarnos en la final, ya que en la serie trajimos el auto muy roto. As\u00ed redondeamos una actuaci\u00f3n muy buena con la 5ta colocaci\u00f3n en la general y la victoria en la Copa Senior que es lo m\u00e1s importante para nosotros&#8221; coment\u00f3 el de Exaltaci\u00f3n de la Cruz.<\/p>\n<p>Acerca de lo que viene en el G\u00e1lvez, sostuvo, &#8220;Vamos a tener que trabajar muy prolijo ya que se sumaron pilotos r\u00e1pidos a la Copa Senior como Claudio Della Mora y Osvaldo Miranda que andan muy r\u00e1pido, sumado a mi eternos compa\u00f1eros Alberto Somoza, Miguel Velazco y el campe\u00f3n Claudio Caro. Esta linda la Copa y esperamos seguir peleando el campeonato. De mi parte como siempre, pondr\u00e9 lo mejor para llegar lo m\u00e1s adelante posible. Es mi compromiso con mi gente. Agradezco a Marcelo Lara, Leo Scocozza, Alberto, Tito, Gustavo, a Chiche que se sum\u00f3, a Dar\u00edo Gargiulo en los amortiguadores, a mi familia, mi esposa, mis hijos, mi hermano, mi nuera, mi mam\u00e1 obviamente y a todos los que me apoyan para estar presentes&#8221;.<\/p>\n","protected":false},"excerpt":{"rendered":"<p>REPITI\u00d3 EN TC REGIONAL EN BUENOS AIRES.<\/p>\n","protected":false},"author":4,"featured_media":15993,"comment_status":"open","ping_status":"open","sticky":false,"template":"","format":"standard","meta":{"footnotes":"","jetpack_publicize_message":"","jetpack_publicize_feature_enabled":true,"jetpack_social_post_already_shared":false,"jetpack_social_options":{"image_generator_settings":{"template":"highway","default_image_id":0,"font":"","enabled":false},"version":2}},"categories":[9],"tags":[333,1865,334],"class_list":["post-15892","post","type-post","status-publish","format-standard","has-post-thumbnail","hentry","category-deportes","tag-diamante","tag-mazziitelli","tag-tc-regional"],"jetpack_publicize_connections":[],"jetpack_featured_media_url":"https:\/\/revistaepocadigital.com.ar\/wp-content\/uploads\/2022\/04\/DIAMANTE-1-22.jpg","jetpack_likes_enabled":true,"_links":{"self":[{"href":"https:\/\/revistaepocadigital.com.ar\/index.php?rest_route=\/wp\/v2\/posts\/15892","targetHints":{"allow":["GET"]}}],"collection":[{"href":"https:\/\/revistaepocadigital.com.ar\/index.php?rest_route=\/wp\/v2\/posts"}],"about":[{"href":"https:\/\/revistaepocadigital.com.ar\/index.php?rest_route=\/wp\/v2\/types\/post"}],"author":[{"embeddable":true,"href":"https:\/\/revistaepocadigital.com.ar\/index.php?rest_route=\/wp\/v2\/users\/4"}],"replies":[{"embeddable":true,"href":"https:\/\/revistaepocadigital.com.ar\/index.php?rest_route=%2Fwp%2Fv2%2Fcomments&post=15892"}],"version-history":[{"count":0,"href":"https:\/\/revistaepocadigital.com.ar\/index.php?rest_route=\/wp\/v2\/posts\/15892\/revisions"}],"wp:featuredmedia":[{"embeddable":true,"href":"https:\/\/revistaepocadigital.com.ar\/index.php?rest_route=\/wp\/v2\/media\/15993"}],"wp:attachment":[{"href":"https:\/\/revistaepocadigital.com.ar\/index.php?rest_route=%2Fwp%2Fv2%2Fmedia&parent=15892"}],"wp:term":[{"taxonomy":"category","embeddable":true,"href":"https:\/\/revistaepocadigital.com.ar\/index.php?rest_route=%2Fwp%2Fv2%2Fcategories&post=15892"},{"taxonomy":"post_tag","embeddable":true,"href":"https:\/\/revistaepocadigital.com.ar\/index.php?rest_route=%2Fwp%2Fv2%2Ftags&post=15892"}],"curies":[{"name":"wp","href":"https:\/\/api.w.org\/{rel}","templated":true}]}}