{"id":15920,"date":"2022-04-24T11:13:59","date_gmt":"2022-04-24T14:13:59","guid":{"rendered":"https:\/\/revistaepocadigital.com.ar\/?p=15920"},"modified":"2022-04-25T01:06:17","modified_gmt":"2022-04-25T04:06:17","slug":"sana-tu-tu-salud-con-propuestas-tradicionales-y-alternativas","status":"publish","type":"post","link":"https:\/\/revistaepocadigital.com.ar\/?p=15920","title":{"rendered":"SANA-TU,  TU SALUD CON PROPUESTAS TRADICIONALES Y ALTERNATIVAS"},"content":{"rendered":"<div dir=\"ltr\"><strong>EL NUEVO ESPACIO.<\/strong><\/div>\n<p><!--more--><\/p>\n<div dir=\"ltr\"><\/div>\n<div dir=\"ltr\">\n<p>Inaugurado en Cardales, apuntado a vecinos de la localidad, del distrito y la zona. Lo conducen<strong> Diana Guzm\u00e1n, m\u00e9dica psiquiatra; Guadalupe Bravo, psic\u00f3loga; Paloma Saavedra, psic\u00f3loga y Mariela Nanni, terapeuta hol\u00edstica.<\/strong><\/p>\n<div dir=\"ltr\"><\/div>\n<div dir=\"ltr\">\u00bfDe que se trata el nuevo centro para atender la salud?, <em>&#8220;es un espacio donde las propuestas tradicionales y alternativas en materia de salud, encuentran un punto de uni\u00f3n, confluyen&#8221;,<\/em> coinciden en afirmar las profesionales que han concretado un proyecto abarcativo por cierto que se encuentra ubicado en la calle Estrada 354 (WhatsApp 1133653815)<\/div>\n<\/div>\n<div dir=\"ltr\"><\/div>\n<div dir=\"ltr\"><\/div>\n<div dir=\"ltr\"><img loading=\"lazy\" decoding=\"async\" class=\"aligncenter size-full wp-image-15933\" src=\"https:\/\/revistaepocadigital.com.ar\/wp-content\/uploads\/2022\/04\/pALO-CAR4.jpg\" alt=\"\" width=\"416\" height=\"312\" srcset=\"https:\/\/revistaepocadigital.com.ar\/wp-content\/uploads\/2022\/04\/pALO-CAR4.jpg 416w, https:\/\/revistaepocadigital.com.ar\/wp-content\/uploads\/2022\/04\/pALO-CAR4-300x225.jpg 300w, https:\/\/revistaepocadigital.com.ar\/wp-content\/uploads\/2022\/04\/pALO-CAR4-80x60.jpg 80w, https:\/\/revistaepocadigital.com.ar\/wp-content\/uploads\/2022\/04\/pALO-CAR4-160x120.jpg 160w, https:\/\/revistaepocadigital.com.ar\/wp-content\/uploads\/2022\/04\/pALO-CAR4-265x198.jpg 265w\" sizes=\"auto, (max-width: 416px) 100vw, 416px\" \/><\/div>\n<div dir=\"ltr\"><img loading=\"lazy\" decoding=\"async\" class=\"aligncenter size-full wp-image-15934\" src=\"https:\/\/revistaepocadigital.com.ar\/wp-content\/uploads\/2022\/04\/palo-car1.jpg\" alt=\"\" width=\"448\" height=\"336\" srcset=\"https:\/\/revistaepocadigital.com.ar\/wp-content\/uploads\/2022\/04\/palo-car1.jpg 448w, https:\/\/revistaepocadigital.com.ar\/wp-content\/uploads\/2022\/04\/palo-car1-300x225.jpg 300w, https:\/\/revistaepocadigital.com.ar\/wp-content\/uploads\/2022\/04\/palo-car1-80x60.jpg 80w, https:\/\/revistaepocadigital.com.ar\/wp-content\/uploads\/2022\/04\/palo-car1-160x120.jpg 160w, https:\/\/revistaepocadigital.com.ar\/wp-content\/uploads\/2022\/04\/palo-car1-265x198.jpg 265w\" sizes=\"auto, (max-width: 448px) 100vw, 448px\" \/><\/div>\n<div dir=\"ltr\">\n<figure id=\"attachment_15937\" aria-describedby=\"caption-attachment-15937\" style=\"width: 320px\" class=\"wp-caption aligncenter\"><img loading=\"lazy\" decoding=\"async\" class=\"size-full wp-image-15937\" src=\"https:\/\/revistaepocadigital.com.ar\/wp-content\/uploads\/2022\/04\/PALO-CAR6.jpg\" alt=\"\" width=\"320\" height=\"240\" srcset=\"https:\/\/revistaepocadigital.com.ar\/wp-content\/uploads\/2022\/04\/PALO-CAR6.jpg 320w, https:\/\/revistaepocadigital.com.ar\/wp-content\/uploads\/2022\/04\/PALO-CAR6-300x225.jpg 300w, https:\/\/revistaepocadigital.com.ar\/wp-content\/uploads\/2022\/04\/PALO-CAR6-80x60.jpg 80w, https:\/\/revistaepocadigital.com.ar\/wp-content\/uploads\/2022\/04\/PALO-CAR6-160x120.jpg 160w, https:\/\/revistaepocadigital.com.ar\/wp-content\/uploads\/2022\/04\/PALO-CAR6-265x198.jpg 265w\" sizes=\"auto, (max-width: 320px) 100vw, 320px\" \/><figcaption id=\"caption-attachment-15937\" class=\"wp-caption-text\">El cen4ro de consultas Sana-Tu en Cardales. Las profesionales que encabezan el emprendimiento pensando en la salud y calidad de vida.<\/figcaption><\/figure>\n<\/div>\n<div dir=\"ltr\"><\/div>\n<div dir=\"ltr\">\n<div dir=\"ltr\"><\/div>\n<div dir=\"ltr\">&#8220;<em>Esa confluencia de propuestas tradicionales y alternativas, es lo que nos permite brindarle a las personas, a los pacientes, un abordaje integral con el objetivo de que encuentren el bienestar completo. Nuestra meta trasciende los emergentes actuales, buscamos que, al ser parte de nuestras propuestas, no solo se reencuentren consigo mismos, sino que tambi\u00e9n adquieran herramientas que les permitan pensar en el futuro&#8221;, apuntan as<\/em> profesionales que encabezan <strong>SANA-TU.<\/strong><\/div>\n<\/div>\n<div dir=\"ltr\"><\/div>\n<div dir=\"ltr\"><img loading=\"lazy\" decoding=\"async\" class=\"aligncenter size-full wp-image-15921\" src=\"https:\/\/revistaepocadigital.com.ar\/wp-content\/uploads\/2022\/04\/sana-tu.png\" alt=\"\" width=\"600\" height=\"600\" srcset=\"https:\/\/revistaepocadigital.com.ar\/wp-content\/uploads\/2022\/04\/sana-tu.png 600w, https:\/\/revistaepocadigital.com.ar\/wp-content\/uploads\/2022\/04\/sana-tu-300x300.png 300w, https:\/\/revistaepocadigital.com.ar\/wp-content\/uploads\/2022\/04\/sana-tu-150x150.png 150w, https:\/\/revistaepocadigital.com.ar\/wp-content\/uploads\/2022\/04\/sana-tu-420x420.png 420w\" sizes=\"auto, (max-width: 600px) 100vw, 600px\" \/><\/div>\n<div dir=\"ltr\"><\/div>\n<div dir=\"ltr\"><strong>SANA-TU<\/strong> no ve a las personas, hombres y mujeres, como ajenos al mundo, sino que los toma como parte de una din\u00e1mica, y piensa en empoderarlos, en que conf\u00eden en s\u00ed mismos y se sientan parte del proceso. En SANA-TU, la psiquiatra Diana Guzm\u00e1n, las psic\u00f3logas Guadalupe Bravo y Paloma Saavedra y la terapeuta hol\u00edstica, Mariela Nanni, aseguran que acompa\u00f1an de la mano a las personas, para que puedan descansar y consultar a ellas sobre\u00a0 aquellas cuestiones que los frenan.<\/div>\n<div dir=\"ltr\"><\/div>\n<div dir=\"ltr\"><\/div>\n<div dir=\"ltr\">Fotos: EPOCA.<\/div>\n<div dir=\"ltr\"><\/div>\n","protected":false},"excerpt":{"rendered":"<p>EL NUEVO ESPACIO.<\/p>\n","protected":false},"author":3,"featured_media":15932,"comment_status":"open","ping_status":"open","sticky":false,"template":"","format":"standard","meta":{"footnotes":"","jetpack_publicize_message":"","jetpack_publicize_feature_enabled":true,"jetpack_social_post_already_shared":false,"jetpack_social_options":{"image_generator_settings":{"template":"highway","default_image_id":0,"font":"","enabled":false},"version":2}},"categories":[4],"tags":[1869,119,1871],"class_list":["post-15920","post","type-post","status-publish","format-standard","has-post-thumbnail","hentry","category-aqui-los-cardales","tag-especialidades","tag-salud","tag-sana-tu"],"jetpack_publicize_connections":[],"jetpack_featured_media_url":"https:\/\/revistaepocadigital.com.ar\/wp-content\/uploads\/2022\/04\/palo-card.jpg","jetpack_likes_enabled":true,"_links":{"self":[{"href":"https:\/\/revistaepocadigital.com.ar\/index.php?rest_route=\/wp\/v2\/posts\/15920","targetHints":{"allow":["GET"]}}],"collection":[{"href":"https:\/\/revistaepocadigital.com.ar\/index.php?rest_route=\/wp\/v2\/posts"}],"about":[{"href":"https:\/\/revistaepocadigital.com.ar\/index.php?rest_route=\/wp\/v2\/types\/post"}],"author":[{"embeddable":true,"href":"https:\/\/revistaepocadigital.com.ar\/index.php?rest_route=\/wp\/v2\/users\/3"}],"replies":[{"embeddable":true,"href":"https:\/\/revistaepocadigital.com.ar\/index.php?rest_route=%2Fwp%2Fv2%2Fcomments&post=15920"}],"version-history":[{"count":0,"href":"https:\/\/revistaepocadigital.com.ar\/index.php?rest_route=\/wp\/v2\/posts\/15920\/revisions"}],"wp:featuredmedia":[{"embeddable":true,"href":"https:\/\/revistaepocadigital.com.ar\/index.php?rest_route=\/wp\/v2\/media\/15932"}],"wp:attachment":[{"href":"https:\/\/revistaepocadigital.com.ar\/index.php?rest_route=%2Fwp%2Fv2%2Fmedia&parent=15920"}],"wp:term":[{"taxonomy":"category","embeddable":true,"href":"https:\/\/revistaepocadigital.com.ar\/index.php?rest_route=%2Fwp%2Fv2%2Fcategories&post=15920"},{"taxonomy":"post_tag","embeddable":true,"href":"https:\/\/revistaepocadigital.com.ar\/index.php?rest_route=%2Fwp%2Fv2%2Ftags&post=15920"}],"curies":[{"name":"wp","href":"https:\/\/api.w.org\/{rel}","templated":true}]}}