{"id":15926,"date":"2022-04-23T13:49:20","date_gmt":"2022-04-23T16:49:20","guid":{"rendered":"https:\/\/revistaepocadigital.com.ar\/?p=15926"},"modified":"2022-04-24T12:56:34","modified_gmt":"2022-04-24T15:56:34","slug":"pavon-bastion-de-exaltacion-de-la-cruz-134-aniversario-a-pleno","status":"publish","type":"post","link":"https:\/\/revistaepocadigital.com.ar\/?p=15926","title":{"rendered":"Pav\u00f3n, basti\u00f3n de Exaltaci\u00f3n de la Cruz, 134 aniversario a pleno"},"content":{"rendered":"<div class=\"\" dir=\"auto\">\n<div id=\"jsc_c_17\" class=\"ecm0bbzt hv4rvrfc ihqw7lf3 dati1w0a\" data-ad-comet-preview=\"message\" data-ad-preview=\"message\">\n<div class=\"j83agx80 cbu4d94t ew0dbk1b irj2b8pg\">\n<div class=\"qzhwtbm6 knvmm38d\">\n<div class=\"kvgmc6g5 cxmmr5t8 oygrvhab hcukyx3x c1et5uql ii04i59q\">\n<div dir=\"auto\"><strong>134\u00b0 ANIVERSARIO DE LA LOCALIDAD DE PAV\u00d3N.<!--more--><\/strong><\/div>\n<\/div>\n<div class=\"cxmmr5t8 oygrvhab hcukyx3x c1et5uql o9v6fnle ii04i59q\">\n<div dir=\"auto\">Despu\u00e9s de dos a\u00f1os de pandemia, Pav\u00f3n volvi\u00f3 a festejar su aniversario.<\/div>\n<\/div>\n<div class=\"cxmmr5t8 oygrvhab hcukyx3x c1et5uql o9v6fnle ii04i59q\">\n<div dir=\"auto\">El 23 de abril con actividades durante todo el dia y <a class=\"oajrlxb2 g5ia77u1 qu0x051f esr5mh6w e9989ue4 r7d6kgcz rq0escxv nhd2j8a9 nc684nl6 p7hjln8o kvgmc6g5 cxmmr5t8 oygrvhab hcukyx3x jb3vyjys rz4wbd8a qt6c0cv9 a8nywdso i1ao9s8h esuyzwwr f1sip0of lzcic4wl gpro0wi8 q66pz984 b1v8xokw\" tabindex=\"0\" role=\"link\" href=\"https:\/\/www.facebook.com\/hashtag\/vacunatepba?__eep__=6&amp;__cft__[0]=AZXiRuEKYPySjZoAM0nkHSzqbhb0BTIMBqgOW9WUZ-BCwhbNpTFs61-mVn3qo608a8N_oMU8qE_XwgckAhP2nfZWBsyBSXB5fMOdsJsii0daChvCm-nFCMa6_IPQHDiF5Ewd90hEmaYE8RnVWYMtUaW1&amp;__tn__=*NK-R\">#VacunatePBA<\/a> acompa\u00f1ando a la comunidad en este festejo acercando la vacunaci\u00f3n contra el covid-19<\/div>\n<div dir=\"auto\"><\/div>\n<div dir=\"auto\"><span class=\"pq6dq46d tbxw36s4 knj5qynh kvgmc6g5 ditlmg2l oygrvhab nvdbi5me sf5mxxl7 gl3lb2sf hhz5lgdu\">La<\/span> fiesta aniversario, no patronal, como bien sostuvo el profesor Alberto Balada, <em>&#8220;Las fiestas patronales se refieren a un santo o festividad religiosa. No es el caso de Pav\u00f3n&#8221;.<\/em><\/div>\n<\/div>\n<div dir=\"auto\"><\/div>\n<\/div>\n<\/div>\n<\/div>\n<\/div>\n<div dir=\"auto\"><img loading=\"lazy\" decoding=\"async\" class=\"aligncenter size-full wp-image-15929\" src=\"https:\/\/revistaepocadigital.com.ar\/wp-content\/uploads\/2022\/04\/278761335_357151923128370_3662085276663427721_n.jpg\" alt=\"\" width=\"526\" height=\"526\" srcset=\"https:\/\/revistaepocadigital.com.ar\/wp-content\/uploads\/2022\/04\/278761335_357151923128370_3662085276663427721_n.jpg 526w, https:\/\/revistaepocadigital.com.ar\/wp-content\/uploads\/2022\/04\/278761335_357151923128370_3662085276663427721_n-300x300.jpg 300w, https:\/\/revistaepocadigital.com.ar\/wp-content\/uploads\/2022\/04\/278761335_357151923128370_3662085276663427721_n-150x150.jpg 150w, https:\/\/revistaepocadigital.com.ar\/wp-content\/uploads\/2022\/04\/278761335_357151923128370_3662085276663427721_n-420x420.jpg 420w\" sizes=\"auto, (max-width: 526px) 100vw, 526px\" \/><\/div>\n<div dir=\"auto\"><\/div>\n<div dir=\"auto\">El festejo comenz\u00f3 a las 10 de la ma\u00f1ana con la recepci\u00f3n de autoridades en la Delegaci\u00f3n Municipal para el izamiento de la Bandera Nacional. Luego, ya en el palco oficial, escucharemos las palabras del Intendente y la entrega de distinciones para dar comienzo al tradicional desfile de instituciones y centros tradicionalistas, que cuenta con entrada gratuita.<\/div>\n<div dir=\"auto\"><\/div>\n<div dir=\"auto\">\n<div class=\"cxmmr5t8 oygrvhab hcukyx3x c1et5uql o9v6fnle ii04i59q\">\n<div dir=\"auto\">Adem\u00e1s, durante todo el d\u00eda hubo feria de artesanos y food truks en la plaza.<\/div>\n<\/div>\n<div class=\"cxmmr5t8 oygrvhab hcukyx3x c1et5uql o9v6fnle ii04i59q\">\n<div dir=\"auto\">Por la tarde, y desde las 16 horas, actividades de la Direcci\u00f3n de Deportes junto a la de Juventud para darle paso, a las 18:15 a los shows musicales. La jornada de festejo culmin\u00f3 con la actuaci\u00f3n de La Sonora M\u00e1ster.<\/div>\n<\/div>\n<div class=\"cxmmr5t8 oygrvhab hcukyx3x c1et5uql o9v6fnle ii04i59q\">\n<div dir=\"auto\"><\/div>\n<div dir=\"auto\">\u00a1Grande Pav\u00f3n!<\/div>\n<\/div>\n<\/div>\n<div class=\"\" dir=\"auto\">\n<div id=\"jsc_c_17\" class=\"ecm0bbzt hv4rvrfc ihqw7lf3 dati1w0a\" data-ad-comet-preview=\"message\" data-ad-preview=\"message\">\n<div class=\"j83agx80 cbu4d94t ew0dbk1b irj2b8pg\">\n<div class=\"qzhwtbm6 knvmm38d\">\n<iframe loading=\"lazy\" width=\"560\" height=\"315\" src=\"https:\/\/www.youtube.com\/embed\/uCP3j4k95fA\" title=\"YouTube video player\" frameborder=\"0\" allow=\"accelerometer; autoplay; clipboard-write; encrypted-media; gyroscope; picture-in-picture\" allowfullscreen><\/iframe>\n<\/div>\n<\/div>\n<\/div>\n<\/div>\n","protected":false},"excerpt":{"rendered":"<p>134\u00b0 ANIVERSARIO DE LA LOCALIDAD DE PAV\u00d3N.<\/p>\n","protected":false},"author":3,"featured_media":15928,"comment_status":"open","ping_status":"open","sticky":false,"template":"","format":"standard","meta":{"footnotes":"","jetpack_publicize_message":"","jetpack_publicize_feature_enabled":true,"jetpack_social_post_already_shared":false,"jetpack_social_options":{"image_generator_settings":{"template":"highway","default_image_id":0,"font":"","enabled":false},"version":2}},"categories":[13],"tags":[1870],"class_list":["post-15926","post","type-post","status-publish","format-standard","has-post-thumbnail","hentry","category-interes-general","tag-pavon-anivesario"],"jetpack_publicize_connections":[],"jetpack_featured_media_url":"https:\/\/revistaepocadigital.com.ar\/wp-content\/uploads\/2022\/04\/278791791_356192773224285_9118219570629698262_n.jpg","jetpack_likes_enabled":true,"_links":{"self":[{"href":"https:\/\/revistaepocadigital.com.ar\/index.php?rest_route=\/wp\/v2\/posts\/15926","targetHints":{"allow":["GET"]}}],"collection":[{"href":"https:\/\/revistaepocadigital.com.ar\/index.php?rest_route=\/wp\/v2\/posts"}],"about":[{"href":"https:\/\/revistaepocadigital.com.ar\/index.php?rest_route=\/wp\/v2\/types\/post"}],"author":[{"embeddable":true,"href":"https:\/\/revistaepocadigital.com.ar\/index.php?rest_route=\/wp\/v2\/users\/3"}],"replies":[{"embeddable":true,"href":"https:\/\/revistaepocadigital.com.ar\/index.php?rest_route=%2Fwp%2Fv2%2Fcomments&post=15926"}],"version-history":[{"count":0,"href":"https:\/\/revistaepocadigital.com.ar\/index.php?rest_route=\/wp\/v2\/posts\/15926\/revisions"}],"wp:featuredmedia":[{"embeddable":true,"href":"https:\/\/revistaepocadigital.com.ar\/index.php?rest_route=\/wp\/v2\/media\/15928"}],"wp:attachment":[{"href":"https:\/\/revistaepocadigital.com.ar\/index.php?rest_route=%2Fwp%2Fv2%2Fmedia&parent=15926"}],"wp:term":[{"taxonomy":"category","embeddable":true,"href":"https:\/\/revistaepocadigital.com.ar\/index.php?rest_route=%2Fwp%2Fv2%2Fcategories&post=15926"},{"taxonomy":"post_tag","embeddable":true,"href":"https:\/\/revistaepocadigital.com.ar\/index.php?rest_route=%2Fwp%2Fv2%2Ftags&post=15926"}],"curies":[{"name":"wp","href":"https:\/\/api.w.org\/{rel}","templated":true}]}}