{"id":1593,"date":"2019-02-05T17:49:39","date_gmt":"2019-02-05T20:49:39","guid":{"rendered":"https:\/\/revistaepocadigital.com.ar\/?p=1593"},"modified":"2019-02-07T17:57:09","modified_gmt":"2019-02-07T20:57:09","slug":"se-vienen-las-clases","status":"publish","type":"post","link":"https:\/\/revistaepocadigital.com.ar\/?p=1593","title":{"rendered":"Se acercan las clases!"},"content":{"rendered":"<p><strong>ENTREGA DE VOUCHERS A AFILIADOS DE COMERCIO.<\/strong><!--more--><\/p>\n<p>Comienza el 11 de febrero; si sos afiliado al Sindicato de Empleados de Comercio, la delegaci\u00f3n <strong>Z\u00e1rate<\/strong> ha informado acerca de lo que precis\u00e1s para retirarlos. Prest\u00e1 atenci\u00f3n.<\/p>\n<p><img loading=\"lazy\" decoding=\"async\" class=\"alignnone size-full wp-image-1594\" src=\"https:\/\/revistaepocadigital.com.ar\/wp-content\/uploads\/2019\/02\/sind-comer19.jpg\" alt=\"\" width=\"702\" height=\"1024\" srcset=\"https:\/\/revistaepocadigital.com.ar\/wp-content\/uploads\/2019\/02\/sind-comer19.jpg 702w, https:\/\/revistaepocadigital.com.ar\/wp-content\/uploads\/2019\/02\/sind-comer19-206x300.jpg 206w, https:\/\/revistaepocadigital.com.ar\/wp-content\/uploads\/2019\/02\/sind-comer19-696x1015.jpg 696w, https:\/\/revistaepocadigital.com.ar\/wp-content\/uploads\/2019\/02\/sind-comer19-288x420.jpg 288w, https:\/\/revistaepocadigital.com.ar\/wp-content\/uploads\/2019\/02\/sind-comer19-576x840.jpg 576w\" sizes=\"auto, (max-width: 702px) 100vw, 702px\" \/><\/p>\n","protected":false},"excerpt":{"rendered":"<p>ENTREGA DE VOUCHERS A AFILIADOS DE COMERCIO.<\/p>\n","protected":false},"author":3,"featured_media":1599,"comment_status":"open","ping_status":"open","sticky":false,"template":"","format":"standard","meta":{"footnotes":"","jetpack_publicize_message":"","jetpack_publicize_feature_enabled":true,"jetpack_social_post_already_shared":false,"jetpack_social_options":{"image_generator_settings":{"template":"highway","default_image_id":0,"font":"","enabled":false},"version":2}},"categories":[151],"tags":[37,204],"class_list":["post-1593","post","type-post","status-publish","format-standard","has-post-thumbnail","hentry","category-empleados-de-comercio","tag-destacada","tag-empleados-de-comercio"],"jetpack_publicize_connections":[],"jetpack_featured_media_url":"https:\/\/revistaepocadigital.com.ar\/wp-content\/uploads\/2019\/02\/sind-comer19A-1.jpg","jetpack_likes_enabled":true,"_links":{"self":[{"href":"https:\/\/revistaepocadigital.com.ar\/index.php?rest_route=\/wp\/v2\/posts\/1593","targetHints":{"allow":["GET"]}}],"collection":[{"href":"https:\/\/revistaepocadigital.com.ar\/index.php?rest_route=\/wp\/v2\/posts"}],"about":[{"href":"https:\/\/revistaepocadigital.com.ar\/index.php?rest_route=\/wp\/v2\/types\/post"}],"author":[{"embeddable":true,"href":"https:\/\/revistaepocadigital.com.ar\/index.php?rest_route=\/wp\/v2\/users\/3"}],"replies":[{"embeddable":true,"href":"https:\/\/revistaepocadigital.com.ar\/index.php?rest_route=%2Fwp%2Fv2%2Fcomments&post=1593"}],"version-history":[{"count":0,"href":"https:\/\/revistaepocadigital.com.ar\/index.php?rest_route=\/wp\/v2\/posts\/1593\/revisions"}],"wp:featuredmedia":[{"embeddable":true,"href":"https:\/\/revistaepocadigital.com.ar\/index.php?rest_route=\/wp\/v2\/media\/1599"}],"wp:attachment":[{"href":"https:\/\/revistaepocadigital.com.ar\/index.php?rest_route=%2Fwp%2Fv2%2Fmedia&parent=1593"}],"wp:term":[{"taxonomy":"category","embeddable":true,"href":"https:\/\/revistaepocadigital.com.ar\/index.php?rest_route=%2Fwp%2Fv2%2Fcategories&post=1593"},{"taxonomy":"post_tag","embeddable":true,"href":"https:\/\/revistaepocadigital.com.ar\/index.php?rest_route=%2Fwp%2Fv2%2Ftags&post=1593"}],"curies":[{"name":"wp","href":"https:\/\/api.w.org\/{rel}","templated":true}]}}