{"id":15944,"date":"2022-04-24T23:47:59","date_gmt":"2022-04-25T02:47:59","guid":{"rendered":"https:\/\/revistaepocadigital.com.ar\/?p=15944"},"modified":"2022-04-24T23:48:36","modified_gmt":"2022-04-25T02:48:36","slug":"los-intendentes-como-peor-y-mejor-imagen-tres-del-p-entre-los-peores-posicionados","status":"publish","type":"post","link":"https:\/\/revistaepocadigital.com.ar\/?p=15944","title":{"rendered":"Los intendentes con peor y mejor im\u00e1gen. Tres del PJ entre los peores posicionados"},"content":{"rendered":"<p><strong>MIR\u00c1 LA INFO PUBLICADA POR PERFIL.COM, PARA ANALIZAR.<\/strong><!--more--><\/p>\n<header class=\"articulo-header\">\n<h5 class=\"headline\">Mayra Mendoza (Quilmes), Fernando Espinoza (La Matanza) y Mario Ishii (Jos\u00e9 C. Paz) son los que tienen peor valoraci\u00f3n, seg\u00fan un estudio de CB Consultora.<\/h5>\n<\/header>\n<div id=\"noticia\" class=\"container\">\n<article class=\"main-article\">\n<figure class=\"btn-open-gallery\"><picture class=\"cls-optimized\"><source srcset=\"https:\/\/fotos.perfil.com\/2022\/04\/21\/trim\/320\/180\/mayra-mendoza-fernando-espinoza-y-mario-ishii-20220421-1344832.jpg?webp\" type=\"image\/webp\" media=\"(max-width: 320px)\" \/><source srcset=\"https:\/\/fotos.perfil.com\/2022\/04\/21\/trim\/360\/202\/mayra-mendoza-fernando-espinoza-y-mario-ishii-20220421-1344832.jpg?webp\" type=\"image\/webp\" media=\"(max-width: 360px)\" \/><source srcset=\"https:\/\/fotos.perfil.com\/2022\/04\/21\/trim\/375\/211\/mayra-mendoza-fernando-espinoza-y-mario-ishii-20220421-1344832.jpg?webp\" type=\"image\/webp\" media=\"(max-width: 375px)\" \/><source srcset=\"https:\/\/fotos.perfil.com\/2022\/04\/21\/trim\/414\/233\/mayra-mendoza-fernando-espinoza-y-mario-ishii-20220421-1344832.jpg?webp\" type=\"image\/webp\" media=\"(max-width: 414px)\" \/><source srcset=\"https:\/\/fotos.perfil.com\/2022\/04\/21\/trim\/720\/405\/mayra-mendoza-fernando-espinoza-y-mario-ishii-20220421-1344832.jpg?webp\" type=\"image\/webp\" media=\"(max-width: 768px)\" \/><source srcset=\"https:\/\/fotos.perfil.com\/2022\/04\/21\/trim\/635\/357\/mayra-mendoza-fernando-espinoza-y-mario-ishii-20220421-1344832.jpg?webp\" type=\"image\/webp\" media=\"(max-width: 1024px)\" \/><source srcset=\"https:\/\/fotos.perfil.com\/2022\/04\/21\/trim\/950\/534\/mayra-mendoza-fernando-espinoza-y-mario-ishii-20220421-1344832.jpg?webp\" type=\"image\/webp\" \/><source srcset=\"https:\/\/fotos.perfil.com\/2022\/04\/21\/trim\/320\/180\/mayra-mendoza-fernando-espinoza-y-mario-ishii-20220421-1344832.jpg\" media=\"(max-width: 320px)\" \/><source srcset=\"https:\/\/fotos.perfil.com\/2022\/04\/21\/trim\/360\/202\/mayra-mendoza-fernando-espinoza-y-mario-ishii-20220421-1344832.jpg\" media=\"(max-width: 360px)\" \/><source srcset=\"https:\/\/fotos.perfil.com\/2022\/04\/21\/trim\/375\/211\/mayra-mendoza-fernando-espinoza-y-mario-ishii-20220421-1344832.jpg\" media=\"(max-width: 375px)\" \/><source srcset=\"https:\/\/fotos.perfil.com\/2022\/04\/21\/trim\/414\/233\/mayra-mendoza-fernando-espinoza-y-mario-ishii-20220421-1344832.jpg\" media=\"(max-width: 414px)\" \/><source srcset=\"https:\/\/fotos.perfil.com\/2022\/04\/21\/trim\/720\/405\/mayra-mendoza-fernando-espinoza-y-mario-ishii-20220421-1344832.jpg\" media=\"(max-width: 768px)\" \/><source srcset=\"https:\/\/fotos.perfil.com\/2022\/04\/21\/trim\/635\/357\/mayra-mendoza-fernando-espinoza-y-mario-ishii-20220421-1344832.jpg\" media=\"(max-width: 1024px)\" \/><img decoding=\"async\" class=\"img-fluid\" src=\"https:\/\/fotos.perfil.com\/2022\/04\/21\/trim\/950\/534\/mayra-mendoza-fernando-espinoza-y-mario-ishii-20220421-1344832.jpg\" alt=\" Mayra Mendoza, Fernando Espinoza y Mario Ishii 20220421\" \/><\/picture><figcaption class=\"figure-caption\">Mayra Mendoza, Fernando Espinoza y Mario Ishii.<span class=\"credito-foto\">\u00a0<\/span><\/figcaption><\/figure>\n<div class=\"news-body\">\n<div class=\"social-topsharing\">\n<p>&nbsp;<\/p>\n<\/div>\n<div class=\"news-content standard\">\n<p>Un relevamiento realizado en 23 municipios del Conurbano bonaerense y la capital del distrito, <strong>La Plata<\/strong>, arroj\u00f3 que <strong>tres intendentes del <a href=\"https:\/\/www.perfil.com\/noticias\/politica\/cristina-kirchner-fue-denunciada-por-luis-juez-por-el-artilugio-retorcido-del-senado.phtml\" target=\"_blank\" rel=\"noopener\"><em>Frente de Todos<\/em><\/a><\/strong> se encuentran en el ranking de peor imagen de\u00a0jefes comunales en la provincia de <strong>Buenos Aires<\/strong>. Adem\u00e1s, los dirigentes peronistas ascienden a diez si se toma en cuenta los puestos finales de la tabla.<\/p>\n<p>Se trata de <strong>Mayra Mendoza<\/strong>, intendenta de Quilmes, <strong>Fernando Espinoza<\/strong> (La Matanza) y <strong>Mario Ishii<\/strong> (Jos\u00e9 C. Paz), seg\u00fan el estudio realizado en <strong>abril<\/strong> por\u00a0<em>CB Consultora Opini\u00f3n P\u00fablica<\/em>, al que tuvo acceso <em>Perfil<\/em>. La encuesta incluy\u00f3 a 17.152 personas de los 24 principales municipios del <strong>Gran Buenos Aires<\/strong>\u00a0(638 &#8211; 848 casos promedio por distrito), con un margen de error de +\/- 3,1%.<\/p>\n<p>Mendoza, <a href=\"https:\/\/www.perfil.com\/noticias\/actualidad\/nestornear-llamativa-remera-mayra-mendoza-homenaje-nestor-kirchner.phtml\" target=\"_blank\" rel=\"noopener\">referente de <\/a><em><a href=\"https:\/\/www.perfil.com\/noticias\/actualidad\/nestornear-llamativa-remera-mayra-mendoza-homenaje-nestor-kirchner.phtml\" target=\"_blank\" rel=\"noopener\"><strong>La C\u00e1mpora<\/strong><\/a>,<\/em> aparece\u00a0en el \u00faltimo lugar del estudio\u00a0y tiene el peor reporte\u00a0de imagen positiva entre los 24 lugares que fueron consultados a trav\u00e9s del sistema CAWI (online). En detalle,\u00a0tuvo un <strong>53,3% de imagen negativa y un 43,2% de imagen positiva<\/strong>.<\/p>\n<p>Por su parte, <strong>Espinoza<\/strong>, que gobierna el partido m\u00e1s poblado de la provincia en su cuarto mandato y fue presidente del PJ bonaerense, registr\u00f3\u00a0un <strong>50,6% de imagen negativa<\/strong> y\u00a0un 46,5% de valoraci\u00f3n positiva; y <strong>Mario Ishii<\/strong>, intendente\u00a0de Jos\u00e9 C. Paz en su quinto gobierno, tuvo un\u00a0<strong>49,2% de imagen negativa<\/strong> y 48,3% de imagen positiva.<\/p>\n<div>\n<figure class=\"image\"><img decoding=\"async\" src=\"https:\/\/fotos.perfil.com\/\/2022\/04\/21\/900\/0\/mayra-mendoza-fernando-espinoza-y-mario-ishii-20220421-1344726.jpg\" alt=\"Mayra Mendoza, Fernando Espinoza y Mario Ishii 20220421\" \/><figcaption>Fuente:\u00a0CB Consultora Opini\u00f3n P\u00fablica.<\/figcaption><\/figure>\n<\/div>\n<p>&nbsp;<\/p>\n<p>Cabe destacar que el ranking est\u00e1 ordenado por un diferencial de imagen, donde el n\u00famero resulta de restar la valoraci\u00f3n positiva con la negativa. En todos los casos, los jefes distritales\u00a0terminaron con balance a positivo, a excepci\u00f3n de Mendoza, Espinoza e Ishi, que figuran en la zona &#8220;Baja&#8221;.<\/p>\n<h4><strong>Otros otros intendentes con baja imagen<\/strong><\/h4>\n<p>Dentro de los dirigentes\u00a0peores valorados, entre los\u00a0que se encuentran en la zona &#8220;Media&#8221; est\u00e1n <strong>Mariel Fern\u00e1ndez<\/strong>, de Moreno (con un diferencial de +9,6) y <strong>Andr\u00e9s Watson<\/strong> de Florencio Varela (+10,1).<\/p>\n<p>Las otras cinco posiciones las ocupan <strong>Carlos Ramil<\/strong>, de Escobar (+11,7%), <strong>Marina Lesci<\/strong>, de Lomas de Zamora (+14,1%), <strong>Juan Fabiani<\/strong>, de Almirante Brown (+16,1%), <strong>Alejo Chornobroff<\/strong>, de Avellaneda (+16,4%) y <strong>Fernando Moreira<\/strong>, de San Mart\u00edn (+16,9%).<\/p>\n<p>Con una mezcla de intendentes que fueron elegidos por los vecinos y otros que asumieron para reemplazar a aquellos que tomaron licencia, como Gabriel Katopodis (San Mart\u00edn) y Jorge Ferraresi (Avellaneda), estos siete jefes comunales<strong> tambi\u00e9n pertenecen al <em>Frente de Todos<\/em><\/strong>.<\/p>\n<h2><strong>Intendentes con mejor imagen<\/strong><\/h2>\n<p>Los <a href=\"https:\/\/www.perfil.com\/noticias\/politica\/segun-una-encuesta-cuales-son-los-10-intendentes-con-mejor-imagen-del-conurbano.phtml\" target=\"_blank\" rel=\"noopener\">tres\u00a0Intendentes del Gran Buenos Aires con mejores diferenciales<\/a> durante el mes de abril pertenecen a <em>Juntos por el Cambio<\/em> y son: <strong>Jaime M\u00e9ndez<\/strong>, de San Miguel (+45,7), <strong>Diego Valenzuela<\/strong>, de Tres de Febrero (+43,3), <strong>Gustavo Posse<\/strong>, de San Isidro (+41,2).<\/p>\n<p>El podio es seguido por\u00a0<strong>Noelia Correa<\/strong> (que reemplaz\u00f3 a Leonardo Nardini), de Malvinas Argentinas (+38,1), <strong>Juan Jos\u00e9 Mussis<\/strong> de Berazategui (+36,5) y <strong>Fernando Gray<\/strong>, de Esteban Echeverr\u00eda (+33,3%), dirigentes peronistas.<\/p>\n<\/div>\n<\/div>\n<\/article>\n<\/div>\n<p>&nbsp;<\/p>\n","protected":false},"excerpt":{"rendered":"<p>MIR\u00c1 LA INFO PUBLICADA POR PERFIL.COM, PARA ANALIZAR.<\/p>\n","protected":false},"author":3,"featured_media":15946,"comment_status":"open","ping_status":"open","sticky":false,"template":"","format":"standard","meta":{"footnotes":"","jetpack_publicize_message":"","jetpack_publicize_feature_enabled":true,"jetpack_social_post_already_shared":false,"jetpack_social_options":{"image_generator_settings":{"template":"highway","default_image_id":0,"font":"","enabled":false},"version":2}},"categories":[17],"tags":[1873,735,1872],"class_list":["post-15944","post","type-post","status-publish","format-standard","has-post-thumbnail","hentry","category-politica","tag-imagen","tag-intendentes","tag-mayra-mendoza"],"jetpack_publicize_connections":[],"jetpack_featured_media_url":"https:\/\/revistaepocadigital.com.ar\/wp-content\/uploads\/2022\/04\/mayra-mendoza-20211115-1269942.jpg","jetpack_likes_enabled":true,"_links":{"self":[{"href":"https:\/\/revistaepocadigital.com.ar\/index.php?rest_route=\/wp\/v2\/posts\/15944","targetHints":{"allow":["GET"]}}],"collection":[{"href":"https:\/\/revistaepocadigital.com.ar\/index.php?rest_route=\/wp\/v2\/posts"}],"about":[{"href":"https:\/\/revistaepocadigital.com.ar\/index.php?rest_route=\/wp\/v2\/types\/post"}],"author":[{"embeddable":true,"href":"https:\/\/revistaepocadigital.com.ar\/index.php?rest_route=\/wp\/v2\/users\/3"}],"replies":[{"embeddable":true,"href":"https:\/\/revistaepocadigital.com.ar\/index.php?rest_route=%2Fwp%2Fv2%2Fcomments&post=15944"}],"version-history":[{"count":0,"href":"https:\/\/revistaepocadigital.com.ar\/index.php?rest_route=\/wp\/v2\/posts\/15944\/revisions"}],"wp:featuredmedia":[{"embeddable":true,"href":"https:\/\/revistaepocadigital.com.ar\/index.php?rest_route=\/wp\/v2\/media\/15946"}],"wp:attachment":[{"href":"https:\/\/revistaepocadigital.com.ar\/index.php?rest_route=%2Fwp%2Fv2%2Fmedia&parent=15944"}],"wp:term":[{"taxonomy":"category","embeddable":true,"href":"https:\/\/revistaepocadigital.com.ar\/index.php?rest_route=%2Fwp%2Fv2%2Fcategories&post=15944"},{"taxonomy":"post_tag","embeddable":true,"href":"https:\/\/revistaepocadigital.com.ar\/index.php?rest_route=%2Fwp%2Fv2%2Ftags&post=15944"}],"curies":[{"name":"wp","href":"https:\/\/api.w.org\/{rel}","templated":true}]}}