{"id":15955,"date":"2022-04-25T01:06:54","date_gmt":"2022-04-25T04:06:54","guid":{"rendered":"https:\/\/revistaepocadigital.com.ar\/?p=15955"},"modified":"2022-04-25T01:06:54","modified_gmt":"2022-04-25T04:06:54","slug":"exaltacion-de-la-cruz-presente-en-el-congreso-provincial-de-salud-2022","status":"publish","type":"post","link":"https:\/\/revistaepocadigital.com.ar\/?p=15955","title":{"rendered":"EXALTACI\u00d3N DE LA CRUZ PRESENTE EN EL CONGRESO PROVINCIAL DE SALUD 2022"},"content":{"rendered":"<div class=\"\" dir=\"auto\">\n<div id=\"jsc_c_8p\" class=\"ecm0bbzt hv4rvrfc ihqw7lf3 dati1w0a\" data-ad-comet-preview=\"message\" data-ad-preview=\"message\">\n<div class=\"j83agx80 cbu4d94t ew0dbk1b irj2b8pg\">\n<div class=\"qzhwtbm6 knvmm38d\">\n<div class=\"kvgmc6g5 cxmmr5t8 oygrvhab hcukyx3x c1et5uql ii04i59q\">\n<div dir=\"auto\">\n<p><strong><strong>EL DISTRITO ESTUVO REPRESENTADO EN MAR DEL PLATA EN EL MUY RELEVANTE EVENTO QUE CONT\u00d3 CON M\u00c1S DE 14 MIL PARTICIPANTES.<\/strong><\/strong><\/p>\n<div class=\"\" dir=\"auto\">\n<div id=\"jsc_c_8p\" class=\"ecm0bbzt hv4rvrfc ihqw7lf3 dati1w0a\" data-ad-comet-preview=\"message\" data-ad-preview=\"message\">\n<div class=\"j83agx80 cbu4d94t ew0dbk1b irj2b8pg\">\n<div class=\"qzhwtbm6 knvmm38d\">\n<div class=\"cxmmr5t8 oygrvhab hcukyx3x c1et5uql o9v6fnle ii04i59q\">\n<div dir=\"auto\"><\/div>\n<\/div>\n<\/div>\n<\/div>\n<\/div>\n<\/div>\n<p><!--more--><\/p>\n<\/div>\n<\/div>\n<div dir=\"auto\"><\/div>\n<div class=\"cxmmr5t8 oygrvhab hcukyx3x c1et5uql o9v6fnle ii04i59q\">\n<div dir=\"auto\">Exaltaci\u00f3n de la Cruz particip\u00f3 en el Congreso Provincial de Salud (COSAPRO), representado por el equipo del Servicio de Salud Mental del sistema de Salud distrital.<\/div>\n<div dir=\"auto\"><\/div>\n<div dir=\"auto\">El Congreso tuvo lugar en la ciudad de Mar del Plata, entre el 19 y 22 de abril, organizado por el Ministerio de Salud de la Provincia de Buenos Aires, siendo denominaado como &#8220;Congreso Provincial de Salud 2022 (Cosapro)&#8221;.<\/div>\n<div dir=\"auto\"><\/div>\n<div dir=\"auto\">El evento cont\u00f3 con la participaci\u00f3n de m\u00e1s de 14 mil personas, entre los d\u00edas que tuvo lugar, encabezado por las principales autoridades sanitarias nacionales, provinciales y las pertenecientes a los 135 municipios de la provincia.<\/div>\n<\/div>\n<div class=\"cxmmr5t8 oygrvhab hcukyx3x c1et5uql o9v6fnle ii04i59q\">\n<div dir=\"auto\"><\/div>\n<div dir=\"auto\">Bajo el lema \u201cHacia un sistema integrado de salud\u201d, el Congreso se desarroll\u00f3 en simult\u00e1neo en tres sedes: el NH Gran Hotel Provincial, el hotel Presidente Per\u00f3n y el Teatro Auditorium, todos ubicados en Mar del Plata.<\/div>\n<div dir=\"auto\"><\/div>\n<\/div>\n<div class=\"cxmmr5t8 oygrvhab hcukyx3x c1et5uql o9v6fnle ii04i59q\">\n<div dir=\"auto\">Los temas a tratar en las distintas ponencias se impusieron como una inmensa oportunidad de acceso al conocimiento, para miles de concurrentes que desde el primer d\u00eda se acercaron a las charlas.<\/div>\n<\/div>\n<\/div>\n<\/div>\n<\/div>\n<\/div>\n<div dir=\"auto\"><\/div>\n<div dir=\"auto\">\n<figure id=\"attachment_15961\" aria-describedby=\"caption-attachment-15961\" style=\"width: 696px\" class=\"wp-caption aligncenter\"><img loading=\"lazy\" decoding=\"async\" class=\"size-large wp-image-15961\" src=\"https:\/\/revistaepocadigital.com.ar\/wp-content\/uploads\/2022\/04\/palo-congreso.marde_-1200x675.jpg\" alt=\"\" width=\"696\" height=\"392\" srcset=\"https:\/\/revistaepocadigital.com.ar\/wp-content\/uploads\/2022\/04\/palo-congreso.marde_-1200x675.jpg 1200w, https:\/\/revistaepocadigital.com.ar\/wp-content\/uploads\/2022\/04\/palo-congreso.marde_-300x169.jpg 300w, https:\/\/revistaepocadigital.com.ar\/wp-content\/uploads\/2022\/04\/palo-congreso.marde_-768x432.jpg 768w, https:\/\/revistaepocadigital.com.ar\/wp-content\/uploads\/2022\/04\/palo-congreso.marde_-1536x864.jpg 1536w, https:\/\/revistaepocadigital.com.ar\/wp-content\/uploads\/2022\/04\/palo-congreso.marde_-696x392.jpg 696w, https:\/\/revistaepocadigital.com.ar\/wp-content\/uploads\/2022\/04\/palo-congreso.marde_-1068x601.jpg 1068w, https:\/\/revistaepocadigital.com.ar\/wp-content\/uploads\/2022\/04\/palo-congreso.marde_-747x420.jpg 747w, https:\/\/revistaepocadigital.com.ar\/wp-content\/uploads\/2022\/04\/palo-congreso.marde_-1493x840.jpg 1493w, https:\/\/revistaepocadigital.com.ar\/wp-content\/uploads\/2022\/04\/palo-congreso.marde_.jpg 1600w\" sizes=\"auto, (max-width: 696px) 100vw, 696px\" \/><figcaption id=\"caption-attachment-15961\" class=\"wp-caption-text\">Un pasaje del encuentro en Mar del Plata.<\/figcaption><\/figure>\n<\/div>\n<div dir=\"auto\"><\/div>\n<div class=\"\" dir=\"auto\">\n<div id=\"jsc_c_8p\" class=\"ecm0bbzt hv4rvrfc ihqw7lf3 dati1w0a\" data-ad-comet-preview=\"message\" data-ad-preview=\"message\">\n<div class=\"j83agx80 cbu4d94t ew0dbk1b irj2b8pg\">\n<div class=\"qzhwtbm6 knvmm38d\">\n<div class=\"cxmmr5t8 oygrvhab hcukyx3x c1et5uql o9v6fnle ii04i59q\">\n<div dir=\"auto\">Entre los principales t\u00f3picos abordados, estuvieron el vinculado al <strong>modelo de atenci\u00f3n a la salud mental durante la pandemia,\u00a0 que ha adquirido verdadera importancia y\u00a0 derivaciones m\u00e9dicas y sociales, durante el largo per\u00edodo marcado por el Covid 19. <\/strong>El tema fue expuesto por la Licenciada Paloma Saavedra, jefa del Servicio de Salud Mental del municipio de Exaltaci\u00f3n de la Cruz, junto al Licenciado Pablo L\u00f3pez Bouzas, referente de Consultorios Externos y el Licenciado Nicol\u00e1s Iuffrida, referente de Internaci\u00f3n. Los profesionales mencionados, presentaron el trabajo realizado sobre la Adaptaci\u00f3n del Servicio de Salud Mental en el partido de Exaltaci\u00f3n de la Cruz en el contexto marcado por la pandemia.<\/div>\n<\/div>\n<\/div>\n<\/div>\n<\/div>\n<\/div>\n<p>&nbsp;<\/p>\n","protected":false},"excerpt":{"rendered":"<p>EL DISTRITO ESTUVO REPRESENTADO EN MAR DEL PLATA EN EL MUY RELEVANTE EVENTO QUE CONT\u00d3 CON M\u00c1S DE 14 MIL PARTICIPANTES.<\/p>\n","protected":false},"author":3,"featured_media":15960,"comment_status":"open","ping_status":"open","sticky":false,"template":"","format":"standard","meta":{"footnotes":"","jetpack_publicize_message":"","jetpack_publicize_feature_enabled":true,"jetpack_social_post_already_shared":false,"jetpack_social_options":{"image_generator_settings":{"template":"highway","default_image_id":0,"font":"","enabled":false},"version":2}},"categories":[13],"tags":[1876,706],"class_list":["post-15955","post","type-post","status-publish","format-standard","has-post-thumbnail","hentry","category-interes-general","tag-congreso-mar-del-plata","tag-salud-mental"],"jetpack_publicize_connections":[],"jetpack_featured_media_url":"https:\/\/revistaepocadigital.com.ar\/wp-content\/uploads\/2022\/04\/palo-congreso-marde.jpg","jetpack_likes_enabled":true,"_links":{"self":[{"href":"https:\/\/revistaepocadigital.com.ar\/index.php?rest_route=\/wp\/v2\/posts\/15955","targetHints":{"allow":["GET"]}}],"collection":[{"href":"https:\/\/revistaepocadigital.com.ar\/index.php?rest_route=\/wp\/v2\/posts"}],"about":[{"href":"https:\/\/revistaepocadigital.com.ar\/index.php?rest_route=\/wp\/v2\/types\/post"}],"author":[{"embeddable":true,"href":"https:\/\/revistaepocadigital.com.ar\/index.php?rest_route=\/wp\/v2\/users\/3"}],"replies":[{"embeddable":true,"href":"https:\/\/revistaepocadigital.com.ar\/index.php?rest_route=%2Fwp%2Fv2%2Fcomments&post=15955"}],"version-history":[{"count":0,"href":"https:\/\/revistaepocadigital.com.ar\/index.php?rest_route=\/wp\/v2\/posts\/15955\/revisions"}],"wp:featuredmedia":[{"embeddable":true,"href":"https:\/\/revistaepocadigital.com.ar\/index.php?rest_route=\/wp\/v2\/media\/15960"}],"wp:attachment":[{"href":"https:\/\/revistaepocadigital.com.ar\/index.php?rest_route=%2Fwp%2Fv2%2Fmedia&parent=15955"}],"wp:term":[{"taxonomy":"category","embeddable":true,"href":"https:\/\/revistaepocadigital.com.ar\/index.php?rest_route=%2Fwp%2Fv2%2Fcategories&post=15955"},{"taxonomy":"post_tag","embeddable":true,"href":"https:\/\/revistaepocadigital.com.ar\/index.php?rest_route=%2Fwp%2Fv2%2Ftags&post=15955"}],"curies":[{"name":"wp","href":"https:\/\/api.w.org\/{rel}","templated":true}]}}