{"id":15963,"date":"2022-05-18T22:55:04","date_gmt":"2022-05-19T01:55:04","guid":{"rendered":"https:\/\/revistaepocadigital.com.ar\/?p=15963"},"modified":"2022-06-05T10:22:46","modified_gmt":"2022-06-05T13:22:46","slug":"eden-ante-un-corte-de-luz-en-capilla-del-senor","status":"publish","type":"post","link":"https:\/\/revistaepocadigital.com.ar\/?p=15963","title":{"rendered":"EDEN. PODAS ENTRE EL LUNES 6 Y JUEVES 9, Y CONSEJOS PARA EVITAR ACCIDENTES"},"content":{"rendered":"<p><strong>EL INFORME.<\/strong><!--more--><\/p>\n<div>\n<p dir=\"ltr\">EDEN realizar\u00e1 tareas de poda, cambio de postes, seccionadores y cuchillas en las redes de baja y media tensi\u00f3n, el lunes 6, el martes 7, el mi\u00e9rcoles 8 y el jueves 9 de junio. El objetivo -informa la empresa- es mejorar la calidad del servicio.<\/p>\n<p dir=\"ltr\">Para poder realizar estas mejoras y como medida de seguridad, es necesario interrumpir el servicio de 350 usuarios mientras se trabaja en la red el\u00e9ctrica.<\/p>\n<p dir=\"ltr\"><strong>Los trabajos se realizar\u00e1n:<\/strong><\/p>\n<ul>\n<li dir=\"ltr\">\n<p dir=\"ltr\"><strong>el d\u00eda lunes 6 de junio, de 9 a 14 hs., en el barrio Esperanza;<\/strong><\/p>\n<\/li>\n<li dir=\"ltr\">\n<p dir=\"ltr\"><strong>el d\u00eda mi\u00e9rcoles 8 de junio, de 9 a 14 hs., en el barrio El Malacate;<\/strong><\/p>\n<\/li>\n<li dir=\"ltr\">\n<p dir=\"ltr\"><strong>los d\u00edas martes 7 y jueves 9 de junio, de 9 a 15:30 hs., en Ruta Nacional 193, Puerto Chenaut, Andonaegui, barrio El Chaj\u00e1 y callej\u00f3n Escuela 15.<\/strong><\/p>\n<\/li>\n<\/ul>\n<p dir=\"ltr\">En caso de presentarse condiciones clim\u00e1ticas adversas, las actividades ser\u00e1n reprogramadas.<\/p>\n<p>.<\/p>\n<p dir=\"ltr\">&#8212;&#8212;&#8212;&#8212;&#8212;&#8212;&#8212;&#8212;&#8212;&#8212;&#8212;&#8212;&#8212;&#8212;&#8212;&#8212;&#8212;&#8212;&#8212;&#8212;&#8211;<\/p>\n<div class=\"msg-body P_wpofO mq_AS\" data-test-id=\"message-view-body-content\">\n<div class=\"jb_0 X_6MGW N_6Fd5\">\n<div>\n<div id=\"yiv9536271608\">\n<div dir=\"ltr\">\n<div>\n<p dir=\"ltr\"><strong>Consejos de prevenci\u00f3n de accidentes e incendios por<\/strong><\/p>\n<p dir=\"ltr\"><strong>sobrecarga de tomacorrientes y artefactos el\u00e9ctricos<\/strong><\/p>\n<p dir=\"ltr\">A ra\u00edz de las bajas temperaturas, se han reportado incendios en hogares del \u00c1rea de Concesi\u00f3n de EDEN, ya que se empiezan a utilizar artefactos que generan mayor consumo y que pueden generar una sobrecarga en tomacorrientes o artefactos el\u00e9ctricos.<\/p>\n<p dir=\"ltr\">En este sentido, EDEN difunde frecuentemente a sus usuarios consejos de seguridad en el hogar en su <a href=\"https:\/\/www.edensa.com.ar\/energiaresponsable\/en-el-hogar\/\" target=\"_blank\" rel=\"nofollow noopener noreferrer\">p\u00e1gina web<\/a> (<a href=\"http:\/\/www.edensa.com.ar\/\" target=\"_blank\" rel=\"nofollow noopener noreferrer\">www.edensa.com.ar<\/a>) y por sus diferentes redes sociales.<\/p>\n<p dir=\"ltr\">Este a\u00f1o, la Distribuidora lanz\u00f3 una campa\u00f1a espec\u00edfica con el objetivo de brindar diferentes recomendaciones, por ejemplo, c\u00f3mo evitar y actuar ante incendios en el hogar a causa de sobrecarga de consumo.<\/p>\n<p dir=\"ltr\">Victor Ciaponi, Gerente Regional de EDEN, recuerda que: \u201c<em>Con las bajas temperaturas a ra\u00edz de la ola polar, es fundamental prevenir accidentes que pueden terminar en incendios, siguiendo estos consejos y siempre revisar las instalaciones internas con un electricista matriculado\u201d.<\/em><\/p>\n<p dir=\"ltr\"><strong>Algunos consejos<\/strong>:<\/p>\n<ul>\n<li dir=\"ltr\">\n<p dir=\"ltr\">No sobrecargar tomacorrientes con muchos triples y alargues o derivaciones improvisadas.<\/p>\n<\/li>\n<\/ul>\n<ul>\n<li dir=\"ltr\">\n<p dir=\"ltr\">Utilizar Tomacorriente m\u00faltiple, com\u00fanmente denominado zapatilla, s\u00f3lo para artefactos de bajo consumo, como por ejemplo cargador de celulares, y no para estufas o caloventores.<\/p>\n<\/li>\n<\/ul>\n<ul>\n<li dir=\"ltr\">\n<p dir=\"ltr\">En caso de incendio:<\/p>\n<ul>\n<li dir=\"ltr\">\n<p dir=\"ltr\">desconectar el circuito el\u00e9ctrico desde el tablero,<\/p>\n<\/li>\n<li dir=\"ltr\">\n<p dir=\"ltr\">no usar agua<\/p>\n<\/li>\n<li dir=\"ltr\">\n<p dir=\"ltr\">usar matafuegos tipo ABC o C.<\/p>\n<\/li>\n<li dir=\"ltr\">\n<p dir=\"ltr\">Si el fuego persiste, llamar a los Bomberos.<\/p>\n<\/li>\n<\/ul>\n<\/li>\n<li dir=\"ltr\">\n<p dir=\"ltr\">Revisar peri\u00f3dicamente las instalaciones el\u00e9ctricas con un electricista matriculado.<\/p>\n<\/li>\n<\/ul>\n<\/div>\n<div style=\"text-align: center;\">\n<p>&#8212;&#8212;<\/p>\n<p dir=\"ltr\">Canales de gesti\u00f3n y reclamos EDEN:<\/p>\n<p dir=\"ltr\">0800-999-3336: reclamos t\u00e9cnicos las 24 hs todos los d\u00edas<\/p>\n<p dir=\"ltr\">0810-999-3336: consultas comerciales de lunes a viernes de 8 a 18 hs.<\/p>\n<p dir=\"ltr\">App EDEN M\u00f3vil<\/p>\n<p dir=\"ltr\">Sucursal Virtual:<a href=\"https:\/\/sucursalvirtual.edensa.com.ar\/signin\" target=\"_blank\" rel=\"nofollow noopener noreferrer\"> https:\/\/sucursalvirtual.edensa.com.ar\/<\/a><\/p>\n<p dir=\"ltr\">WhatsApp: 3364 52-6944<a href=\"http:\/\/wa.me\/543364526944\" target=\"_blank\" rel=\"nofollow noopener noreferrer\"> wa.me\/543364526944<\/a><\/p>\n<p dir=\"ltr\">Todas las novedades de EDEN en:<\/p>\n<p dir=\"ltr\">Web: <a href=\"http:\/\/www.edensa.com.ar\/\" target=\"_blank\" rel=\"nofollow noopener noreferrer\">www.edensa.com.ar<\/a><\/p>\n<p dir=\"ltr\">Instagram: @edencomunica<\/p>\n<p dir=\"ltr\">Facebook: EDENComunica<\/p>\n<p dir=\"ltr\">Twitter: @EDENSAcomunica<\/p>\n<p dir=\"ltr\">Linkedin:<a href=\"https:\/\/www.linkedin.com\/company\/edensa\/\" target=\"_blank\" rel=\"nofollow noopener noreferrer\"> https:\/\/www.linkedin.com\/company\/edensa\/<\/a><\/p>\n<p dir=\"ltr\">YouTube: EDEN Comunica<\/p>\n<\/div>\n<\/div>\n<\/div>\n<\/div>\n<\/div>\n<\/div>\n<p dir=\"ltr\" style=\"text-align: center;\"><strong>&#8212;&#8212;&#8212;&#8212;&#8212;&#8212;&#8212;&#8212;&#8212;-<\/strong><\/p>\n<p dir=\"ltr\"><strong>D\u00eda Nacional de la Persona Electrodependiente: la electricidad como un servicio esencial para la salud<\/strong><\/p>\n<\/div>\n<p dir=\"ltr\">Las personas electrodependientes son aquellas que, por cuestiones de salud, requieren de un suministro el\u00e9ctrico constante para poder alimentar el equipamiento m\u00e9dico que necesitan para evitar riesgos en su vida o su salud (Ley Nacional 27.351 &#8211; 2017).<\/p>\n<p dir=\"ltr\">En su \u00c1rea de Concesi\u00f3n EDEN cuenta con 356 usuarios electrodependientes. Todos ellos tienen un equipo electr\u00f3geno provisto por la compa\u00f1\u00eda cuya instalaci\u00f3n y mantenimiento peri\u00f3dico es realizado por la Distribuidora para asegurar que nunca les falte la energ\u00eda que necesitan para su salud.<\/p>\n<p dir=\"ltr\">En este d\u00eda tan especial, visitamos a Agueda Lichardelli, usuaria electrodependiente de Campana. Ella sufre de Apnea del Sue\u00f1o y Asma, que le generan dificultad para respirar y depende de un aparato que le brinda ox\u00edgeno y que debe estar disponible cuando lo necesite. \u201cEl aparato que me provee ox\u00edgeno tiene que estar disponible las 24 hs, cuando yo lo necesite. Gracias a EDEN tengo un equipo para que, cuando se me corta la luz, pueda conectarme y seguir mi vida normal, poder respirar, poder andar y recuperar mis energ\u00edas diarias\u201d, dijo Agueda.<\/p>\n<p dir=\"ltr\">Adem\u00e1s de la entrega de grupos electr\u00f3genos y su mantenimiento, EDEN realiza encuestas para evaluar la experiencia de los usuarios, tanto con el funcionamiento del equipamiento mencionado, como del personal de la Distribuidora y los canales de atenci\u00f3n. \u201cLa verdad es que no pens\u00e9 en encontrarme con un equipo tan maravilloso ante una situaci\u00f3n tan fea como la que tengo\u201d, expres\u00f3 Agueda.<\/p>\n<p dir=\"ltr\">El procedimiento para los usuarios Electrodependientes de EDEN, es fundamental para la compa\u00f1\u00eda. Desde 2019 el mismo se encuentra certificado bajo Normas ISO 9000 dentro de su Sistema de Gesti\u00f3n de la Calidad. Tambi\u00e9n incluye canales espec\u00edficos de atenci\u00f3n como un 0800 exclusivo y una aplicaci\u00f3n para el celular donde los usuarios registrados en la App EDEN M\u00f3vil pueden comunicarse de forma r\u00e1pida y directa ante cualquier consulta.<\/p>\n<p dir=\"ltr\">Todo el equipo de EDEN agradece la participaci\u00f3n de Agueda en este d\u00eda tan importante, que nos inspira para seguir brindando la mejor atenci\u00f3n cada d\u00eda.<\/p>\n<p>&#8212;&#8212;&#8212;&#8212;&#8212;&#8212;&#8212;&#8212;&#8212;&#8212;&#8212;&#8212;&#8212;&#8212;&#8212;&#8212;&#8212;&#8212;&#8212;&#8212;&#8212;&#8212;&#8212;<\/p>\n<p>&nbsp;<\/p>\n","protected":false},"excerpt":{"rendered":"<p>EL INFORME.<\/p>\n","protected":false},"author":3,"featured_media":15964,"comment_status":"open","ping_status":"open","sticky":false,"template":"","format":"standard","meta":{"footnotes":"","jetpack_publicize_message":"","jetpack_publicize_feature_enabled":true,"jetpack_social_post_already_shared":false,"jetpack_social_options":{"image_generator_settings":{"template":"highway","default_image_id":0,"font":"","enabled":false},"version":2}},"categories":[11],"tags":[37,39],"class_list":["post-15963","post","type-post","status-publish","format-standard","has-post-thumbnail","hentry","category-entidades","tag-destacada","tag-eden"],"jetpack_publicize_connections":[],"jetpack_featured_media_url":"https:\/\/revistaepocadigital.com.ar\/wp-content\/uploads\/2022\/04\/EDEN-Informa.jpg","jetpack_likes_enabled":true,"_links":{"self":[{"href":"https:\/\/revistaepocadigital.com.ar\/index.php?rest_route=\/wp\/v2\/posts\/15963","targetHints":{"allow":["GET"]}}],"collection":[{"href":"https:\/\/revistaepocadigital.com.ar\/index.php?rest_route=\/wp\/v2\/posts"}],"about":[{"href":"https:\/\/revistaepocadigital.com.ar\/index.php?rest_route=\/wp\/v2\/types\/post"}],"author":[{"embeddable":true,"href":"https:\/\/revistaepocadigital.com.ar\/index.php?rest_route=\/wp\/v2\/users\/3"}],"replies":[{"embeddable":true,"href":"https:\/\/revistaepocadigital.com.ar\/index.php?rest_route=%2Fwp%2Fv2%2Fcomments&post=15963"}],"version-history":[{"count":0,"href":"https:\/\/revistaepocadigital.com.ar\/index.php?rest_route=\/wp\/v2\/posts\/15963\/revisions"}],"wp:featuredmedia":[{"embeddable":true,"href":"https:\/\/revistaepocadigital.com.ar\/index.php?rest_route=\/wp\/v2\/media\/15964"}],"wp:attachment":[{"href":"https:\/\/revistaepocadigital.com.ar\/index.php?rest_route=%2Fwp%2Fv2%2Fmedia&parent=15963"}],"wp:term":[{"taxonomy":"category","embeddable":true,"href":"https:\/\/revistaepocadigital.com.ar\/index.php?rest_route=%2Fwp%2Fv2%2Fcategories&post=15963"},{"taxonomy":"post_tag","embeddable":true,"href":"https:\/\/revistaepocadigital.com.ar\/index.php?rest_route=%2Fwp%2Fv2%2Ftags&post=15963"}],"curies":[{"name":"wp","href":"https:\/\/api.w.org\/{rel}","templated":true}]}}