{"id":16018,"date":"2022-05-01T16:47:50","date_gmt":"2022-05-01T19:47:50","guid":{"rendered":"https:\/\/revistaepocadigital.com.ar\/?p=16018"},"modified":"2022-05-01T16:47:50","modified_gmt":"2022-05-01T19:47:50","slug":"nuevos-horarios-de-rutabus","status":"publish","type":"post","link":"https:\/\/revistaepocadigital.com.ar\/?p=16018","title":{"rendered":"NUEVOS HORARIOS DE RUTABUS"},"content":{"rendered":"<p><strong>INFO \u00daTIL. MODIFICACIONES.<\/strong><!--more--><\/p>\n<p>De acuerdo a lo convenido por la Drecci\u00f3n de Transporte y la empresa Rutabus, a partir del lunes 2 de mayo habr\u00e1 modificaciones en el servicio de transporte p\u00fablico.<\/p>\n<p>En primer lugar, se agregan cuatro servicios al recorrido de Capilla del Se\u00f1or y el Barrio Arturo Mateo.<\/p>\n<p>Adem\u00e1s, las unidades que se dirijan de Los Cardales hacia Capilla del Se\u00f1or, van a retrasarse cinco minutos, de acuerdo a lo solicitado. Eso favorecer\u00e1 el trasbordo de los pasajeros con las unidades provenientes de Escobar.<\/p>\n<p>Por \u00faltimo, la unidad que parte desde Pilar a las 10:30 horas, hacia San Antonio de Areco, pasar\u00e1 por Barrio Parque Sakura a las 11:10 horas. En cuanto a transportes de colectivos, por otro lado, vecinos reclaman informaci\u00f3n sobre servicios y horarios de la Empresa Atl\u00e1natida.<\/p>\n<p>.<br \/>\n<strong>Los nuevos horarios de Ruta Bus.<\/strong><\/p>\n<p><img loading=\"lazy\" decoding=\"async\" class=\"alignleft size-full wp-image-16026\" src=\"https:\/\/revistaepocadigital.com.ar\/wp-content\/uploads\/2022\/05\/rutas-1.jpg\" alt=\"\" width=\"840\" height=\"604\" srcset=\"https:\/\/revistaepocadigital.com.ar\/wp-content\/uploads\/2022\/05\/rutas-1.jpg 840w, https:\/\/revistaepocadigital.com.ar\/wp-content\/uploads\/2022\/05\/rutas-1-300x216.jpg 300w, https:\/\/revistaepocadigital.com.ar\/wp-content\/uploads\/2022\/05\/rutas-1-768x552.jpg 768w, https:\/\/revistaepocadigital.com.ar\/wp-content\/uploads\/2022\/05\/rutas-1-696x500.jpg 696w, https:\/\/revistaepocadigital.com.ar\/wp-content\/uploads\/2022\/05\/rutas-1-584x420.jpg 584w\" sizes=\"auto, (max-width: 840px) 100vw, 840px\" \/><\/p>\n<p>&nbsp;<\/p>\n<p>&nbsp;<\/p>\n<p>&nbsp;<\/p>\n<p>&nbsp;<\/p>\n<p>&nbsp;<\/p>\n<p>&nbsp;<\/p>\n<p>&nbsp;<\/p>\n<p><img loading=\"lazy\" decoding=\"async\" class=\"alignleft size-full wp-image-16027\" src=\"https:\/\/revistaepocadigital.com.ar\/wp-content\/uploads\/2022\/05\/rutasss.jpg\" alt=\"\" width=\"840\" height=\"621\" srcset=\"https:\/\/revistaepocadigital.com.ar\/wp-content\/uploads\/2022\/05\/rutasss.jpg 840w, https:\/\/revistaepocadigital.com.ar\/wp-content\/uploads\/2022\/05\/rutasss-300x222.jpg 300w, https:\/\/revistaepocadigital.com.ar\/wp-content\/uploads\/2022\/05\/rutasss-768x568.jpg 768w, https:\/\/revistaepocadigital.com.ar\/wp-content\/uploads\/2022\/05\/rutasss-80x60.jpg 80w, https:\/\/revistaepocadigital.com.ar\/wp-content\/uploads\/2022\/05\/rutasss-485x360.jpg 485w, https:\/\/revistaepocadigital.com.ar\/wp-content\/uploads\/2022\/05\/rutasss-696x515.jpg 696w, https:\/\/revistaepocadigital.com.ar\/wp-content\/uploads\/2022\/05\/rutasss-568x420.jpg 568w\" sizes=\"auto, (max-width: 840px) 100vw, 840px\" \/><\/p>\n","protected":false},"excerpt":{"rendered":"<p>INFO \u00daTIL. MODIFICACIONES.<\/p>\n","protected":false},"author":4,"featured_media":16030,"comment_status":"open","ping_status":"open","sticky":false,"template":"","format":"standard","meta":{"footnotes":"","jetpack_publicize_message":"","jetpack_publicize_feature_enabled":true,"jetpack_social_post_already_shared":false,"jetpack_social_options":{"image_generator_settings":{"template":"highway","default_image_id":0,"font":"","enabled":false},"version":2}},"categories":[13],"tags":[1881,1815],"class_list":["post-16018","post","type-post","status-publish","format-standard","has-post-thumbnail","hentry","category-interes-general","tag-colectivos","tag-ruta-bus"],"jetpack_publicize_connections":[],"jetpack_featured_media_url":"https:\/\/revistaepocadigital.com.ar\/wp-content\/uploads\/2022\/05\/rutabus-1.jpg","jetpack_likes_enabled":true,"_links":{"self":[{"href":"https:\/\/revistaepocadigital.com.ar\/index.php?rest_route=\/wp\/v2\/posts\/16018","targetHints":{"allow":["GET"]}}],"collection":[{"href":"https:\/\/revistaepocadigital.com.ar\/index.php?rest_route=\/wp\/v2\/posts"}],"about":[{"href":"https:\/\/revistaepocadigital.com.ar\/index.php?rest_route=\/wp\/v2\/types\/post"}],"author":[{"embeddable":true,"href":"https:\/\/revistaepocadigital.com.ar\/index.php?rest_route=\/wp\/v2\/users\/4"}],"replies":[{"embeddable":true,"href":"https:\/\/revistaepocadigital.com.ar\/index.php?rest_route=%2Fwp%2Fv2%2Fcomments&post=16018"}],"version-history":[{"count":0,"href":"https:\/\/revistaepocadigital.com.ar\/index.php?rest_route=\/wp\/v2\/posts\/16018\/revisions"}],"wp:featuredmedia":[{"embeddable":true,"href":"https:\/\/revistaepocadigital.com.ar\/index.php?rest_route=\/wp\/v2\/media\/16030"}],"wp:attachment":[{"href":"https:\/\/revistaepocadigital.com.ar\/index.php?rest_route=%2Fwp%2Fv2%2Fmedia&parent=16018"}],"wp:term":[{"taxonomy":"category","embeddable":true,"href":"https:\/\/revistaepocadigital.com.ar\/index.php?rest_route=%2Fwp%2Fv2%2Fcategories&post=16018"},{"taxonomy":"post_tag","embeddable":true,"href":"https:\/\/revistaepocadigital.com.ar\/index.php?rest_route=%2Fwp%2Fv2%2Ftags&post=16018"}],"curies":[{"name":"wp","href":"https:\/\/api.w.org\/{rel}","templated":true}]}}