{"id":1602,"date":"2019-02-09T10:37:28","date_gmt":"2019-02-09T13:37:28","guid":{"rendered":"https:\/\/revistaepocadigital.com.ar\/?p=1602"},"modified":"2019-02-09T10:37:28","modified_gmt":"2019-02-09T13:37:28","slug":"las-penurias-a-la-hora-de-viajar-en-colectivo-o-tren","status":"publish","type":"post","link":"https:\/\/revistaepocadigital.com.ar\/?p=1602","title":{"rendered":"Las penurias a la hora de viajar en colectivo o tren"},"content":{"rendered":"<div class=\"_1dwg _1w_m _q7o\">\n<div>\n<div class=\"y_15hheo24np a_15hhen-ywi clearfix\">\n<div class=\"clearfix t_15hheo23km\">\n<div class=\"clearfix _42ef\">\n<div class=\"i_15hheo23kp\">\n<div>\n<div class=\"_5pcp _5lel _2jyu _232_\" data-testid=\"story-subtitle\"><strong>LOS USUARIOS LAS PADECEN.<\/strong><\/div>\n<div data-testid=\"story-subtitle\"><!--more--><\/div>\n<div data-testid=\"story-subtitle\"><\/div>\n<\/div>\n<\/div>\n<\/div>\n<\/div>\n<\/div>\n<div id=\"js_1p7\" class=\"_5pbx userContent _3ds9 _3576\" data-ft=\"{&quot;tn&quot;:&quot;K&quot;}\">\n<p><em>&#8220;Estoy subida al colectivo que va desde Capilla a Pilar , sentada y tratando de contar las m\u00e1s de 30 personas que van paradas&#8230;con 32 grados en un viaje que est\u00e1 tardando 55 minutos Lo comento porque es la \u00fanica empresa que nos lleva&#8230;para que, a quien le corresponda, le haga saber que los que viajan en colectivo somos personas!. La mayor\u00eda creen que esto est\u00e1 bien porque es lo \u00fanico que tienen&#8230;si es lo \u00fanico que lo mejoren!!!&#8221;<\/em><\/p>\n<p>La vecina <strong>Olga Paoloni<\/strong>, dej\u00f3 su<strong> valedero<\/strong> testimonio en la red social Facebook. Reflej\u00f3 ni m\u00e1s ni menos las <strong>carencias reales e irresueltas<\/strong>, que padecen tantos pobladores de <strong>Exaltaci\u00f3n de la Cruz<\/strong>, en cuanto a medios de transporte p\u00fablico (l\u00edneas de colectivos, trenes) que contin\u00faan sin resolverse, m\u00e1s all\u00e1 de peri\u00f3dicos anuncio en el \u00e1mbito exaltacruce\u00f1o de funcionarios, concejales, pol\u00edticos y empresarios.<\/p>\n<\/div>\n<div class=\"_6c7i\">\n<div class=\"_680y\">\n<div class=\"_6cuy\">\n<div>\n<div class=\" _6qw3\" data-ft=\"{&quot;tn&quot;:&quot;K&quot;}\" data-testid=\"UFI2Comment\/body\">\n<div class=\"_72vr\"><span dir=\"ltr\"><span class=\"_3l3x\">El <strong>acuciante problema<\/strong> contin\u00faa vigente y desde ya, perjudica a los usuarios, mientras tanto las soluciones concretan se dilatan y no se concretan. Unidades en mal estado, sin las comodidades m\u00ednimas, frecuencias que se fueron reduciendo, sin dejar de marcar los peri\u00f3dicos y tan abultados aumentos en las<strong> tarifas<\/strong> sin que redunden en una mejor\u00eda en los servicios como deber\u00eda notarse.<br \/>\n<\/span><\/span><\/div>\n<\/div>\n<\/div>\n<\/div>\n<\/div>\n<div><\/div>\n<\/div>\n<\/div>\n<\/div>\n","protected":false},"excerpt":{"rendered":"<p>LOS USUARIOS LAS PADECEN.<\/p>\n","protected":false},"author":4,"featured_media":1609,"comment_status":"open","ping_status":"open","sticky":false,"template":"","format":"standard","meta":{"footnotes":"","jetpack_publicize_message":"","jetpack_publicize_feature_enabled":true,"jetpack_social_post_already_shared":false,"jetpack_social_options":{"image_generator_settings":{"template":"highway","default_image_id":0,"font":"","enabled":false},"version":2}},"categories":[14,17],"tags":[],"class_list":["post-1602","post","type-post","status-publish","format-standard","has-post-thumbnail","hentry","category-la-gente","category-politica"],"jetpack_publicize_connections":[],"jetpack_featured_media_url":"https:\/\/revistaepocadigital.com.ar\/wp-content\/uploads\/2019\/02\/atlantida.jpg","jetpack_likes_enabled":true,"_links":{"self":[{"href":"https:\/\/revistaepocadigital.com.ar\/index.php?rest_route=\/wp\/v2\/posts\/1602","targetHints":{"allow":["GET"]}}],"collection":[{"href":"https:\/\/revistaepocadigital.com.ar\/index.php?rest_route=\/wp\/v2\/posts"}],"about":[{"href":"https:\/\/revistaepocadigital.com.ar\/index.php?rest_route=\/wp\/v2\/types\/post"}],"author":[{"embeddable":true,"href":"https:\/\/revistaepocadigital.com.ar\/index.php?rest_route=\/wp\/v2\/users\/4"}],"replies":[{"embeddable":true,"href":"https:\/\/revistaepocadigital.com.ar\/index.php?rest_route=%2Fwp%2Fv2%2Fcomments&post=1602"}],"version-history":[{"count":0,"href":"https:\/\/revistaepocadigital.com.ar\/index.php?rest_route=\/wp\/v2\/posts\/1602\/revisions"}],"wp:featuredmedia":[{"embeddable":true,"href":"https:\/\/revistaepocadigital.com.ar\/index.php?rest_route=\/wp\/v2\/media\/1609"}],"wp:attachment":[{"href":"https:\/\/revistaepocadigital.com.ar\/index.php?rest_route=%2Fwp%2Fv2%2Fmedia&parent=1602"}],"wp:term":[{"taxonomy":"category","embeddable":true,"href":"https:\/\/revistaepocadigital.com.ar\/index.php?rest_route=%2Fwp%2Fv2%2Fcategories&post=1602"},{"taxonomy":"post_tag","embeddable":true,"href":"https:\/\/revistaepocadigital.com.ar\/index.php?rest_route=%2Fwp%2Fv2%2Ftags&post=1602"}],"curies":[{"name":"wp","href":"https:\/\/api.w.org\/{rel}","templated":true}]}}