{"id":16044,"date":"2022-05-02T00:07:07","date_gmt":"2022-05-02T03:07:07","guid":{"rendered":"https:\/\/revistaepocadigital.com.ar\/?p=16044"},"modified":"2022-05-02T00:07:07","modified_gmt":"2022-05-02T03:07:07","slug":"las-sirenas-de-los-bomberos-resonaron-por-jorge-ciglieri","status":"publish","type":"post","link":"https:\/\/revistaepocadigital.com.ar\/?p=16044","title":{"rendered":"Las sirenas de los Bomberos, resonaron por Jorge Ciglieri"},"content":{"rendered":"<p><strong>DOLOR POR LA MUERTE DEL BOMBERO VOLUNTARIO CARDALENSE.<\/strong><!--more--><\/p>\n<p>Mucho pesar caus\u00f3 la muerte Jorge Antonio Ciglieri.\u00a0El Cuerpo de Bomberos Voluntarios de Los Cardales despidi\u00f3, con enorme dolor, al Ayudante Principal. Las sirenas resonaron en las calles al paso del cortejo funebre, y la comunidad se hizo eco.<\/p>\n<p>Merecido homenaje para un hombre que supo ganarse el cari\u00f1o y el respeto de sus compa\u00f1eros y de todos los vecinos cardalenses y la zona, como se vio reflejado con la presencia de decenas de bomberos de localidades vecinas que se acercaron a despedirlo.<\/p>\n<p>Jorge ten\u00eda a su cargo a &#8220;Pipo&#8221; de la Brigada K-9, unidad especial de rescate canino. Fueron innumerables las intervenciones en las que particip\u00f3, en auxilio y rastreo de v\u00edctimas. Y muchas otras veces asistiendo en situaciones de riesgo fuera del distrito.<\/p>\n<p>Su vida cotidiana se divid\u00eda entre su familia y el cuartel, al que amaba tanto como su propia casa.\u00a0Esposo de Beatriz, pap\u00e1 de Soledad, Agustina y Luc\u00eda, supo hacer de su familia su mejor logro.<\/p>\n<p><img loading=\"lazy\" decoding=\"async\" class=\"alignleft size-medium wp-image-16049\" src=\"https:\/\/revistaepocadigital.com.ar\/wp-content\/uploads\/2022\/05\/C12-300x204.jpg\" alt=\"\" width=\"300\" height=\"204\" srcset=\"https:\/\/revistaepocadigital.com.ar\/wp-content\/uploads\/2022\/05\/C12-300x204.jpg 300w, https:\/\/revistaepocadigital.com.ar\/wp-content\/uploads\/2022\/05\/C12.jpg 480w\" sizes=\"auto, (max-width: 300px) 100vw, 300px\" \/><\/p>\n<p>El &#8220;Pescado&#8221; Ciglieri, como lo llamaban sus amigos y conocidos, fue el Dj de lugares emblem\u00e1ticos en las d\u00e9cadas de los &#8217;80 y &#8217;90, como Potros o Baco. Generaciones enteras bailaron al ritmo de su m\u00fasica y su alegr\u00eda.<\/p>\n<p>Su repentina muerte provoc\u00f3 enorme tristeza en toda la comunidad, y una de sus hijas lo despidi\u00f3 diciendo: <em>\u201cTe fuiste m\u00ed viejito. Duele, duele mucho y va doler, toda la vida, pero te fuiste feliz, s\u00e9 que s\u00ed y lo sabemos\u2026Que orgullo ser tu hija! Por favor, se me infla el pecho cada vez que alguien se acerca a hablarme de vos, claro, si yo s\u00e9 lo que sos y m\u00e1s. Nos dejaste a todos con el coraz\u00f3n roto, pero a la vez lleno de recuerdos hermosos que nos van a acompa\u00f1ar por siempre&#8230;\u201d.<\/em><\/p>\n<p>Descanse en paz.<\/p>\n","protected":false},"excerpt":{"rendered":"<p>DOLOR POR LA MUERTE DEL BOMBERO VOLUNTARIO CARDALENSE.<\/p>\n","protected":false},"author":3,"featured_media":16048,"comment_status":"open","ping_status":"open","sticky":false,"template":"","format":"standard","meta":{"footnotes":"","jetpack_publicize_message":"","jetpack_publicize_feature_enabled":true,"jetpack_social_post_already_shared":false,"jetpack_social_options":{"image_generator_settings":{"template":"highway","default_image_id":0,"font":"","enabled":false},"version":2}},"categories":[4],"tags":[365,405],"class_list":["post-16044","post","type-post","status-publish","format-standard","has-post-thumbnail","hentry","category-aqui-los-cardales","tag-bomberos","tag-fallecimiento"],"jetpack_publicize_connections":[],"jetpack_featured_media_url":"https:\/\/revistaepocadigital.com.ar\/wp-content\/uploads\/2022\/05\/CI-1.jpg","jetpack_likes_enabled":true,"_links":{"self":[{"href":"https:\/\/revistaepocadigital.com.ar\/index.php?rest_route=\/wp\/v2\/posts\/16044","targetHints":{"allow":["GET"]}}],"collection":[{"href":"https:\/\/revistaepocadigital.com.ar\/index.php?rest_route=\/wp\/v2\/posts"}],"about":[{"href":"https:\/\/revistaepocadigital.com.ar\/index.php?rest_route=\/wp\/v2\/types\/post"}],"author":[{"embeddable":true,"href":"https:\/\/revistaepocadigital.com.ar\/index.php?rest_route=\/wp\/v2\/users\/3"}],"replies":[{"embeddable":true,"href":"https:\/\/revistaepocadigital.com.ar\/index.php?rest_route=%2Fwp%2Fv2%2Fcomments&post=16044"}],"version-history":[{"count":0,"href":"https:\/\/revistaepocadigital.com.ar\/index.php?rest_route=\/wp\/v2\/posts\/16044\/revisions"}],"wp:featuredmedia":[{"embeddable":true,"href":"https:\/\/revistaepocadigital.com.ar\/index.php?rest_route=\/wp\/v2\/media\/16048"}],"wp:attachment":[{"href":"https:\/\/revistaepocadigital.com.ar\/index.php?rest_route=%2Fwp%2Fv2%2Fmedia&parent=16044"}],"wp:term":[{"taxonomy":"category","embeddable":true,"href":"https:\/\/revistaepocadigital.com.ar\/index.php?rest_route=%2Fwp%2Fv2%2Fcategories&post=16044"},{"taxonomy":"post_tag","embeddable":true,"href":"https:\/\/revistaepocadigital.com.ar\/index.php?rest_route=%2Fwp%2Fv2%2Ftags&post=16044"}],"curies":[{"name":"wp","href":"https:\/\/api.w.org\/{rel}","templated":true}]}}