{"id":16056,"date":"2022-05-01T23:00:19","date_gmt":"2022-05-02T02:00:19","guid":{"rendered":"https:\/\/revistaepocadigital.com.ar\/?p=16056"},"modified":"2022-05-03T08:30:39","modified_gmt":"2022-05-03T11:30:39","slug":"hablemos-de-la-biodiversidad","status":"publish","type":"post","link":"https:\/\/revistaepocadigital.com.ar\/?p=16056","title":{"rendered":"Hablemos de la Biodiversidad"},"content":{"rendered":"<p><strong>ES LA DIVERSIVIDAD DE LA VIDA.<\/strong><!--more--><\/p>\n<p>La\u00a0<strong>biodiversidad<\/strong>\u00a0es la diversidad de vida, la variedad de seres vivos que existen en el planeta y las relaciones que establecen entre s\u00ed y con el medio que los rodea. Es el resultado de millones de a\u00f1os de evoluci\u00f3n.<\/p>\n<figure id=\"attachment_16058\" aria-describedby=\"caption-attachment-16058\" style=\"width: 292px\" class=\"wp-caption alignleft\"><img loading=\"lazy\" decoding=\"async\" class=\"size-medium wp-image-16058\" src=\"https:\/\/revistaepocadigital.com.ar\/wp-content\/uploads\/2022\/05\/nunez-a-292x300.png\" alt=\"\" width=\"292\" height=\"300\" srcset=\"https:\/\/revistaepocadigital.com.ar\/wp-content\/uploads\/2022\/05\/nunez-a-292x300.png 292w, https:\/\/revistaepocadigital.com.ar\/wp-content\/uploads\/2022\/05\/nunez-a.png 347w\" sizes=\"auto, (max-width: 292px) 100vw, 292px\" \/><figcaption id=\"caption-attachment-16058\" class=\"wp-caption-text\">Andrea Nu\u00f1ez<\/figcaption><\/figure>\n<p>B\u00e1sicamente esto quiere decir que dentro de un espacio determinado viven en armon\u00eda \u00e1rboles, plantas, aves, insectos, animales, microorganismos, y tambi\u00e9n quien vino a romper esa armon\u00eda el hombre\u2026 el hombre que ha sido el \u00faltimo en llegar, y tambi\u00e9n el que m\u00e1s da\u00f1o ha causado en los ecosistemas del mundo.<\/p>\n<p>Cuando el hombre saca un \u00e1rbol (porque, como en mi caso, no le permit\u00eda guardar el auto) est\u00e1 \u201cllev\u00e1ndose puesto\u201d no s\u00f3lo ese ejemplar, si no todo lo que alrededor de ese \u00e1rbol coexist\u00eda. El p\u00e1jaro que anidaba en su copa, el hongo que viv\u00eda en su corteza, la bacteria que com\u00eda al hongo para que el \u00e1rbol est\u00e9 saludable.<\/p>\n<p>Pensando en esto me di cuenta de lo inconsciente que somos muchos sobre la importancia de la naturaleza que nos rodea.<\/p>\n<p>Escuchamos hablar del calentamiento global, o del desmoste y pensamos que es algo que pasa lejos, y que nunca va a llegar. Pero est\u00e1 llegando.<\/p>\n<p>Los desmontes han llevado a la extinci\u00f3n a cientos de especies aut\u00f3ctonas, la llegada del hombre ha desplazado fauna aut\u00f3ctona de lugares habitados desde hace a\u00f1ares.<\/p>\n<p><img loading=\"lazy\" decoding=\"async\" class=\"aligncenter size-medium wp-image-16061\" src=\"https:\/\/revistaepocadigital.com.ar\/wp-content\/uploads\/2022\/05\/thumbnail-1-300x178.png\" alt=\"\" width=\"300\" height=\"178\" srcset=\"https:\/\/revistaepocadigital.com.ar\/wp-content\/uploads\/2022\/05\/thumbnail-1-300x178.png 300w, https:\/\/revistaepocadigital.com.ar\/wp-content\/uploads\/2022\/05\/thumbnail-1.png 316w\" sizes=\"auto, (max-width: 300px) 100vw, 300px\" \/><\/p>\n<p>\u00bfC\u00f3mo podemos a ayudar para que mantener la biodiversidad dentro de nuestro espacio? Reemplazando cada \u00e1rbol que sacamos por otro, sembrando m\u00e1s \u00e1rboles nativos (son los que desde hace milenios sirven de refugio a la fauna de la zona), no transformando los residuos org\u00e1nicos en basura (las hojas que caen de los \u00e1rboles son un abono buen\u00edsimo, s\u00f3lo hay que dejarlas donde caen o acumularlas en un rinc\u00f3n del jard\u00edn, pronto se transformaran en tierra), sembremos en nuestro jard\u00edn plantas nativas, averig\u00fcemos cuales son aquellas en las que anidan los insectos de la zona. Tratemos de sembrar plantas que durante el a\u00f1o entero sirvan de alimento y refugio de fauna de la zona.<\/p>\n<p>El futuro est\u00e1 llegando.. En \u00e9pocas en donde tratamos de buscar el respeto a la individualidad de cada persona, en \u00e9pocas en donde buscamos el respeto a cada forma de pensar, es hora de que comencemos a respetar aquello que nos mantiene con vida. EL PLANETA requiere urgentemente que comencemos cada uno desde nuestro lugar a respetarlo.<\/p>\n<p><strong>Por Andrea Nu\u00f1ez.<\/strong><\/p>\n<div>\n<div class=\"yiv1834889265gmail_default\">La UNESCO inform\u00f3 su compromiso por la biodiversidad.<\/div>\n<p><a href=\"https:\/\/es.unesco.org\/theme\/biodiversity\" target=\"_blank\" rel=\"nofollow noopener noreferrer\" shape=\"rect\">https:\/\/es.unesco.org\/theme\/biodiversity<\/a><\/p>\n<\/div>\n<div class=\"yiv1834889265gmail_default\"><\/div>\n<p>&nbsp;<\/p>\n<p>&nbsp;<\/p>\n<p>&nbsp;<\/p>\n","protected":false},"excerpt":{"rendered":"<p>ES LA DIVERSIVIDAD DE LA VIDA.<\/p>\n","protected":false},"author":3,"featured_media":16057,"comment_status":"open","ping_status":"open","sticky":false,"template":"","format":"standard","meta":{"footnotes":"","jetpack_publicize_message":"","jetpack_publicize_feature_enabled":true,"jetpack_social_post_already_shared":false,"jetpack_social_options":{"image_generator_settings":{"template":"highway","default_image_id":0,"font":"","enabled":false},"version":2}},"categories":[7],"tags":[1882,37,1883],"class_list":["post-16056","post","type-post","status-publish","format-standard","has-post-thumbnail","hentry","category-columna-de-opinion","tag-biodiversidad","tag-destacada","tag-nunez"],"jetpack_publicize_connections":[],"jetpack_featured_media_url":"https:\/\/revistaepocadigital.com.ar\/wp-content\/uploads\/2022\/05\/thumbnail.png","jetpack_likes_enabled":true,"_links":{"self":[{"href":"https:\/\/revistaepocadigital.com.ar\/index.php?rest_route=\/wp\/v2\/posts\/16056","targetHints":{"allow":["GET"]}}],"collection":[{"href":"https:\/\/revistaepocadigital.com.ar\/index.php?rest_route=\/wp\/v2\/posts"}],"about":[{"href":"https:\/\/revistaepocadigital.com.ar\/index.php?rest_route=\/wp\/v2\/types\/post"}],"author":[{"embeddable":true,"href":"https:\/\/revistaepocadigital.com.ar\/index.php?rest_route=\/wp\/v2\/users\/3"}],"replies":[{"embeddable":true,"href":"https:\/\/revistaepocadigital.com.ar\/index.php?rest_route=%2Fwp%2Fv2%2Fcomments&post=16056"}],"version-history":[{"count":0,"href":"https:\/\/revistaepocadigital.com.ar\/index.php?rest_route=\/wp\/v2\/posts\/16056\/revisions"}],"wp:featuredmedia":[{"embeddable":true,"href":"https:\/\/revistaepocadigital.com.ar\/index.php?rest_route=\/wp\/v2\/media\/16057"}],"wp:attachment":[{"href":"https:\/\/revistaepocadigital.com.ar\/index.php?rest_route=%2Fwp%2Fv2%2Fmedia&parent=16056"}],"wp:term":[{"taxonomy":"category","embeddable":true,"href":"https:\/\/revistaepocadigital.com.ar\/index.php?rest_route=%2Fwp%2Fv2%2Fcategories&post=16056"},{"taxonomy":"post_tag","embeddable":true,"href":"https:\/\/revistaepocadigital.com.ar\/index.php?rest_route=%2Fwp%2Fv2%2Ftags&post=16056"}],"curies":[{"name":"wp","href":"https:\/\/api.w.org\/{rel}","templated":true}]}}