{"id":16069,"date":"2022-05-03T11:34:29","date_gmt":"2022-05-03T14:34:29","guid":{"rendered":"https:\/\/revistaepocadigital.com.ar\/?p=16069"},"modified":"2022-05-03T12:07:22","modified_gmt":"2022-05-03T15:07:22","slug":"hicieron-allanamientos-por-robos-en-robles","status":"publish","type":"post","link":"https:\/\/revistaepocadigital.com.ar\/?p=16069","title":{"rendered":"Hicieron allanamientos por robos en Robles"},"content":{"rendered":"<div dir=\"ltr\"><\/div>\n<div dir=\"ltr\"><\/div>\n<div dir=\"ltr\">Durante el d\u00eda de. 2\/5, a partir de una denuncia por robo el siete de marzo, personal policial de Parada Robles, con apoyo de personal de Capilla del Se\u00f1or y Los Cardales, procedi\u00f3 al cumplimiento de una orden de allanamiento y secuestro en tres domicilios, dos en el barrio Arturo Mateo y uno en el partido de Pilar, dando dos objetivos resultados positivos.<\/div>\n<div dir=\"ltr\"><\/div>\n<div dir=\"ltr\"><\/div>\n<div dir=\"ltr\">A ra\u00edz de los elementos incautados y los elementos probatorios se establece la autor\u00eda de un robo del d\u00eda de la fecha, dando con el encubridor del hecho.<\/div>\n<div dir=\"ltr\"><\/div>\n<div dir=\"ltr\">Vecinos de la zona de Robles y el Barrio Parque El Remanso, no ocultaban su preocupaci\u00f3n por una serie de robos y delitos perpetrados.<\/div>\n","protected":false},"excerpt":{"rendered":"<p>Durante el d\u00eda de. 2\/5, a partir de una denuncia por robo el siete de marzo, personal policial de Parada Robles, con apoyo de personal de Capilla del Se\u00f1or y Los Cardales, procedi\u00f3 al cumplimiento de una orden de allanamiento y secuestro en tres domicilios, dos en el barrio Arturo Mateo y uno en el [&hellip;]<\/p>\n","protected":false},"author":4,"featured_media":16070,"comment_status":"open","ping_status":"open","sticky":false,"template":"","format":"standard","meta":{"footnotes":"","jetpack_publicize_message":"","jetpack_publicize_feature_enabled":true,"jetpack_social_post_already_shared":false,"jetpack_social_options":{"image_generator_settings":{"template":"highway","default_image_id":0,"font":"","enabled":false},"version":2}},"categories":[5,17],"tags":[176],"class_list":["post-16069","post","type-post","status-publish","format-standard","has-post-thumbnail","hentry","category-aqui-parada-robles","category-politica","tag-robos"],"jetpack_publicize_connections":[],"jetpack_featured_media_url":"https:\/\/revistaepocadigital.com.ar\/wp-content\/uploads\/2022\/05\/rob.jpg","jetpack_likes_enabled":true,"_links":{"self":[{"href":"https:\/\/revistaepocadigital.com.ar\/index.php?rest_route=\/wp\/v2\/posts\/16069","targetHints":{"allow":["GET"]}}],"collection":[{"href":"https:\/\/revistaepocadigital.com.ar\/index.php?rest_route=\/wp\/v2\/posts"}],"about":[{"href":"https:\/\/revistaepocadigital.com.ar\/index.php?rest_route=\/wp\/v2\/types\/post"}],"author":[{"embeddable":true,"href":"https:\/\/revistaepocadigital.com.ar\/index.php?rest_route=\/wp\/v2\/users\/4"}],"replies":[{"embeddable":true,"href":"https:\/\/revistaepocadigital.com.ar\/index.php?rest_route=%2Fwp%2Fv2%2Fcomments&post=16069"}],"version-history":[{"count":0,"href":"https:\/\/revistaepocadigital.com.ar\/index.php?rest_route=\/wp\/v2\/posts\/16069\/revisions"}],"wp:featuredmedia":[{"embeddable":true,"href":"https:\/\/revistaepocadigital.com.ar\/index.php?rest_route=\/wp\/v2\/media\/16070"}],"wp:attachment":[{"href":"https:\/\/revistaepocadigital.com.ar\/index.php?rest_route=%2Fwp%2Fv2%2Fmedia&parent=16069"}],"wp:term":[{"taxonomy":"category","embeddable":true,"href":"https:\/\/revistaepocadigital.com.ar\/index.php?rest_route=%2Fwp%2Fv2%2Fcategories&post=16069"},{"taxonomy":"post_tag","embeddable":true,"href":"https:\/\/revistaepocadigital.com.ar\/index.php?rest_route=%2Fwp%2Fv2%2Ftags&post=16069"}],"curies":[{"name":"wp","href":"https:\/\/api.w.org\/{rel}","templated":true}]}}