{"id":16087,"date":"2022-05-04T17:41:12","date_gmt":"2022-05-04T20:41:12","guid":{"rendered":"https:\/\/revistaepocadigital.com.ar\/?p=16087"},"modified":"2022-05-04T18:09:57","modified_gmt":"2022-05-04T21:09:57","slug":"el-paseo-las-tipas-en-capilla-del-senor-se-renueva","status":"publish","type":"post","link":"https:\/\/revistaepocadigital.com.ar\/?p=16087","title":{"rendered":"El Paseo Las Tipas en Capilla del Se\u00f1or se renueva"},"content":{"rendered":"<div class=\"post-header\">\n<h6 class=\"post-byline\"><strong style=\"color: #111111; font-family: Roboto, sans-serif; font-size: 27px;\">El \u201cPrograma de embellecimiento de entornos de estaci\u00f3n de tren\u201d, de Trenes Argentinos, incorpor\u00f3 la obra en el concurrido lugar de la ciudad.<!--more--><\/strong><\/h6>\n<h6 class=\"post-byline\"><strong style=\"color: #111111; font-family: Roboto, sans-serif; font-size: 27px;\">Los recursos se generan, inform\u00f3 el municipio, tras la firma de un convenio con la ADIF.<\/strong><\/h6>\n<h6 class=\"post-byline\">Ell objetivo es dotarlo de infraestructura y transformarlo en un \u00e1rea de esparcimiento multiprop\u00f3sito. Los trabajos resultan del convenio firmado por el intendente Diego Nanni con ADIF (Administrador de Infraestructuras Ferroviarias) en 2021.<\/h6>\n<\/div>\n<p>Es una importante inversi\u00f3n, en torno a los 90 millones de pesos, que apunta a transformar un \u00e1rea de esparcimiento para los vecinos, de tal manera que puedan disfrutar de distintas propuestas, desde el entretenimiento a la cultura.<\/p>\n<div class=\"g g-3\">\n<div class=\"g-dyn a-8 c-1\">Adem\u00e1s, el plan incluye la forestaci\u00f3n integral del predio, permitiendo nuevas \u00e1reas de sombra con vegetaci\u00f3n que respete las especies de la zona. All\u00ed, se va a concientizar sobre el cuidado del medio ambiente y el espacio ser\u00e1 aprovechado para dedicar a la tem\u00e1tica de energ\u00edas alternativas.<\/div>\n<div><\/div>\n<\/div>\n<p>\u00abAl finalizar, el espacio contar\u00e1 con un anfiteatro, un skatepark, una zona para la lectura y descanso con mesas y bancos, un \u00e1rea de juegos para ni\u00f1os, un play\u00f3n multiprop\u00f3sito para el desarrollo de distintas actividades deportivas, y mesas de f\u00fatbol-tenis\u00bb, se\u00f1al\u00f3 Nanni.<\/p>\n<figure id=\"attachment_16100\" aria-describedby=\"caption-attachment-16100\" style=\"width: 576px\" class=\"wp-caption aligncenter\"><img loading=\"lazy\" decoding=\"async\" class=\"size-full wp-image-16100\" src=\"https:\/\/revistaepocadigital.com.ar\/wp-content\/uploads\/2022\/05\/paseo.jpg\" alt=\"\" width=\"576\" height=\"324\" srcset=\"https:\/\/revistaepocadigital.com.ar\/wp-content\/uploads\/2022\/05\/paseo.jpg 576w, https:\/\/revistaepocadigital.com.ar\/wp-content\/uploads\/2022\/05\/paseo-300x169.jpg 300w\" sizes=\"auto, (max-width: 576px) 100vw, 576px\" \/><figcaption id=\"caption-attachment-16100\" class=\"wp-caption-text\">Se trabaja en el lugar<\/figcaption><\/figure>\n<p>Se estima que la obra demandar\u00e1 ocho meses para culminar con la obra civil. El skatepark, conlleva mucha mano de obra y materiales, como as\u00ed tambi\u00e9n, el resto de los playones.<\/p>\n<p>&#8220;Agradecemos por este proyecto a Mart\u00edn Marinucci, presidente de Trenes Argentinos, por sumar una nueva iniciativa para Exaltaci\u00f3n de la Cruz, sum\u00e1ndose a la puesta en valor de estaciones, el reemplazo de v\u00edas y la vuelta del tren a Diego Gaynor que est\u00e1 cerca de concluirse\u00bb.<\/p>\n<p>\u201cDesde hace mucho tiempo venimos tratando de cuidar esos espacios, que por distintas cuestiones legales no hemos podido tomar posesi\u00f3n para poder d\u00e1rselo a la sociedad\u201d, dijo Nanni hace unos meses, en relaci\u00f3n a la ocupaci\u00f3n y toma que se sucedieron en las estaciones de Capilla y Cardales.<\/p>\n<div class=\"sharedaddy sd-sharing-enabled has-twitcounts\">\n<div class=\"robots-nocontent sd-block sd-social sd-social-icon-text sd-sharing\">\n<h3 class=\"sd-title\"><\/h3>\n<\/div>\n<\/div>\n","protected":false},"excerpt":{"rendered":"<p>El \u201cPrograma de embellecimiento de entornos de estaci\u00f3n de tren\u201d, de Trenes Argentinos, incorpor\u00f3 la obra en el concurrido lugar de la ciudad.<\/p>\n","protected":false},"author":3,"featured_media":16099,"comment_status":"open","ping_status":"open","sticky":false,"template":"","format":"standard","meta":{"footnotes":"","jetpack_publicize_message":"","jetpack_publicize_feature_enabled":true,"jetpack_social_post_already_shared":false,"jetpack_social_options":{"image_generator_settings":{"template":"highway","default_image_id":0,"font":"","enabled":false},"version":2}},"categories":[17],"tags":[1884],"class_list":["post-16087","post","type-post","status-publish","format-standard","has-post-thumbnail","hentry","category-politica","tag-paseo-las-tipas"],"jetpack_publicize_connections":[],"jetpack_featured_media_url":"https:\/\/revistaepocadigital.com.ar\/wp-content\/uploads\/2022\/05\/paseoo-1.jpg","jetpack_likes_enabled":true,"_links":{"self":[{"href":"https:\/\/revistaepocadigital.com.ar\/index.php?rest_route=\/wp\/v2\/posts\/16087","targetHints":{"allow":["GET"]}}],"collection":[{"href":"https:\/\/revistaepocadigital.com.ar\/index.php?rest_route=\/wp\/v2\/posts"}],"about":[{"href":"https:\/\/revistaepocadigital.com.ar\/index.php?rest_route=\/wp\/v2\/types\/post"}],"author":[{"embeddable":true,"href":"https:\/\/revistaepocadigital.com.ar\/index.php?rest_route=\/wp\/v2\/users\/3"}],"replies":[{"embeddable":true,"href":"https:\/\/revistaepocadigital.com.ar\/index.php?rest_route=%2Fwp%2Fv2%2Fcomments&post=16087"}],"version-history":[{"count":0,"href":"https:\/\/revistaepocadigital.com.ar\/index.php?rest_route=\/wp\/v2\/posts\/16087\/revisions"}],"wp:featuredmedia":[{"embeddable":true,"href":"https:\/\/revistaepocadigital.com.ar\/index.php?rest_route=\/wp\/v2\/media\/16099"}],"wp:attachment":[{"href":"https:\/\/revistaepocadigital.com.ar\/index.php?rest_route=%2Fwp%2Fv2%2Fmedia&parent=16087"}],"wp:term":[{"taxonomy":"category","embeddable":true,"href":"https:\/\/revistaepocadigital.com.ar\/index.php?rest_route=%2Fwp%2Fv2%2Fcategories&post=16087"},{"taxonomy":"post_tag","embeddable":true,"href":"https:\/\/revistaepocadigital.com.ar\/index.php?rest_route=%2Fwp%2Fv2%2Ftags&post=16087"}],"curies":[{"name":"wp","href":"https:\/\/api.w.org\/{rel}","templated":true}]}}