{"id":16095,"date":"2022-05-04T17:28:20","date_gmt":"2022-05-04T20:28:20","guid":{"rendered":"https:\/\/revistaepocadigital.com.ar\/?p=16095"},"modified":"2022-05-04T17:28:20","modified_gmt":"2022-05-04T20:28:20","slug":"gervasio-lennon-un-gauchazo","status":"publish","type":"post","link":"https:\/\/revistaepocadigital.com.ar\/?p=16095","title":{"rendered":"Gervasio Lennon un gauchazo!"},"content":{"rendered":"<div class=\"content ot-article\">\n<p>EN URUGUAY, en &#8220;<strong>La Semana Criolla<\/strong>&#8220;, en Montevideo.<\/p>\n<p><!--more--><\/p>\n<p>&nbsp;<\/p>\n<p>El exaltacrucense volvi\u00f3 a lucirse, como lo hiciera en el Festival de Jes\u00fas Mar\u00eda donde en 2020, se coron\u00f3 campe\u00f3n.\u00a0<span style=\"color: #111111; font-family: Roboto, sans-serif; font-size: 16px; font-style: italic; text-align: center;\">La Semana Criolla es un evento organizado por la Intendencia de Montevideo desde 1925.\u00a0 Y\u00a0 <\/span><span style=\"color: #111111; font-family: Roboto, sans-serif; font-size: 16px; text-align: center;\">abarca seg\u00fan public\u00f3 La Gaceta de Exaltaci\u00f3n, a una variada propuesta de payadas, espect\u00e1culos art\u00edsticos, concursos de destreza, exposiciones pl\u00e1sticas y artesanales, gastronom\u00eda criolla, productos t\u00edpicos y muestras de servicios municipales.<\/span><\/p>\n<\/div>\n<figure id=\"attachment_16097\" aria-describedby=\"caption-attachment-16097\" style=\"width: 300px\" class=\"wp-caption aligncenter\"><img loading=\"lazy\" decoding=\"async\" class=\"size-medium wp-image-16097\" src=\"https:\/\/revistaepocadigital.com.ar\/wp-content\/uploads\/2022\/05\/gau-300x270.jpg\" alt=\"\" width=\"300\" height=\"270\" srcset=\"https:\/\/revistaepocadigital.com.ar\/wp-content\/uploads\/2022\/05\/gau-300x270.jpg 300w, https:\/\/revistaepocadigital.com.ar\/wp-content\/uploads\/2022\/05\/gau-466x420.jpg 466w, https:\/\/revistaepocadigital.com.ar\/wp-content\/uploads\/2022\/05\/gau.jpg 604w\" sizes=\"auto, (max-width: 300px) 100vw, 300px\" \/><figcaption id=\"caption-attachment-16097\" class=\"wp-caption-text\">Gervasio recibi\u00f3 un merecido reconocimiento del municipio en un acto encabezado por el intendente Nanni.<\/figcaption><\/figure>\n<div class=\"content ot-article\">\n<p>Lennon quedo tercero en la categor\u00eda de Basto Argento, encabezando el listado el cordob\u00e9s Enrique Olariaga seguido por Ignacio Otero \u00a0de Sarand\u00ed del Yi, Durazno. (Uruguay)<\/p>\n<p>La Semana Criolla de Montevideo culmin\u00f3 con la entrega de premios en el escenario Zitarrosa del predio de la Rural del Prado.<\/p>\n<\/div>\n<p>&nbsp;<\/p>\n","protected":false},"excerpt":{"rendered":"<p>EN URUGUAY, en &#8220;La Semana Criolla&#8220;, en Montevideo.<\/p>\n","protected":false},"author":3,"featured_media":16096,"comment_status":"open","ping_status":"open","sticky":false,"template":"","format":"standard","meta":{"footnotes":"","jetpack_publicize_message":"","jetpack_publicize_feature_enabled":true,"jetpack_social_post_already_shared":false,"jetpack_social_options":{"image_generator_settings":{"template":"highway","default_image_id":0,"font":"","enabled":false},"version":2}},"categories":[9],"tags":[],"class_list":["post-16095","post","type-post","status-publish","format-standard","has-post-thumbnail","hentry","category-deportes"],"jetpack_publicize_connections":[],"jetpack_featured_media_url":"https:\/\/revistaepocadigital.com.ar\/wp-content\/uploads\/2022\/05\/lenno.jpg","jetpack_likes_enabled":true,"_links":{"self":[{"href":"https:\/\/revistaepocadigital.com.ar\/index.php?rest_route=\/wp\/v2\/posts\/16095","targetHints":{"allow":["GET"]}}],"collection":[{"href":"https:\/\/revistaepocadigital.com.ar\/index.php?rest_route=\/wp\/v2\/posts"}],"about":[{"href":"https:\/\/revistaepocadigital.com.ar\/index.php?rest_route=\/wp\/v2\/types\/post"}],"author":[{"embeddable":true,"href":"https:\/\/revistaepocadigital.com.ar\/index.php?rest_route=\/wp\/v2\/users\/3"}],"replies":[{"embeddable":true,"href":"https:\/\/revistaepocadigital.com.ar\/index.php?rest_route=%2Fwp%2Fv2%2Fcomments&post=16095"}],"version-history":[{"count":0,"href":"https:\/\/revistaepocadigital.com.ar\/index.php?rest_route=\/wp\/v2\/posts\/16095\/revisions"}],"wp:featuredmedia":[{"embeddable":true,"href":"https:\/\/revistaepocadigital.com.ar\/index.php?rest_route=\/wp\/v2\/media\/16096"}],"wp:attachment":[{"href":"https:\/\/revistaepocadigital.com.ar\/index.php?rest_route=%2Fwp%2Fv2%2Fmedia&parent=16095"}],"wp:term":[{"taxonomy":"category","embeddable":true,"href":"https:\/\/revistaepocadigital.com.ar\/index.php?rest_route=%2Fwp%2Fv2%2Fcategories&post=16095"},{"taxonomy":"post_tag","embeddable":true,"href":"https:\/\/revistaepocadigital.com.ar\/index.php?rest_route=%2Fwp%2Fv2%2Ftags&post=16095"}],"curies":[{"name":"wp","href":"https:\/\/api.w.org\/{rel}","templated":true}]}}