{"id":1611,"date":"2019-02-09T15:39:16","date_gmt":"2019-02-09T18:39:16","guid":{"rendered":"https:\/\/revistaepocadigital.com.ar\/?p=1611"},"modified":"2019-02-09T16:28:39","modified_gmt":"2019-02-09T19:28:39","slug":"manos-a-la-obra-por-luis-niz-y-los-tripulantes-del-ara-san-juan","status":"publish","type":"post","link":"https:\/\/revistaepocadigital.com.ar\/?p=1611","title":{"rendered":"Manos a la obra por Luis Niz y los tripulantes del ARA San Juan"},"content":{"rendered":"<p><strong>\u00a0LA INSTALACION DEL MURAL EN MARCHA.<\/strong><br \/>\n<!--more--><\/p>\n<p>En el lugar anunciado, bajo el puente que vincula a la ruta 8 y la ruta 39, en <strong>Pav\u00f3n, Exaltaci\u00f3n de la Cruz,<\/strong> un grupo de vecinos y familiares, brind\u00f3 su colaboraci\u00f3n para la colocaci\u00f3n del mural que recordar\u00e1 por siempre a los tripulantes del submarino ARA San Juan y en especial a <strong>Luis Niz<\/strong>, el submarinista de Exaltaci\u00f3n de la Cruz, integrante de la tripulaci\u00f3n del hundido submarino <strong>ARA San Juan<\/strong>.<\/p>\n<figure id=\"attachment_1615\" aria-describedby=\"caption-attachment-1615\" style=\"width: 667px\" class=\"wp-caption alignnone\"><img loading=\"lazy\" decoding=\"async\" class=\"size-full wp-image-1615\" src=\"https:\/\/revistaepocadigital.com.ar\/wp-content\/uploads\/2019\/02\/mural-niz1.jpg\" alt=\"\" width=\"667\" height=\"960\" srcset=\"https:\/\/revistaepocadigital.com.ar\/wp-content\/uploads\/2019\/02\/mural-niz1.jpg 667w, https:\/\/revistaepocadigital.com.ar\/wp-content\/uploads\/2019\/02\/mural-niz1-208x300.jpg 208w, https:\/\/revistaepocadigital.com.ar\/wp-content\/uploads\/2019\/02\/mural-niz1-292x420.jpg 292w, https:\/\/revistaepocadigital.com.ar\/wp-content\/uploads\/2019\/02\/mural-niz1-584x840.jpg 584w\" sizes=\"auto, (max-width: 667px) 100vw, 667px\" \/><figcaption id=\"caption-attachment-1615\" class=\"wp-caption-text\">El denodado trabajo sobre la pared bajo el puente.<\/figcaption><\/figure>\n<p>El grupo de vecinos y familiares, junto con la artista <a class=\"profileLink\" href=\"https:\/\/www.facebook.com\/profile.php?id=100010974032003&amp;__tn__=%2CdK-RH-R-R&amp;eid=ARD6_oBQm5yHrU-fYFhU63On1FCu0WXO39MlIgQh11lIJsFkcHGIPRKF-dXT2hnTIiuM5aT5_LAgg_-3&amp;fref=mentions\" data-hovercard=\"\/ajax\/hovercard\/user.php?id=100010974032003&amp;extragetparams=%7B%22__tn__%22%3A%22%2CdK-RH-R-R%22%2C%22eid%22%3A%22ARD6_oBQm5yHrU-fYFhU63On1FCu0WXO39MlIgQh11lIJsFkcHGIPRKF-dXT2hnTIiuM5aT5_LAgg_-3%22%2C%22fref%22%3A%22mentions%22%7D\" data-hovercard-prefer-more-content-show=\"1\">Bettina Sabbatini<\/a>, autora del mural, estuvieron llevando a cabo la dif\u00edcil tarea de armar el mural en homenaje a los tripulantes del Ara San Juan. Muchas manos que se sumaron desinteresadamente para colaborar. La inauguraci\u00f3n es el s\u00e1bado 16 de febrero.<\/p>\n<figure id=\"attachment_1616\" aria-describedby=\"caption-attachment-1616\" style=\"width: 960px\" class=\"wp-caption alignnone\"><img loading=\"lazy\" decoding=\"async\" class=\"size-full wp-image-1616\" src=\"https:\/\/revistaepocadigital.com.ar\/wp-content\/uploads\/2019\/02\/mural-niz2.jpg\" alt=\"\" width=\"960\" height=\"960\" srcset=\"https:\/\/revistaepocadigital.com.ar\/wp-content\/uploads\/2019\/02\/mural-niz2.jpg 960w, https:\/\/revistaepocadigital.com.ar\/wp-content\/uploads\/2019\/02\/mural-niz2-150x150.jpg 150w, https:\/\/revistaepocadigital.com.ar\/wp-content\/uploads\/2019\/02\/mural-niz2-300x300.jpg 300w, https:\/\/revistaepocadigital.com.ar\/wp-content\/uploads\/2019\/02\/mural-niz2-768x768.jpg 768w, https:\/\/revistaepocadigital.com.ar\/wp-content\/uploads\/2019\/02\/mural-niz2-696x696.jpg 696w, https:\/\/revistaepocadigital.com.ar\/wp-content\/uploads\/2019\/02\/mural-niz2-420x420.jpg 420w, https:\/\/revistaepocadigital.com.ar\/wp-content\/uploads\/2019\/02\/mural-niz2-840x840.jpg 840w\" sizes=\"auto, (max-width: 960px) 100vw, 960px\" \/><figcaption id=\"caption-attachment-1616\" class=\"wp-caption-text\">Cada vecino con una tarea.<\/figcaption><\/figure>\n<p>fotos: Facebook Macky Traversa<\/p>\n","protected":false},"excerpt":{"rendered":"<p>\u00a0LA INSTALACION DEL MURAL EN MARCHA.<\/p>\n","protected":false},"author":4,"featured_media":1614,"comment_status":"open","ping_status":"open","sticky":false,"template":"","format":"standard","meta":{"footnotes":"","jetpack_publicize_message":"","jetpack_publicize_feature_enabled":true,"jetpack_social_post_already_shared":false,"jetpack_social_options":{"image_generator_settings":{"template":"highway","default_image_id":0,"font":"","enabled":false},"version":2}},"categories":[13],"tags":[37,159],"class_list":["post-1611","post","type-post","status-publish","format-standard","has-post-thumbnail","hentry","category-interes-general","tag-destacada","tag-luis-niz"],"jetpack_publicize_connections":[],"jetpack_featured_media_url":"https:\/\/revistaepocadigital.com.ar\/wp-content\/uploads\/2019\/02\/mural-niz.jpg","jetpack_likes_enabled":true,"_links":{"self":[{"href":"https:\/\/revistaepocadigital.com.ar\/index.php?rest_route=\/wp\/v2\/posts\/1611","targetHints":{"allow":["GET"]}}],"collection":[{"href":"https:\/\/revistaepocadigital.com.ar\/index.php?rest_route=\/wp\/v2\/posts"}],"about":[{"href":"https:\/\/revistaepocadigital.com.ar\/index.php?rest_route=\/wp\/v2\/types\/post"}],"author":[{"embeddable":true,"href":"https:\/\/revistaepocadigital.com.ar\/index.php?rest_route=\/wp\/v2\/users\/4"}],"replies":[{"embeddable":true,"href":"https:\/\/revistaepocadigital.com.ar\/index.php?rest_route=%2Fwp%2Fv2%2Fcomments&post=1611"}],"version-history":[{"count":0,"href":"https:\/\/revistaepocadigital.com.ar\/index.php?rest_route=\/wp\/v2\/posts\/1611\/revisions"}],"wp:featuredmedia":[{"embeddable":true,"href":"https:\/\/revistaepocadigital.com.ar\/index.php?rest_route=\/wp\/v2\/media\/1614"}],"wp:attachment":[{"href":"https:\/\/revistaepocadigital.com.ar\/index.php?rest_route=%2Fwp%2Fv2%2Fmedia&parent=1611"}],"wp:term":[{"taxonomy":"category","embeddable":true,"href":"https:\/\/revistaepocadigital.com.ar\/index.php?rest_route=%2Fwp%2Fv2%2Fcategories&post=1611"},{"taxonomy":"post_tag","embeddable":true,"href":"https:\/\/revistaepocadigital.com.ar\/index.php?rest_route=%2Fwp%2Fv2%2Ftags&post=1611"}],"curies":[{"name":"wp","href":"https:\/\/api.w.org\/{rel}","templated":true}]}}