{"id":16114,"date":"2022-05-12T02:12:37","date_gmt":"2022-05-12T05:12:37","guid":{"rendered":"https:\/\/revistaepocadigital.com.ar\/?p=16114"},"modified":"2022-05-13T16:25:15","modified_gmt":"2022-05-13T19:25:15","slug":"mataron-a-un-hombre-en-cardales","status":"publish","type":"post","link":"https:\/\/revistaepocadigital.com.ar\/?p=16114","title":{"rendered":"El asesinato del vecino frente al Country Los Cardales. Identificaron al posible autor"},"content":{"rendered":"<div class=\"kvgmc6g5 cxmmr5t8 oygrvhab hcukyx3x c1et5uql ii04i59q\">\n<div dir=\"auto\"><\/div>\n<div dir=\"auto\">\n<div class=\"\" dir=\"auto\">\n<div id=\"jsc_c_118\" class=\"ecm0bbzt hv4rvrfc ihqw7lf3 dati1w0a\" data-ad-comet-preview=\"message\" data-ad-preview=\"message\">\n<div class=\"j83agx80 cbu4d94t ew0dbk1b irj2b8pg\">\n<div class=\"qzhwtbm6 knvmm38d\">\n<div class=\"kvgmc6g5 cxmmr5t8 oygrvhab hcukyx3x c1et5uql ii04i59q\">\n<div dir=\"auto\"><strong>CONMOVI\u00d3 LA MUERTE DE PATRICIO GLAVE.<!--more--><\/strong><\/div>\n<\/div>\n<\/div>\n<\/div>\n<div dir=\"auto\"><\/div>\n<div class=\"j83agx80 cbu4d94t ew0dbk1b irj2b8pg\">\n<div class=\"qzhwtbm6 knvmm38d\">\n<div class=\"cxmmr5t8 oygrvhab hcukyx3x c1et5uql o9v6fnle ii04i59q\">\n<div dir=\"auto\">La visualizaci\u00f3n de c\u00e1maras de seguridad, p\u00fablicas y privadas, m\u00e1s testimonios de unos testigos, permitieron a los investigadores establecer la presunta identidad del asesino del vecino. Se tratar\u00eda de un hombre de 52 a\u00f1os, quien era buscado por la Polic\u00eda, seg\u00fan lo informado por Campana Noticias.<\/div>\n<\/div>\n<div class=\"cxmmr5t8 oygrvhab hcukyx3x c1et5uql o9v6fnle ii04i59q\">\n<div dir=\"auto\"><\/div>\n<div dir=\"auto\">Los investigadores allanaron dos viviendas y dos locales comerciales en la zona de Caseros y Villa Bosch, con resultado negativo, si bien incaut\u00e1ndose elementos de valor probatorio como vestimenta y tel\u00e9fonos celulares. Tambi\u00e9n inform\u00f3 el mencionado medio period\u00edstico, que el ataque se pudo haber originado en una discusi\u00f3n\u00a0 por un incidente de tr\u00e1nsito.<\/div>\n<div dir=\"auto\"><\/div>\n<\/div>\n<div class=\"cxmmr5t8 oygrvhab hcukyx3x c1et5uql o9v6fnle ii04i59q\">\n<div dir=\"auto\">La investigaci\u00f3n exhaustiva efectuada por la UFI N\u00b02, a cargo del Dr. Mat\u00edas Ferreir\u00f3s, dio un importante avance al esclarecimiento del crimen de Patricio Glave, asesinado a balazos en la Ruta 4, a la altura del Country Los Cardales.<\/div>\n<div dir=\"auto\"><\/div>\n<\/div>\n<div class=\"cxmmr5t8 oygrvhab hcukyx3x c1et5uql o9v6fnle ii04i59q\">\n<div dir=\"auto\">Si bien aun no se logr\u00f3 su detenci\u00f3n, se incautaron elementos de valor probatorio como la roa que vest\u00eda al momento del hecho, y tel\u00e9fonos celulares.<\/div>\n<\/div>\n<div class=\"cxmmr5t8 oygrvhab hcukyx3x c1et5uql o9v6fnle ii04i59q\">\n<div dir=\"auto\">A su vez, se logr\u00f3 acreditar los dichos de testigos, y tras el resultado de la autopsia, que al huir el homicida arroll\u00f3 el cuerpo de su v\u00edctima.<\/div>\n<\/div>\n<div class=\"cxmmr5t8 oygrvhab hcukyx3x c1et5uql o9v6fnle ii04i59q\">\n<div dir=\"auto\"><\/div>\n<\/div>\n<\/div>\n<\/div>\n<\/div>\n<\/div>\n<div id=\"jsc_c_119\" class=\"l9j0dhe7\">\n<div class=\"l9j0dhe7\">\n<div class=\"bp9cbjyn cwj9ozl2 j83agx80 cbu4d94t ni8dbmo4 stjgntxs l9j0dhe7 k4urcfbm\">\n<div class=\"do00u71z ni8dbmo4 stjgntxs l9j0dhe7\"><\/div>\n<\/div>\n<\/div>\n<\/div>\n<\/div>\n<div dir=\"auto\"><\/div>\n<div dir=\"auto\"><\/div>\n<div dir=\"auto\"><\/div>\n<div dir=\"auto\"><\/div>\n<div dir=\"auto\"><\/div>\n<div dir=\"auto\" style=\"text-align: center;\"><strong>&#8212;&#8212;&#8212;&#8212;&#8212;&#8212;&#8212;&#8212;&#8212;&#8212;&#8212;&#8212;&#8212;-<\/strong><\/div>\n<div dir=\"auto\"><\/div>\n<div dir=\"auto\"><strong>EL HECHO EN LOS MEDIOS NACIONALES DE INFORMACI\u00d3N. COMUNICADO DE LA FAMILIA<\/strong><\/div>\n<\/div>\n<p><!--more--><\/p>\n<div dir=\"auto\"><\/div>\n<div dir=\"auto\">Consign\u00f3 La Gaceta de Exaltaci\u00f3n acerca del asesinato del vecino del Barrio Sakura, Patricio Glave.<\/div>\n<div class=\"kvgmc6g5 cxmmr5t8 oygrvhab hcukyx3x c1et5uql ii04i59q\">\n<div dir=\"auto\">\n<div class=\"cxmmr5t8 oygrvhab hcukyx3x c1et5uql o9v6fnle ii04i59q\">\n<div dir=\"auto\">En la noche del viernes (6\/5), frente al Cuntry Club Los Cardales fue asesinado el empresario Patricio Glave (44). La v\u00edctima recibi\u00f3 al menos dos disparos, efectuados desde un veh\u00edculo utilitario cuyos ocupantes a\u00fan no fueron identificados.<\/div>\n<\/div>\n<div class=\"cxmmr5t8 oygrvhab hcukyx3x c1et5uql o9v6fnle ii04i59q\">\n<div dir=\"auto\">Seg\u00fan trascendi\u00f3, se manejaban dos hip\u00f3tesis: pudo haberse tratado de un ajuste de cuentas (cuyas causas se desconocen), o de un crimen provocado por una discusi\u00f3n de tr\u00e1nsito. La probabilidad de que haya sido un intento de robo est\u00e1 pr\u00e1cticamente descartada.<\/div>\n<\/div>\n<div class=\"cxmmr5t8 oygrvhab hcukyx3x c1et5uql o9v6fnle ii04i59q\">\n<div dir=\"auto\">Por lo pronto, se determin\u00f3 que el veh\u00edculo de los agresores no ten\u00eda patente trasera. Solo pose\u00eda la chapa delantera y las c\u00e1maras no pudieron captarla.<\/div>\n<\/div>\n<div class=\"cxmmr5t8 oygrvhab hcukyx3x c1et5uql o9v6fnle ii04i59q\">\n<div dir=\"auto\">La causa fue caratulada como &#8220;homicidio agravado&#8221; e interviene la Fiscal\u00eda de Instrucci\u00f3n 2 de Campana, que le tom\u00f3 declaraci\u00f3n a familiares y amigos de la v\u00edctima.<\/div>\n<\/div>\n<div class=\"cxmmr5t8 oygrvhab hcukyx3x c1et5uql o9v6fnle ii04i59q\">\n<div dir=\"auto\">Miembro de una familia numerosa, Glave era el quinto de seis hermanos varones. Era padre de dos hijas, y junto a un socio era propietario de una empresa fabricante de aberturas de aluminio.<\/div>\n<\/div>\n<\/div>\n<\/div>\n<div dir=\"auto\"><\/div>\n<div dir=\"auto\"><\/div>\n<div dir=\"auto\"><img loading=\"lazy\" decoding=\"async\" class=\"aligncenter size-full wp-image-16134\" src=\"https:\/\/revistaepocadigital.com.ar\/wp-content\/uploads\/2022\/05\/gaa.jpg\" alt=\"\" width=\"756\" height=\"1280\" srcset=\"https:\/\/revistaepocadigital.com.ar\/wp-content\/uploads\/2022\/05\/gaa.jpg 756w, https:\/\/revistaepocadigital.com.ar\/wp-content\/uploads\/2022\/05\/gaa-177x300.jpg 177w, https:\/\/revistaepocadigital.com.ar\/wp-content\/uploads\/2022\/05\/gaa-709x1200.jpg 709w, https:\/\/revistaepocadigital.com.ar\/wp-content\/uploads\/2022\/05\/gaa-696x1178.jpg 696w, https:\/\/revistaepocadigital.com.ar\/wp-content\/uploads\/2022\/05\/gaa-248x420.jpg 248w, https:\/\/revistaepocadigital.com.ar\/wp-content\/uploads\/2022\/05\/gaa-496x840.jpg 496w\" sizes=\"auto, (max-width: 756px) 100vw, 756px\" \/><\/div>\n<div dir=\"auto\"><\/div>\n<div class=\"kvgmc6g5 cxmmr5t8 oygrvhab hcukyx3x c1et5uql ii04i59q\">\n<div dir=\"auto\" style=\"text-align: center;\"><\/div>\n<div dir=\"auto\" style=\"text-align: center;\"><strong>&#8212;&#8212;&#8212;&#8212;&#8212;&#8212;&#8212;&#8212;&#8212;&#8212;&#8212;<\/strong><\/div>\n<div dir=\"auto\"><\/div>\n<div dir=\"auto\"><\/div>\n<div dir=\"auto\"><\/div>\n<div dir=\"auto\"><strong>UN HECHO MUY GRAVE Y PREOCUPANTE.<!--more--><\/strong><\/div>\n<div dir=\"auto\"><\/div>\n<div dir=\"auto\">Un hombre fue asesinado en el ingreso al conocido Country Los Cardales en la noche del 6\/5. Seg\u00fan consign\u00f3 el medio La Gaceta de Exaltaci\u00f3n, se trat\u00f3 de Patricio Gleva, de 45 a\u00f1os, vecino residente en la zona de Pav\u00f3n, quien fue baleado luego de al parecer una fuerte discusi\u00f3n con otra persona que pas\u00f3 por el lugar conduciendo un utilitario blanco.<\/div>\n<\/div>\n<div class=\"cxmmr5t8 oygrvhab hcukyx3x c1et5uql o9v6fnle ii04i59q\">\n<div dir=\"auto\"><\/div>\n<div dir=\"auto\">En las primeras horas, luego de sucedido el hecho, no se supieron los m\u00f3viles del mortal ataque. La v\u00edctirma hab\u00eda recibido tres disparos, dos en el torax\u00a0 y uno en un brazo. Una vez que el hombre se encontr\u00f3 en el piso, quien le dispar\u00f3 podria haberlo pasado por encima del cuerpo<\/div>\n<div dir=\"auto\"><\/div>\n<div dir=\"auto\">Foto gentileza La Gaceeta de Exaltaci\u00f3n.<\/div>\n<\/div>\n","protected":false},"excerpt":{"rendered":"<p>CONMOVI\u00d3 LA MUERTE DE PATRICIO GLAVE.<\/p>\n","protected":false},"author":3,"featured_media":16194,"comment_status":"open","ping_status":"open","sticky":false,"template":"","format":"standard","meta":{"footnotes":"","jetpack_publicize_message":"","jetpack_publicize_feature_enabled":true,"jetpack_social_post_already_shared":false,"jetpack_social_options":{"image_generator_settings":{"template":"highway","default_image_id":0,"font":"","enabled":false},"version":2}},"categories":[13],"tags":[1885,1886],"class_list":["post-16114","post","type-post","status-publish","format-standard","has-post-thumbnail","hentry","category-interes-general","tag-asesinato","tag-cardalles"],"jetpack_publicize_connections":[],"jetpack_featured_media_url":"https:\/\/revistaepocadigital.com.ar\/wp-content\/uploads\/2022\/05\/glave.jpg","jetpack_likes_enabled":true,"_links":{"self":[{"href":"https:\/\/revistaepocadigital.com.ar\/index.php?rest_route=\/wp\/v2\/posts\/16114","targetHints":{"allow":["GET"]}}],"collection":[{"href":"https:\/\/revistaepocadigital.com.ar\/index.php?rest_route=\/wp\/v2\/posts"}],"about":[{"href":"https:\/\/revistaepocadigital.com.ar\/index.php?rest_route=\/wp\/v2\/types\/post"}],"author":[{"embeddable":true,"href":"https:\/\/revistaepocadigital.com.ar\/index.php?rest_route=\/wp\/v2\/users\/3"}],"replies":[{"embeddable":true,"href":"https:\/\/revistaepocadigital.com.ar\/index.php?rest_route=%2Fwp%2Fv2%2Fcomments&post=16114"}],"version-history":[{"count":0,"href":"https:\/\/revistaepocadigital.com.ar\/index.php?rest_route=\/wp\/v2\/posts\/16114\/revisions"}],"wp:featuredmedia":[{"embeddable":true,"href":"https:\/\/revistaepocadigital.com.ar\/index.php?rest_route=\/wp\/v2\/media\/16194"}],"wp:attachment":[{"href":"https:\/\/revistaepocadigital.com.ar\/index.php?rest_route=%2Fwp%2Fv2%2Fmedia&parent=16114"}],"wp:term":[{"taxonomy":"category","embeddable":true,"href":"https:\/\/revistaepocadigital.com.ar\/index.php?rest_route=%2Fwp%2Fv2%2Fcategories&post=16114"},{"taxonomy":"post_tag","embeddable":true,"href":"https:\/\/revistaepocadigital.com.ar\/index.php?rest_route=%2Fwp%2Fv2%2Ftags&post=16114"}],"curies":[{"name":"wp","href":"https:\/\/api.w.org\/{rel}","templated":true}]}}